{"id":4253,"date":"2015-11-11T18:04:54","date_gmt":"2015-11-11T23:04:54","guid":{"rendered":"http:\/\/www.clubdescollectionneursenartsvisuelsdequebec.com\/?p=4253"},"modified":"2015-11-28T18:28:31","modified_gmt":"2015-11-28T23:28:31","slug":"gaspesie-human-less-terre-dadoption-terre-de-refuge-terre-dexiles","status":"publish","type":"post","link":"https:\/\/galeriebecot.com\/?p=4253","title":{"rendered":"Gasp\u00e9sie human less | Terre d\u2019adoption, terre de refuge, terre d\u2019exil\u00e9s"},"content":{"rendered":"<p><a href=\"http:\/\/www.guillaumedcyr.com\/\"><img loading=\"lazy\" decoding=\"async\" class=\"alignnone size-full wp-image-4260\" src=\"https:\/\/www.galeriebecot.com\/wp-content\/uploads\/2015\/11\/Cyr.jpg\" alt=\"Cyr\" width=\"288\" height=\"390\" srcset=\"https:\/\/galeriebecot.com\/wp-content\/uploads\/2015\/11\/Cyr.jpg 288w, https:\/\/galeriebecot.com\/wp-content\/uploads\/2015\/11\/Cyr-222x300.jpg 222w\" sizes=\"auto, (max-width: 288px) 100vw, 288px\" \/><\/a><\/p>\n<p>S\u00e9lectionner\u00a0l&rsquo;image pour le\u00a0Studio Guillaume D.Cyr.<\/p>\n<p><a href=\"http:\/\/www.lafabriqueculturelle.tv\/capsules\/6247\/gaspesie-human-less-terre-d-adoption-terre-de-refuge-terre-d-exiles\">Yana Ouellet et Guillaume D. Cyr, deux amoureux, deux artistes passionn\u00e9s par la photo. De cette chimie, est n\u00e9 Gasp\u00e9sie human less, un projet photographique en trois parties, \u00e0 la fois esth\u00e9tique et r\u00e9fl\u00e9chi.<\/a><\/p>\n<p><a href=\"http:\/\/www.lafabriqueculturelle.tv\/capsules\/6247\/gaspesie-human-less-terre-d-adoption-terre-de-refuge-terre-d-exiles\">Yana, artiste multidisciplinaire et Guillaume, photographe ont parcouru des centaines de kilom\u00e8tres dans les terres et sur la c\u00f4te de la p\u00e9ninsule \u00e0 la recherche de lieux abandonn\u00e9s et d\u2019ain\u00e9s dispos\u00e9s \u00e0 partager leurs histoires.<\/a><\/p>\n<blockquote><p><em>Les images cherchent \u00e0 se faire d\u00e9couvrir, tels des coins de pays \u00e0 d\u00e9fricher.\u00a0<\/em>Yana Ouellet<\/p><\/blockquote>\n<p>L\u2019installation photographique Gasp\u00e9sie human less est pr\u00e9sent\u00e9e au<a href=\"http:\/\/www.vasteetvague.ca\/fr\/\" target=\"_blank\">Centre d\u2019artistes Vaste et Vague<\/a>\u00a0de Carleton-sur-Mer jusqu\u2019au 19 d\u00e9cembre 2015. Le projet existe \u00e9galement sous forme d\u2019un livre ainsi que d\u2019un film photographique, dont la musique originale est compos\u00e9e par Yana Ouellet.<\/p>\n<h1><\/h1>\n","protected":false},"excerpt":{"rendered":"<p>S\u00e9lectionner\u00a0l&rsquo;image pour le\u00a0Studio Guillaume D.Cyr. Yana Ouellet et Guillaume D. Cyr, deux amoureux, deux artistes passionn\u00e9s par la photo. De cette chimie, est n\u00e9 Gasp\u00e9sie human less, un projet photographique&hellip; <\/p>\n","protected":false},"author":1,"featured_media":0,"comment_status":"open","ping_status":"open","sticky":false,"template":"","format":"standard","meta":{"_exactmetrics_skip_tracking":false,"_exactmetrics_sitenote_active":false,"_exactmetrics_sitenote_note":"","_exactmetrics_sitenote_category":0,"footnotes":""},"categories":[20,27],"tags":[34,744,66,743,58,40,742],"class_list":["post-4253","post","type-post","status-publish","format-standard","hentry","category-article-descriptif","category-artistes","tag-andre-becot","tag-centre-dartistes-vaste-et-vague","tag-club-des-collectionneurs-en-arts-visuels-de-quebec-studio-becot","tag-guillaume-d-cyr","tag-marc-bellemare-collectionneur","tag-visuals-arts","tag-yana-ouellet"],"_links":{"self":[{"href":"https:\/\/galeriebecot.com\/index.php?rest_route=\/wp\/v2\/posts\/4253","targetHints":{"allow":["GET"]}}],"collection":[{"href":"https:\/\/galeriebecot.com\/index.php?rest_route=\/wp\/v2\/posts"}],"about":[{"href":"https:\/\/galeriebecot.com\/index.php?rest_route=\/wp\/v2\/types\/post"}],"author":[{"embeddable":true,"href":"https:\/\/galeriebecot.com\/index.php?rest_route=\/wp\/v2\/users\/1"}],"replies":[{"embeddable":true,"href":"https:\/\/galeriebecot.com\/index.php?rest_route=%2Fwp%2Fv2%2Fcomments&post=4253"}],"version-history":[{"count":10,"href":"https:\/\/galeriebecot.com\/index.php?rest_route=\/wp\/v2\/posts\/4253\/revisions"}],"predecessor-version":[{"id":4266,"href":"https:\/\/galeriebecot.com\/index.php?rest_route=\/wp\/v2\/posts\/4253\/revisions\/4266"}],"wp:attachment":[{"href":"https:\/\/galeriebecot.com\/index.php?rest_route=%2Fwp%2Fv2%2Fmedia&parent=4253"}],"wp:term":[{"taxonomy":"category","embeddable":true,"href":"https:\/\/galeriebecot.com\/index.php?rest_route=%2Fwp%2Fv2%2Fcategories&post=4253"},{"taxonomy":"post_tag","embeddable":true,"href":"https:\/\/galeriebecot.com\/index.php?rest_route=%2Fwp%2Fv2%2Ftags&post=4253"}],"curies":[{"name":"wp","href":"https:\/\/api.w.org\/{rel}","templated":true}]}}