{"id":4121,"date":"2015-11-04T11:39:48","date_gmt":"2015-11-04T16:39:48","guid":{"rendered":"http:\/\/www.clubdescollectionneursenartsvisuelsdequebec.com\/?p=4121"},"modified":"2015-11-04T11:49:16","modified_gmt":"2015-11-04T16:49:16","slug":"luce-meunier-expose","status":"publish","type":"post","link":"https:\/\/galeriebecot.com\/?p=4121","title":{"rendered":"Luce Meunier expose&#8230;.."},"content":{"rendered":"<p><a href=\"http:\/\/www.galerieantoineertaskiran.com\/\"><img loading=\"lazy\" decoding=\"async\" class=\"alignnone size-full wp-image-4122\" src=\"https:\/\/www.galeriebecot.com\/wp-content\/uploads\/2015\/11\/home_2015-10-15-Ertaskiran-Meunier-010_frontpage.jpg\" alt=\"home_2015-10-15-Ertaskiran-Meunier-010_frontpage\" width=\"670\" height=\"504\" srcset=\"https:\/\/galeriebecot.com\/wp-content\/uploads\/2015\/11\/home_2015-10-15-Ertaskiran-Meunier-010_frontpage.jpg 670w, https:\/\/galeriebecot.com\/wp-content\/uploads\/2015\/11\/home_2015-10-15-Ertaskiran-Meunier-010_frontpage-300x226.jpg 300w\" sizes=\"auto, (max-width: 670px) 100vw, 670px\" \/><\/a><\/p>\n<p>Luce Meunier,Lignes de courant<\/p>\n<p>jusqu&rsquo;au 28 novembre 2015<\/p>\n<p><a href=\"https:\/\/www.galeriebecot.com\/wp-content\/uploads\/2015\/11\/Galerie-Antoine-Ertaskiran.jpg\"><img loading=\"lazy\" decoding=\"async\" class=\"alignnone size-full wp-image-4124\" src=\"https:\/\/www.galeriebecot.com\/wp-content\/uploads\/2015\/11\/Galerie-Antoine-Ertaskiran.jpg\" alt=\"Galerie Antoine Ertaskiran\" width=\"300\" height=\"225\" \/><\/a><\/p>\n<p>La galerie Antoine Ertaskiran est situ\u00e9e dans un ancien entrep\u00f4t, au c\u0153ur du quartier Griffintown de Montr\u00e9al.<\/p>\n<p>La galerie se concentre sur les artistes contemporains \u00e9mergents et reconnus de la sc\u00e8ne montr\u00e9alaise, canadienne et internationale.<\/p>\n<p>Antoine Ertaskiran, propri\u00e9taire et directeur<\/p>\n<p>Anne Roger, directrice des expositions<\/p>\n<p>&nbsp;<\/p>\n","protected":false},"excerpt":{"rendered":"<p>Luce Meunier,Lignes de courant jusqu&rsquo;au 28 novembre 2015 La galerie Antoine Ertaskiran est situ\u00e9e dans un ancien entrep\u00f4t, au c\u0153ur du quartier Griffintown de Montr\u00e9al. La galerie se concentre sur&hellip; <\/p>\n","protected":false},"author":1,"featured_media":0,"comment_status":"open","ping_status":"open","sticky":false,"template":"","format":"standard","meta":{"_exactmetrics_skip_tracking":false,"_exactmetrics_sitenote_active":false,"_exactmetrics_sitenote_note":"","_exactmetrics_sitenote_category":0,"footnotes":""},"categories":[27,19],"tags":[34,67,66,693,692,58,37,40],"class_list":["post-4121","post","type-post","status-publish","format-standard","hentry","category-artistes","category-vernissage","tag-andre-becot","tag-club-des-collectionneurs-en-arts-visuels-de-quebec-marc-bellemare","tag-club-des-collectionneurs-en-arts-visuels-de-quebec-studio-becot","tag-galerie-antoine-ertaskiran","tag-luce-meunier","tag-marc-bellemare-collectionneur","tag-studio-becot","tag-visuals-arts"],"_links":{"self":[{"href":"https:\/\/galeriebecot.com\/index.php?rest_route=\/wp\/v2\/posts\/4121","targetHints":{"allow":["GET"]}}],"collection":[{"href":"https:\/\/galeriebecot.com\/index.php?rest_route=\/wp\/v2\/posts"}],"about":[{"href":"https:\/\/galeriebecot.com\/index.php?rest_route=\/wp\/v2\/types\/post"}],"author":[{"embeddable":true,"href":"https:\/\/galeriebecot.com\/index.php?rest_route=\/wp\/v2\/users\/1"}],"replies":[{"embeddable":true,"href":"https:\/\/galeriebecot.com\/index.php?rest_route=%2Fwp%2Fv2%2Fcomments&post=4121"}],"version-history":[{"count":4,"href":"https:\/\/galeriebecot.com\/index.php?rest_route=\/wp\/v2\/posts\/4121\/revisions"}],"predecessor-version":[{"id":4127,"href":"https:\/\/galeriebecot.com\/index.php?rest_route=\/wp\/v2\/posts\/4121\/revisions\/4127"}],"wp:attachment":[{"href":"https:\/\/galeriebecot.com\/index.php?rest_route=%2Fwp%2Fv2%2Fmedia&parent=4121"}],"wp:term":[{"taxonomy":"category","embeddable":true,"href":"https:\/\/galeriebecot.com\/index.php?rest_route=%2Fwp%2Fv2%2Fcategories&post=4121"},{"taxonomy":"post_tag","embeddable":true,"href":"https:\/\/galeriebecot.com\/index.php?rest_route=%2Fwp%2Fv2%2Ftags&post=4121"}],"curies":[{"name":"wp","href":"https:\/\/api.w.org\/{rel}","templated":true}]}}