{"id":4096,"date":"2022-04-30T15:04:00","date_gmt":"2022-04-30T19:04:00","guid":{"rendered":"http:\/\/www.clubdescollectionneursenartsvisuelsdequebec.com\/?p=4096"},"modified":"2022-05-01T10:48:09","modified_gmt":"2022-05-01T14:48:09","slug":"galerie-3","status":"publish","type":"post","link":"https:\/\/galeriebecot.com\/?p=4096","title":{"rendered":"Fran\u00e7ois Morelli chez Galeri 3"},"content":{"rendered":"\n<p class=\"wp-block-paragraph\">Le <strong>Club des collectionneurs en arts visuels de Qu\u00e9bec<\/strong> est fier de s&rsquo;associer \u00e0 la vid\u00e9aste <strong>R\u00e9jeanne Lamothe<\/strong> pour la pr\u00e9sentation d&rsquo;une entrevue intime avec l&rsquo;artiste interdisciplinaire <strong>Fran\u00e7ois Morelli.<\/strong><\/p>\n\n\n\n<p class=\"wp-block-paragraph\"><strong><a href=\"https:\/\/michelparent.com\/club\/\">Inscription en ligne<\/a><\/strong><\/p>\n\n\n\n<p class=\"wp-block-paragraph\"><strong>au Club des Collectionneurs en Arts Visuels de Qu\u00e9be<\/strong>c&nbsp;<\/p>\n\n\n\n<figure class=\"wp-block-image\"><a href=\"https:\/\/michelparent.com\/club\/\"><img loading=\"lazy\" decoding=\"async\" width=\"54\" height=\"50\" src=\"https:\/\/www.galeriebecot.com\/wp-content\/uploads\/2020\/12\/Inscription-1.jpg\" alt=\"\" class=\"wp-image-13892\"\/><\/a><\/figure>\n\n\n\n<figure class=\"wp-block-image size-large\"><a href=\"https:\/\/www.galeriebecot.com\/wp-content\/uploads\/2022\/05\/Morelli1.jpg\"><img loading=\"lazy\" decoding=\"async\" width=\"1024\" height=\"840\" src=\"https:\/\/www.galeriebecot.com\/wp-content\/uploads\/2022\/05\/Morelli1-1024x840.jpg\" alt=\"\" class=\"wp-image-16073\" srcset=\"https:\/\/galeriebecot.com\/wp-content\/uploads\/2022\/05\/Morelli1-1024x840.jpg 1024w, https:\/\/galeriebecot.com\/wp-content\/uploads\/2022\/05\/Morelli1-300x246.jpg 300w, https:\/\/galeriebecot.com\/wp-content\/uploads\/2022\/05\/Morelli1-768x630.jpg 768w, https:\/\/galeriebecot.com\/wp-content\/uploads\/2022\/05\/Morelli1.jpg 1224w\" sizes=\"auto, (max-width: 1024px) 100vw, 1024px\" \/><\/a><\/figure>\n\n\n\n<figure class=\"wp-block-image size-large\"><a href=\"https:\/\/www.galeriebecot.com\/wp-content\/uploads\/2022\/05\/Morelli2.jpg\"><img loading=\"lazy\" decoding=\"async\" width=\"1024\" height=\"590\" src=\"https:\/\/www.galeriebecot.com\/wp-content\/uploads\/2022\/05\/Morelli2-1024x590.jpg\" alt=\"\" class=\"wp-image-16074\" srcset=\"https:\/\/galeriebecot.com\/wp-content\/uploads\/2022\/05\/Morelli2-1024x590.jpg 1024w, https:\/\/galeriebecot.com\/wp-content\/uploads\/2022\/05\/Morelli2-300x173.jpg 300w, https:\/\/galeriebecot.com\/wp-content\/uploads\/2022\/05\/Morelli2-768x442.jpg 768w, https:\/\/galeriebecot.com\/wp-content\/uploads\/2022\/05\/Morelli2.jpg 1512w\" sizes=\"auto, (max-width: 1024px) 100vw, 1024px\" \/><\/a><\/figure>\n\n\n\n<figure class=\"wp-block-image size-large\"><a href=\"https:\/\/www.galeriebecot.com\/wp-content\/uploads\/2022\/05\/Morelli3.jpg\"><img loading=\"lazy\" decoding=\"async\" width=\"1024\" height=\"216\" src=\"https:\/\/www.galeriebecot.com\/wp-content\/uploads\/2022\/05\/Morelli3-1024x216.jpg\" alt=\"\" class=\"wp-image-16076\" srcset=\"https:\/\/galeriebecot.com\/wp-content\/uploads\/2022\/05\/Morelli3-1024x216.jpg 1024w, https:\/\/galeriebecot.com\/wp-content\/uploads\/2022\/05\/Morelli3-300x63.jpg 300w, https:\/\/galeriebecot.com\/wp-content\/uploads\/2022\/05\/Morelli3-768x162.jpg 768w, https:\/\/galeriebecot.com\/wp-content\/uploads\/2022\/05\/Morelli3-1536x324.jpg 1536w, https:\/\/galeriebecot.com\/wp-content\/uploads\/2022\/05\/Morelli3.jpg 1813w\" sizes=\"auto, (max-width: 1024px) 100vw, 1024px\" \/><\/a><\/figure>\n\n\n\n<figure class=\"wp-block-embed is-type-video is-provider-vimeo wp-block-embed-vimeo\"><div class=\"wp-block-embed__wrapper\">\n<iframe loading=\"lazy\" title=\"le dessin au del&amp;agrave; du r&amp;eacute;el  jan 2021\" src=\"https:\/\/player.vimeo.com\/video\/554881090?h=af2d1f7a39&amp;dnt=1&amp;app_id=122963\" width=\"700\" height=\"394\" frameborder=\"0\" allow=\"autoplay; fullscreen; picture-in-picture\" allowfullscreen><\/iframe>\n<\/div><\/figure>\n\n\n\n<p class=\"wp-block-paragraph\"><a href=\"https:\/\/vimeo.com\/554881090\">Le dessin au del\u00e0 du r\u00e9el<\/a> par <a href=\"https:\/\/vimeo.com\/user16905035\">R\u00e9jeanne Lamothe<\/a> . Fran\u00e7ois Morelli.<\/p>\n\n\n\n<figure class=\"wp-block-image size-large\"><a href=\"https:\/\/www.galeriebecot.com\/wp-content\/uploads\/2022\/04\/Morelli1.jpg\"><img loading=\"lazy\" decoding=\"async\" width=\"737\" height=\"1024\" src=\"https:\/\/www.galeriebecot.com\/wp-content\/uploads\/2022\/04\/Morelli1-737x1024.jpg\" alt=\"\" class=\"wp-image-16055\" srcset=\"https:\/\/galeriebecot.com\/wp-content\/uploads\/2022\/04\/Morelli1-737x1024.jpg 737w, https:\/\/galeriebecot.com\/wp-content\/uploads\/2022\/04\/Morelli1-216x300.jpg 216w, https:\/\/galeriebecot.com\/wp-content\/uploads\/2022\/04\/Morelli1-768x1067.jpg 768w, https:\/\/galeriebecot.com\/wp-content\/uploads\/2022\/04\/Morelli1.jpg 1080w\" sizes=\"auto, (max-width: 737px) 100vw, 737px\" \/><\/a><\/figure>\n\n\n\n<p class=\"wp-block-paragraph\">Du 29 avril au 29 mai 2022. Ouverture vendredi le 29 avril, d\u00e8s 17h, en pr\u00e9sence de l&rsquo;artiste.<\/p>\n\n\n\n<figure class=\"wp-block-image size-large\"><a href=\"https:\/\/www.galeriebecot.com\/wp-content\/uploads\/2022\/04\/Morelli2.jpg\"><img loading=\"lazy\" decoding=\"async\" width=\"623\" height=\"1024\" src=\"https:\/\/www.galeriebecot.com\/wp-content\/uploads\/2022\/04\/Morelli2-623x1024.jpg\" alt=\"\" class=\"wp-image-16056\" srcset=\"https:\/\/galeriebecot.com\/wp-content\/uploads\/2022\/04\/Morelli2-623x1024.jpg 623w, https:\/\/galeriebecot.com\/wp-content\/uploads\/2022\/04\/Morelli2-182x300.jpg 182w, https:\/\/galeriebecot.com\/wp-content\/uploads\/2022\/04\/Morelli2-768x1263.jpg 768w, https:\/\/galeriebecot.com\/wp-content\/uploads\/2022\/04\/Morelli2-934x1536.jpg 934w, https:\/\/galeriebecot.com\/wp-content\/uploads\/2022\/04\/Morelli2.jpg 936w\" sizes=\"auto, (max-width: 623px) 100vw, 623px\" \/><\/a><\/figure>\n\n\n\n<figure class=\"wp-block-image size-large\"><a href=\"https:\/\/www.galeriebecot.com\/wp-content\/uploads\/2022\/04\/Morelli3.jpg\"><img loading=\"lazy\" decoding=\"async\" width=\"693\" height=\"1024\" src=\"https:\/\/www.galeriebecot.com\/wp-content\/uploads\/2022\/04\/Morelli3-693x1024.jpg\" alt=\"\" class=\"wp-image-16058\" srcset=\"https:\/\/galeriebecot.com\/wp-content\/uploads\/2022\/04\/Morelli3-693x1024.jpg 693w, https:\/\/galeriebecot.com\/wp-content\/uploads\/2022\/04\/Morelli3-203x300.jpg 203w, https:\/\/galeriebecot.com\/wp-content\/uploads\/2022\/04\/Morelli3-768x1135.jpg 768w, https:\/\/galeriebecot.com\/wp-content\/uploads\/2022\/04\/Morelli3.jpg 1008w\" sizes=\"auto, (max-width: 693px) 100vw, 693px\" \/><\/a><\/figure>\n\n\n\n<p class=\"wp-block-paragraph\">Claudie <strong>Gagnon<\/strong> ; Prix <strong>Videre<\/strong> : <em>Reconnaissance en arts visuels<\/em>.<\/p>\n\n\n\n<p class=\"wp-block-paragraph\">Am\u00e9lie <strong>Proulx<\/strong> : Prix <strong>Videre<\/strong> : <em>Cr\u00e9ation en arts visuels<\/em>.<\/p>\n\n\n\n<figure class=\"wp-block-image size-large\"><a href=\"https:\/\/www.galeriebecot.com\/wp-content\/uploads\/2021\/11\/Gagnon-Proulx.jpg\"><img loading=\"lazy\" decoding=\"async\" width=\"1024\" height=\"714\" src=\"https:\/\/www.galeriebecot.com\/wp-content\/uploads\/2021\/11\/Gagnon-Proulx-1024x714.jpg\" alt=\"\" class=\"wp-image-15087\" srcset=\"https:\/\/galeriebecot.com\/wp-content\/uploads\/2021\/11\/Gagnon-Proulx-1024x714.jpg 1024w, https:\/\/galeriebecot.com\/wp-content\/uploads\/2021\/11\/Gagnon-Proulx-300x209.jpg 300w, https:\/\/galeriebecot.com\/wp-content\/uploads\/2021\/11\/Gagnon-Proulx-768x536.jpg 768w, https:\/\/galeriebecot.com\/wp-content\/uploads\/2021\/11\/Gagnon-Proulx-1536x1071.jpg 1536w, https:\/\/galeriebecot.com\/wp-content\/uploads\/2021\/11\/Gagnon-Proulx-330x230.jpg 330w, https:\/\/galeriebecot.com\/wp-content\/uploads\/2021\/11\/Gagnon-Proulx.jpg 1974w\" sizes=\"auto, (max-width: 1024px) 100vw, 1024px\" \/><\/a><\/figure>\n\n\n<p><a href=\"https:\/\/www.galeriebecot.com\/wp-content\/uploads\/2015\/10\/Doyon1.jpg\" rel=\"attachment wp-att-4965\"><img loading=\"lazy\" decoding=\"async\" class=\"alignnone size-full wp-image-4965\" src=\"https:\/\/www.galeriebecot.com\/wp-content\/uploads\/2015\/10\/Doyon1.jpg\" alt=\"Doyon1\" width=\"657\" height=\"1007\" srcset=\"https:\/\/galeriebecot.com\/wp-content\/uploads\/2015\/10\/Doyon1.jpg 657w, https:\/\/galeriebecot.com\/wp-content\/uploads\/2015\/10\/Doyon1-196x300.jpg 196w\" sizes=\"auto, (max-width: 657px) 100vw, 657px\" \/><\/a><\/p>\n<p>Doyon-Rivest, Floril\u00e8ge Overload 1<strong><em>,<\/em><\/strong>&nbsp;2016.<br>La galerie 3 pr\u00e9sente<a href=\"https:\/\/www.galeriebecot.com\/wp-content\/uploads\/2015\/10\/Doyon2.jpg\" rel=\"attachment wp-att-4966\"><img loading=\"lazy\" decoding=\"async\" class=\"alignnone size-full wp-image-4966\" src=\"https:\/\/www.galeriebecot.com\/wp-content\/uploads\/2015\/10\/Doyon2.jpg\" alt=\"Doyon2\" width=\"634\" height=\"986\" srcset=\"https:\/\/galeriebecot.com\/wp-content\/uploads\/2015\/10\/Doyon2.jpg 634w, https:\/\/galeriebecot.com\/wp-content\/uploads\/2015\/10\/Doyon2-193x300.jpg 193w\" sizes=\"auto, (max-width: 634px) 100vw, 634px\" \/><\/a><\/p>\n<p>Doyon-Rivest,<\/p>\n<p>Vernissage le 13 mai 2016.<\/p>\n<p><a href=\"https:\/\/www.galeriebecot.com\/wp-content\/uploads\/2015\/10\/Galerie-3.jpg\"><img loading=\"lazy\" decoding=\"async\" class=\"alignnone size-large wp-image-4097\" src=\"https:\/\/www.galeriebecot.com\/wp-content\/uploads\/2015\/10\/Galerie-3-633x1024.jpg\" alt=\"Courriel Web\" width=\"633\" height=\"1024\" srcset=\"https:\/\/galeriebecot.com\/wp-content\/uploads\/2015\/10\/Galerie-3-633x1024.jpg 633w, https:\/\/galeriebecot.com\/wp-content\/uploads\/2015\/10\/Galerie-3-185x300.jpg 185w, https:\/\/galeriebecot.com\/wp-content\/uploads\/2015\/10\/Galerie-3.jpg 965w\" sizes=\"auto, (max-width: 633px) 100vw, 633px\" \/><\/a><\/p>\n<p><a href=\"https:\/\/www.galeriebecot.com\/wp-content\/uploads\/2015\/10\/galerie3_2.jpg\"><img loading=\"lazy\" decoding=\"async\" class=\"alignnone wp-image-4098\" src=\"https:\/\/www.galeriebecot.com\/wp-content\/uploads\/2015\/10\/galerie3_2-970x1024.jpg\" alt=\"Courriel Web\" width=\"633\" height=\"726\"><\/a><\/p>\n<p><\/p>\n<p>La galerie 3 pr\u00e9sente<\/p>\n<p>GRAEME PATTERSON_(<em>Starling Cage).<\/em><\/p>\n<p>Du 30 octobre au 29 novembre 2015.<\/p>\n<p>Vernissage le 30 octobre.<\/p>\n<p>de 19h \u00e0 22h<\/p>\n<p>en pr\u00e9sence de l&rsquo;artiste.<\/p>","protected":false},"excerpt":{"rendered":"<p>Le Club des collectionneurs en arts visuels de Qu\u00e9bec est fier de s&rsquo;associer \u00e0 la vid\u00e9aste R\u00e9jeanne Lamothe pour la pr\u00e9sentation d&rsquo;une entrevue intime avec l&rsquo;artiste interdisciplinaire Fran\u00e7ois Morelli. Inscription&hellip; <\/p>\n","protected":false},"author":1,"featured_media":0,"comment_status":"open","ping_status":"open","sticky":false,"template":"","format":"standard","meta":{"_exactmetrics_skip_tracking":false,"_exactmetrics_sitenote_active":false,"_exactmetrics_sitenote_note":"","_exactmetrics_sitenote_category":0,"footnotes":""},"categories":[27,19],"tags":[34,66,1044,681,479,58,37,40],"class_list":["post-4096","post","type-post","status-publish","format-standard","hentry","category-artistes","category-vernissage","tag-andre-becot","tag-club-des-collectionneurs-en-arts-visuels-de-quebec-studio-becot","tag-doyon-rivest","tag-galerie-3","tag-graeme-patterson","tag-marc-bellemare-collectionneur","tag-studio-becot","tag-visuals-arts"],"_links":{"self":[{"href":"https:\/\/galeriebecot.com\/index.php?rest_route=\/wp\/v2\/posts\/4096","targetHints":{"allow":["GET"]}}],"collection":[{"href":"https:\/\/galeriebecot.com\/index.php?rest_route=\/wp\/v2\/posts"}],"about":[{"href":"https:\/\/galeriebecot.com\/index.php?rest_route=\/wp\/v2\/types\/post"}],"author":[{"embeddable":true,"href":"https:\/\/galeriebecot.com\/index.php?rest_route=\/wp\/v2\/users\/1"}],"replies":[{"embeddable":true,"href":"https:\/\/galeriebecot.com\/index.php?rest_route=%2Fwp%2Fv2%2Fcomments&post=4096"}],"version-history":[{"count":24,"href":"https:\/\/galeriebecot.com\/index.php?rest_route=\/wp\/v2\/posts\/4096\/revisions"}],"predecessor-version":[{"id":16080,"href":"https:\/\/galeriebecot.com\/index.php?rest_route=\/wp\/v2\/posts\/4096\/revisions\/16080"}],"wp:attachment":[{"href":"https:\/\/galeriebecot.com\/index.php?rest_route=%2Fwp%2Fv2%2Fmedia&parent=4096"}],"wp:term":[{"taxonomy":"category","embeddable":true,"href":"https:\/\/galeriebecot.com\/index.php?rest_route=%2Fwp%2Fv2%2Fcategories&post=4096"},{"taxonomy":"post_tag","embeddable":true,"href":"https:\/\/galeriebecot.com\/index.php?rest_route=%2Fwp%2Fv2%2Ftags&post=4096"}],"curies":[{"name":"wp","href":"https:\/\/api.w.org\/{rel}","templated":true}]}}