{"id":4079,"date":"2025-04-15T17:16:00","date_gmt":"2025-04-15T21:16:00","guid":{"rendered":"http:\/\/www.clubdescollectionneursenartsvisuelsdequebec.com\/?p=4079"},"modified":"2025-04-16T15:45:02","modified_gmt":"2025-04-16T19:45:02","slug":"roberto-pellegrinuzzi-expose-au-centre-culturel-de-luniversite-de-sherbrooke","status":"publish","type":"post","link":"https:\/\/galeriebecot.com\/?p=4079","title":{"rendered":"Collectif  \u00c9tudiant.es en arts visuels \/ arts et technologies  en exposition \u00e0 la Galerie d&rsquo;art Antoine-Sirois _ Universit\u00e9 de Sherbrooke"},"content":{"rendered":"\n<figure class=\"wp-block-image size-full\"><a href=\"https:\/\/galerieudes.ca\/expositions\/la-trame-de-linvisible\/\"><img loading=\"lazy\" decoding=\"async\" width=\"720\" height=\"192\" src=\"https:\/\/www.galeriebecot.com\/wp-content\/uploads\/2025\/04\/UDS.jpg\" alt=\"\" class=\"wp-image-20461\" srcset=\"https:\/\/galeriebecot.com\/wp-content\/uploads\/2025\/04\/UDS.jpg 720w, https:\/\/galeriebecot.com\/wp-content\/uploads\/2025\/04\/UDS-300x80.jpg 300w\" sizes=\"auto, (max-width: 720px) 100vw, 720px\" \/><\/a><\/figure>\n\n\n\n<figure class=\"wp-block-image size-large\"><a href=\"https:\/\/galerieudes.ca\/expositions\/la-trame-de-linvisible\/\"><img loading=\"lazy\" decoding=\"async\" width=\"1024\" height=\"611\" src=\"https:\/\/www.galeriebecot.com\/wp-content\/uploads\/2025\/04\/Christine-Nadeau-1024x611.jpg\" alt=\"\" class=\"wp-image-20458\" srcset=\"https:\/\/galeriebecot.com\/wp-content\/uploads\/2025\/04\/Christine-Nadeau-1024x611.jpg 1024w, https:\/\/galeriebecot.com\/wp-content\/uploads\/2025\/04\/Christine-Nadeau-300x179.jpg 300w, https:\/\/galeriebecot.com\/wp-content\/uploads\/2025\/04\/Christine-Nadeau-768x458.jpg 768w, https:\/\/galeriebecot.com\/wp-content\/uploads\/2025\/04\/Christine-Nadeau.jpg 1224w\" sizes=\"auto, (max-width: 1024px) 100vw, 1024px\" \/><\/a><\/figure>\n\n\n<p><a href=\"https:\/\/www.galeriebecot.com\/wp-content\/uploads\/2015\/10\/Roberto-1.jpg\"><img loading=\"lazy\" decoding=\"async\" class=\"alignnone size-large wp-image-4080\" src=\"https:\/\/www.galeriebecot.com\/wp-content\/uploads\/2015\/10\/Roberto-1-969x1024.jpg\" alt=\"Roberto-1\" width=\"700\" height=\"740\" srcset=\"https:\/\/galeriebecot.com\/wp-content\/uploads\/2015\/10\/Roberto-1-969x1024.jpg 969w, https:\/\/galeriebecot.com\/wp-content\/uploads\/2015\/10\/Roberto-1-284x300.jpg 284w, https:\/\/galeriebecot.com\/wp-content\/uploads\/2015\/10\/Roberto-1.jpg 1190w\" sizes=\"auto, (max-width: 700px) 100vw, 700px\" \/><\/a><\/p>\n<p>F\u00e9licitations \u00e0 Christine <strong>NADEAU<\/strong>. Oeuvre s\u00e9lectionn\u00e9e au vernissage du<strong>15 Avril 2025<\/strong> \u00a0et invitation \u00e0 exposer au CUFE.<\/p>\n<p>Tous les ans, la Galerie d\u2019art <strong>Antoine-Sirois<\/strong> s\u2019engage \u00e0 pr\u00e9senter la prochaine g\u00e9n\u00e9ration d\u2019artistes visuels de la r\u00e9gion. La collaboration r\u00e9currente avec le certificat en arts visuels de l\u2019Universit\u00e9 de Sherbrooke constitue un moment phare de l\u2019ann\u00e9e o\u00f9 communaut\u00e9 \u00e9tudiante et grand public se rencontrent.<\/p>\n<p>\u00ab <em>La trame de l\u2019invisible<\/em> explore les connexions qui fa\u00e7onnent notre monde. Elle se tisse entre le pass\u00e9 et le pr\u00e9sent, portant en elle l\u2019espoir pour l\u2019avenir. \u00bb<\/p>\n<p>M\u00e9moires \u00a0ROBERTO <strong>PELLEGRINUZI,<\/strong><\/p>\n<p>Galerie d&rsquo;art de l&rsquo;universit\u00e9 de Sherbrooke<\/p>\n<p>Vernissage le jeudi 29 octobre 2015 \u00e0 17 h<\/p>","protected":false},"excerpt":{"rendered":"<p>F\u00e9licitations \u00e0 Christine NADEAU. Oeuvre s\u00e9lectionn\u00e9e au vernissage du15 Avril 2025 \u00a0et invitation \u00e0 exposer au CUFE. Tous les ans, la Galerie d\u2019art Antoine-Sirois s\u2019engage \u00e0 pr\u00e9senter la prochaine g\u00e9n\u00e9ration&hellip; <\/p>\n","protected":false},"author":1,"featured_media":0,"comment_status":"open","ping_status":"open","sticky":false,"template":"","format":"standard","meta":{"_exactmetrics_skip_tracking":false,"_exactmetrics_sitenote_active":false,"_exactmetrics_sitenote_note":"","_exactmetrics_sitenote_category":0,"footnotes":""},"categories":[18,19],"tags":[34,43,35,680,33,58,679,37,40],"class_list":["post-4079","post","type-post","status-publish","format-standard","hentry","category-evenement","category-vernissage","tag-andre-becot","tag-arts-visuels","tag-foire-en-arts-actuel","tag-galerie-de-luniversite-de-sherbrooke","tag-marc-bellemare","tag-marc-bellemare-collectionneur","tag-roberto-pellegrinuzzi","tag-studio-becot","tag-visuals-arts"],"_links":{"self":[{"href":"https:\/\/galeriebecot.com\/index.php?rest_route=\/wp\/v2\/posts\/4079","targetHints":{"allow":["GET"]}}],"collection":[{"href":"https:\/\/galeriebecot.com\/index.php?rest_route=\/wp\/v2\/posts"}],"about":[{"href":"https:\/\/galeriebecot.com\/index.php?rest_route=\/wp\/v2\/types\/post"}],"author":[{"embeddable":true,"href":"https:\/\/galeriebecot.com\/index.php?rest_route=\/wp\/v2\/users\/1"}],"replies":[{"embeddable":true,"href":"https:\/\/galeriebecot.com\/index.php?rest_route=%2Fwp%2Fv2%2Fcomments&post=4079"}],"version-history":[{"count":9,"href":"https:\/\/galeriebecot.com\/index.php?rest_route=\/wp\/v2\/posts\/4079\/revisions"}],"predecessor-version":[{"id":20471,"href":"https:\/\/galeriebecot.com\/index.php?rest_route=\/wp\/v2\/posts\/4079\/revisions\/20471"}],"wp:attachment":[{"href":"https:\/\/galeriebecot.com\/index.php?rest_route=%2Fwp%2Fv2%2Fmedia&parent=4079"}],"wp:term":[{"taxonomy":"category","embeddable":true,"href":"https:\/\/galeriebecot.com\/index.php?rest_route=%2Fwp%2Fv2%2Fcategories&post=4079"},{"taxonomy":"post_tag","embeddable":true,"href":"https:\/\/galeriebecot.com\/index.php?rest_route=%2Fwp%2Fv2%2Ftags&post=4079"}],"curies":[{"name":"wp","href":"https:\/\/api.w.org\/{rel}","templated":true}]}}