{"id":3989,"date":"2015-11-11T14:05:47","date_gmt":"2015-11-11T19:05:47","guid":{"rendered":"http:\/\/www.clubdescollectionneursenartsvisuelsdequebec.com\/?p=3989"},"modified":"2015-11-26T14:38:49","modified_gmt":"2015-11-26T19:38:49","slug":"devoilement-des-18-artistes-de-la-3e-foire-en-art-actuel-de-quebec","status":"publish","type":"post","link":"https:\/\/galeriebecot.com\/?p=3989","title":{"rendered":"D\u00e9voilement des 18 artistes de la 3e Foire en art actuel de Qu\u00e9bec (22 au 25 octobre)"},"content":{"rendered":"<p><a href=\"http:\/\/foireartactuel.com\/\"><img loading=\"lazy\" decoding=\"async\" class=\"alignnone size-full wp-image-3990\" src=\"https:\/\/www.galeriebecot.com\/wp-content\/uploads\/2015\/10\/Foireactuel.jpg\" alt=\"Foireactuel\" width=\"870\" height=\"334\" srcset=\"https:\/\/galeriebecot.com\/wp-content\/uploads\/2015\/10\/Foireactuel.jpg 870w, https:\/\/galeriebecot.com\/wp-content\/uploads\/2015\/10\/Foireactuel-300x115.jpg 300w\" sizes=\"auto, (max-width: 870px) 100vw, 870px\" \/><\/a><\/p>\n<div class=\"views-field views-field-title\">\n<h2 class=\"field-content\">La 3e Foire en art actuel de Qu\u00e9bec : c&rsquo;est bient\u00f4t!<\/h2>\n<\/div>\n<div class=\"views-field views-field-body\">\n<div class=\"field-content\">\n<p>C&rsquo;est sous la pr\u00e9sidence d&rsquo;honneur de Me Marc Bellemare que se tiendra la 3e Foire en art actuel de Qu\u00e9bec, en collaboration avec le centre d\u2019artistes l\u2019\u0152il de Poisson, partenaire majeur de l\u2019\u00e9v\u00e9nement.<\/p>\n<p><a href=\"https:\/\/www.galeriebecot.com\/wp-content\/uploads\/2015\/10\/Marc.jpg\"><img loading=\"lazy\" decoding=\"async\" class=\"alignnone size-full wp-image-4084\" src=\"https:\/\/www.galeriebecot.com\/wp-content\/uploads\/2015\/10\/Marc.jpg\" alt=\"Marc\" width=\"720\" height=\"481\" srcset=\"https:\/\/galeriebecot.com\/wp-content\/uploads\/2015\/10\/Marc.jpg 720w, https:\/\/galeriebecot.com\/wp-content\/uploads\/2015\/10\/Marc-300x200.jpg 300w\" sizes=\"auto, (max-width: 720px) 100vw, 720px\" \/><\/a><\/p>\n<p>Discours d&rsquo;ouverture: Me Marc Bellemare (pr\u00e9sident d&rsquo;honneur) 22 octobre 2015<\/p>\n<p>Date : du 22 au 25 octobre 2015<\/p>\n<p>Lieu : l\u2019\u0152il de Poisson, 541, rue De Saint-Vallier Est<\/p>\n<p>Vernissage VIP : le jeudi 22 octobre de 17h \u00e0 20h<\/p>\n<p>Pour avoir le premier choix et encourager l&rsquo;\u00e9v\u00e9nement, r\u00e9servez vos billets au co\u00fbt de 70$ par\u00a0<a href=\"http:\/\/www.foireartactuel.com\/contact\">courriel<\/a>\u00a0ou sur Paypal.<\/p>\n<p>D\u00e9p\u00eachez-vous ; les quantit\u00e9s sont limit\u00e9es!<\/p>\n<\/div>\n<\/div>\n<ul>\n<li><a href=\"http:\/\/foireartactuel.com\/\">Sarah Booth, Qu\u00e9bec<\/a><\/li>\n<li><a href=\"http:\/\/foireartactuel.com\/\">Martin Bureau, Qu\u00e9bec<\/a><\/li>\n<li><a href=\"http:\/\/foireartactuel.com\/\">Marie-Andr\u00e9e C\u00f4t\u00e9, Montr\u00e9al (Deux-Montagnes)<\/a><\/li>\n<li><a href=\"http:\/\/foireartactuel.com\/\">Jean-Robert Drouillard, Qu\u00e9bec<\/a><\/li>\n<li><a href=\"http:\/\/foireartactuel.com\/\">Marie Gilbert, Qu\u00e9bec<\/a><\/li>\n<li><a href=\"http:\/\/foireartactuel.com\/\">Jos\u00e9e Landry Sirois, Qu\u00e9bec<\/a><\/li>\n<li><a href=\"http:\/\/foireartactuel.com\/\">Julien Lebargy, Qu\u00e9bec<\/a><\/li>\n<li><a href=\"http:\/\/foireartactuel.com\/\">M\u00e9riol Lehmann, Qu\u00e9bec<\/a><\/li>\n<li><a href=\"http:\/\/foireartactuel.com\/\">Catherine McInnis, Qu\u00e9bec<\/a><\/li>\n<li><a href=\"http:\/\/foireartactuel.com\/\">Charles-Fr\u00e9d\u00e9rick Ouellet, Qu\u00e9bec<\/a><\/li>\n<li><a href=\"http:\/\/foireartactuel.com\/\">Elisabeth Picard, Montr\u00e9al<\/a><\/li>\n<li><a href=\"http:\/\/foireartactuel.com\/\">Julie Picard, Qu\u00e9bec<\/a><\/li>\n<li><a href=\"http:\/\/foireartactuel.com\/\">Emilie Proulx, Qu\u00e9bec<\/a><\/li>\n<li><a href=\"http:\/\/foireartactuel.com\/\">Rober Racine, Montr\u00e9al<\/a><\/li>\n<li><a href=\"http:\/\/foireartactuel.com\/\">Jean-Jules Soucy, Saguenay<\/a><\/li>\n<li><a href=\"http:\/\/foireartactuel.com\/\">Bill Vincent, Qu\u00e9bec<\/a><\/li>\n<li><a href=\"http:\/\/foireartactuel.com\/\">Mathieu Valade, Saguenay<\/a><\/li>\n<li><a href=\"http:\/\/foireartactuel.com\/\">Giorgia Volpe, Qu\u00e9bec<\/a><\/li>\n<\/ul>\n<p><a href=\"https:\/\/www.galeriebecot.com\/wp-content\/uploads\/2015\/10\/Foire-1.jpg\"><img loading=\"lazy\" decoding=\"async\" class=\"alignnone size-large wp-image-4247\" src=\"https:\/\/www.galeriebecot.com\/wp-content\/uploads\/2015\/10\/Foire-1-1024x977.jpg\" alt=\"La 3e Foire en art actuel de Qu\u008ebec couronn\u008ee de succ\u008fs\" width=\"700\" height=\"668\" srcset=\"https:\/\/galeriebecot.com\/wp-content\/uploads\/2015\/10\/Foire-1-1024x977.jpg 1024w, https:\/\/galeriebecot.com\/wp-content\/uploads\/2015\/10\/Foire-1-300x286.jpg 300w, https:\/\/galeriebecot.com\/wp-content\/uploads\/2015\/10\/Foire-1.jpg 1198w\" sizes=\"auto, (max-width: 700px) 100vw, 700px\" \/><\/a><\/p>\n<p><a href=\"https:\/\/www.galeriebecot.com\/wp-content\/uploads\/2015\/10\/Foire-2.jpg\"><img loading=\"lazy\" decoding=\"async\" class=\"alignnone size-large wp-image-4248\" src=\"https:\/\/www.galeriebecot.com\/wp-content\/uploads\/2015\/10\/Foire-2-1024x195.jpg\" alt=\"La 3e Foire en art actuel de Qu\u008ebec couronn\u008ee de succ\u008fs\" width=\"700\" height=\"133\" srcset=\"https:\/\/galeriebecot.com\/wp-content\/uploads\/2015\/10\/Foire-2-1024x195.jpg 1024w, https:\/\/galeriebecot.com\/wp-content\/uploads\/2015\/10\/Foire-2-300x57.jpg 300w, https:\/\/galeriebecot.com\/wp-content\/uploads\/2015\/10\/Foire-2.jpg 1200w\" sizes=\"auto, (max-width: 700px) 100vw, 700px\" \/><\/a><\/p>\n<p>&nbsp;<\/p>\n","protected":false},"excerpt":{"rendered":"<p>La 3e Foire en art actuel de Qu\u00e9bec : c&rsquo;est bient\u00f4t! C&rsquo;est sous la pr\u00e9sidence d&rsquo;honneur de Me Marc Bellemare que se tiendra la 3e Foire en art actuel de&hellip; <\/p>\n","protected":false},"author":1,"featured_media":0,"comment_status":"open","ping_status":"open","sticky":false,"template":"","format":"standard","meta":{"_exactmetrics_skip_tracking":false,"_exactmetrics_sitenote_active":false,"_exactmetrics_sitenote_note":"","_exactmetrics_sitenote_category":0,"footnotes":""},"categories":[20,27,18,19],"tags":[34,316,417,667,6,668,669,661,35,499,671,48,665,441,396,58,663,664,211,672,666,670,662,37,40],"class_list":["post-3989","post","type-post","status-publish","format-standard","hentry","category-article-descriptif","category-artistes","category-evenement","category-vernissage","tag-andre-becot","tag-bill-vincent","tag-catherine-mcinnis","tag-charles-frederick-ouellet","tag-club-des-collectionneurs-en-arts-visuels-de-quebec","tag-elisabeth-picard","tag-emilie-proulx","tag-foire-en-art-actuel-de-quebec","tag-foire-en-arts-actuel","tag-giorgia-volpe","tag-jean-jules-soucy","tag-jean-robert-drouillard","tag-josee-landry-sirois","tag-julie-picard","tag-julien-lebargy","tag-marc-bellemare-collectionneur","tag-marie-andree-cote","tag-marie-gilbert","tag-martin-bureau","tag-mathieu-valade","tag-meriol-lehmann","tag-rober-racine","tag-sarah-booth","tag-studio-becot","tag-visuals-arts"],"_links":{"self":[{"href":"https:\/\/galeriebecot.com\/index.php?rest_route=\/wp\/v2\/posts\/3989","targetHints":{"allow":["GET"]}}],"collection":[{"href":"https:\/\/galeriebecot.com\/index.php?rest_route=\/wp\/v2\/posts"}],"about":[{"href":"https:\/\/galeriebecot.com\/index.php?rest_route=\/wp\/v2\/types\/post"}],"author":[{"embeddable":true,"href":"https:\/\/galeriebecot.com\/index.php?rest_route=\/wp\/v2\/users\/1"}],"replies":[{"embeddable":true,"href":"https:\/\/galeriebecot.com\/index.php?rest_route=%2Fwp%2Fv2%2Fcomments&post=3989"}],"version-history":[{"count":9,"href":"https:\/\/galeriebecot.com\/index.php?rest_route=\/wp\/v2\/posts\/3989\/revisions"}],"predecessor-version":[{"id":4249,"href":"https:\/\/galeriebecot.com\/index.php?rest_route=\/wp\/v2\/posts\/3989\/revisions\/4249"}],"wp:attachment":[{"href":"https:\/\/galeriebecot.com\/index.php?rest_route=%2Fwp%2Fv2%2Fmedia&parent=3989"}],"wp:term":[{"taxonomy":"category","embeddable":true,"href":"https:\/\/galeriebecot.com\/index.php?rest_route=%2Fwp%2Fv2%2Fcategories&post=3989"},{"taxonomy":"post_tag","embeddable":true,"href":"https:\/\/galeriebecot.com\/index.php?rest_route=%2Fwp%2Fv2%2Ftags&post=3989"}],"curies":[{"name":"wp","href":"https:\/\/api.w.org\/{rel}","templated":true}]}}