{"id":3939,"date":"2016-01-08T14:49:18","date_gmt":"2016-01-08T19:49:18","guid":{"rendered":"http:\/\/www.clubdescollectionneursenartsvisuelsdequebec.com\/?p=3939"},"modified":"2016-01-26T14:13:22","modified_gmt":"2016-01-26T19:13:22","slug":"3939","status":"publish","type":"post","link":"https:\/\/galeriebecot.com\/?p=3939","title":{"rendered":"Conf\u00e9rence avec Marcel Barbeau le mardi 22 septembre 2015"},"content":{"rendered":"<p><a href=\"https:\/\/www.galeriebecot.com\/wp-content\/uploads\/2015\/01\/Club1-1.jpg\"><img loading=\"lazy\" decoding=\"async\" class=\"alignnone size-large wp-image-3040\" src=\"https:\/\/www.galeriebecot.com\/wp-content\/uploads\/2015\/01\/Club1-1-947x1024.jpg\" alt=\"Sans titre\" width=\"700\" height=\"757\" srcset=\"https:\/\/galeriebecot.com\/wp-content\/uploads\/2015\/01\/Club1-1-947x1024.jpg 947w, https:\/\/galeriebecot.com\/wp-content\/uploads\/2015\/01\/Club1-1-278x300.jpg 278w, https:\/\/galeriebecot.com\/wp-content\/uploads\/2015\/01\/Club1-1.jpg 1200w\" sizes=\"auto, (max-width: 700px) 100vw, 700px\" \/><\/a><\/p>\n<p><a href=\"https:\/\/www.galeriebecot.com\/wp-content\/uploads\/2015\/09\/Barbeau-conferencier.jpg\"><img loading=\"lazy\" decoding=\"async\" class=\"alignnone size-large wp-image-3956\" src=\"https:\/\/www.galeriebecot.com\/wp-content\/uploads\/2015\/09\/Barbeau-conferencier-962x1024.jpg\" alt=\"Sans titre\" width=\"700\" height=\"745\" srcset=\"https:\/\/galeriebecot.com\/wp-content\/uploads\/2015\/09\/Barbeau-conferencier-962x1024.jpg 962w, https:\/\/galeriebecot.com\/wp-content\/uploads\/2015\/09\/Barbeau-conferencier-282x300.jpg 282w, https:\/\/galeriebecot.com\/wp-content\/uploads\/2015\/09\/Barbeau-conferencier.jpg 1200w\" sizes=\"auto, (max-width: 700px) 100vw, 700px\" \/><\/a><\/p>\n<p><a href=\"https:\/\/www.galeriebecot.com\/wp-content\/uploads\/2015\/09\/Barbeau-1.jpg\"><img loading=\"lazy\" decoding=\"async\" class=\"alignnone size-large wp-image-3941\" src=\"https:\/\/www.galeriebecot.com\/wp-content\/uploads\/2015\/09\/Barbeau-1-875x1024.jpg\" alt=\"Sans titre\" width=\"700\" height=\"819\" srcset=\"https:\/\/galeriebecot.com\/wp-content\/uploads\/2015\/09\/Barbeau-1-875x1024.jpg 875w, https:\/\/galeriebecot.com\/wp-content\/uploads\/2015\/09\/Barbeau-1-256x300.jpg 256w, https:\/\/galeriebecot.com\/wp-content\/uploads\/2015\/09\/Barbeau-1.jpg 1200w\" sizes=\"auto, (max-width: 700px) 100vw, 700px\" \/><\/a><\/p>\n<p><a href=\"https:\/\/www.galeriebecot.com\/wp-content\/uploads\/2015\/09\/Barbeau2.jpg\"><img loading=\"lazy\" decoding=\"async\" class=\"alignnone size-large wp-image-3943\" src=\"https:\/\/www.galeriebecot.com\/wp-content\/uploads\/2015\/09\/Barbeau2-1024x422.jpg\" alt=\"Sans titre\" width=\"700\" height=\"288\" srcset=\"https:\/\/galeriebecot.com\/wp-content\/uploads\/2015\/09\/Barbeau2-1024x422.jpg 1024w, https:\/\/galeriebecot.com\/wp-content\/uploads\/2015\/09\/Barbeau2-300x124.jpg 300w, https:\/\/galeriebecot.com\/wp-content\/uploads\/2015\/09\/Barbeau2.jpg 1241w\" sizes=\"auto, (max-width: 700px) 100vw, 700px\" \/><\/a><\/p>\n<p><strong>L&rsquo;\u00e9v\u00e9nement: rencontre avec Marcel Barbeau,<\/strong><\/p>\n<p><strong>Le lieu: ENAP-\u00c9cole nationale d&rsquo;administration publique,<\/strong><\/p>\n<p><strong>555 Boulevard Charest,\u00a0<\/strong><\/p>\n<p><strong>Qu\u00e9bec-QC,<\/strong><\/p>\n<p><strong>G1K 9E5<\/strong><\/p>\n<p><a href=\"https:\/\/www.galeriebecot.com\/wp-content\/uploads\/2015\/09\/Ninom.jpg\"><img loading=\"lazy\" decoding=\"async\" class=\"alignnone size-large wp-image-3978\" src=\"https:\/\/www.galeriebecot.com\/wp-content\/uploads\/2015\/09\/Ninom-1024x726.jpg\" alt=\"Ninom\" width=\"700\" height=\"496\" srcset=\"https:\/\/galeriebecot.com\/wp-content\/uploads\/2015\/09\/Ninom-1024x726.jpg 1024w, https:\/\/galeriebecot.com\/wp-content\/uploads\/2015\/09\/Ninom-300x213.jpg 300w, https:\/\/galeriebecot.com\/wp-content\/uploads\/2015\/09\/Ninom.jpg 1500w\" sizes=\"auto, (max-width: 700px) 100vw, 700px\" \/><\/a><\/p>\n","protected":false},"excerpt":{"rendered":"<p>L&rsquo;\u00e9v\u00e9nement: rencontre avec Marcel Barbeau, Le lieu: ENAP-\u00c9cole nationale d&rsquo;administration publique, 555 Boulevard Charest,\u00a0 Qu\u00e9bec-QC, G1K 9E5<\/p>\n","protected":false},"author":1,"featured_media":0,"comment_status":"open","ping_status":"open","sticky":false,"template":"","format":"standard","meta":{"_exactmetrics_skip_tracking":false,"_exactmetrics_sitenote_active":false,"_exactmetrics_sitenote_note":"","_exactmetrics_sitenote_category":0,"footnotes":""},"categories":[17,30],"tags":[34,66,58,62,37,40],"class_list":["post-3939","post","type-post","status-publish","format-standard","hentry","category-conference","category-le-soleil","tag-andre-becot","tag-club-des-collectionneurs-en-arts-visuels-de-quebec-studio-becot","tag-marc-bellemare-collectionneur","tag-marcel-barbeau","tag-studio-becot","tag-visuals-arts"],"_links":{"self":[{"href":"https:\/\/galeriebecot.com\/index.php?rest_route=\/wp\/v2\/posts\/3939","targetHints":{"allow":["GET"]}}],"collection":[{"href":"https:\/\/galeriebecot.com\/index.php?rest_route=\/wp\/v2\/posts"}],"about":[{"href":"https:\/\/galeriebecot.com\/index.php?rest_route=\/wp\/v2\/types\/post"}],"author":[{"embeddable":true,"href":"https:\/\/galeriebecot.com\/index.php?rest_route=\/wp\/v2\/users\/1"}],"replies":[{"embeddable":true,"href":"https:\/\/galeriebecot.com\/index.php?rest_route=%2Fwp%2Fv2%2Fcomments&post=3939"}],"version-history":[{"count":14,"href":"https:\/\/galeriebecot.com\/index.php?rest_route=\/wp\/v2\/posts\/3939\/revisions"}],"predecessor-version":[{"id":4377,"href":"https:\/\/galeriebecot.com\/index.php?rest_route=\/wp\/v2\/posts\/3939\/revisions\/4377"}],"wp:attachment":[{"href":"https:\/\/galeriebecot.com\/index.php?rest_route=%2Fwp%2Fv2%2Fmedia&parent=3939"}],"wp:term":[{"taxonomy":"category","embeddable":true,"href":"https:\/\/galeriebecot.com\/index.php?rest_route=%2Fwp%2Fv2%2Fcategories&post=3939"},{"taxonomy":"post_tag","embeddable":true,"href":"https:\/\/galeriebecot.com\/index.php?rest_route=%2Fwp%2Fv2%2Ftags&post=3939"}],"curies":[{"name":"wp","href":"https:\/\/api.w.org\/{rel}","templated":true}]}}