{"id":3925,"date":"2016-08-19T08:09:11","date_gmt":"2016-08-19T12:09:11","guid":{"rendered":"http:\/\/www.clubdescollectionneursenartsvisuelsdequebec.com\/?p=3925"},"modified":"2016-08-30T08:54:08","modified_gmt":"2016-08-30T12:54:08","slug":"3925","status":"publish","type":"post","link":"https:\/\/galeriebecot.com\/?p=3925","title":{"rendered":"Dans le cadre des journ\u00e9es de la culture 2016&#8230;Pr\u00e9-inscription"},"content":{"rendered":"<p style=\"text-align: left;\">Artistes.<\/p>\n<p>Pr\u00e9-incription pour les journ\u00e9es de la Culture.<\/p>\n<p>Des artistes exposent dans la rue Sainte- H\u00e8l\u00e8ne le 1 et 2 octobre dans le cadre des journ\u00e9e de la culture. Des artistes de La Maison des m\u00e9tiers d&rsquo;arts travailleront sur place. Les ateliers des \u00e9tudiants \u00e0 la Ma\u00eetrise de l&rsquo;universit\u00e9 Laval seront ouverts. L&rsquo;atelier B\u00e9cot et La Corde \u00e0 Linge pr\u00e9senteront une exposition d&rsquo;une dizaine d&rsquo;artistes.<\/p>\n<p>La Maison des M\u00e9tiers d&rsquo;art et la Galerie B\u00e9cot ,en partenariat avec l\u2019Arrondissement de la Cit\u00e9-Limoilou, r\u00e9p\u00e8te l&rsquo;\u00e9v\u00e9nement L&rsquo;art dans la rue \u00e9dition 2016. Lors de cet \u00e9v\u00e9nement, ving-cinq (25) artistes sont invit\u00e9s \u00e0 exposer leurs oeuvres sur la rue Sainte-H\u00e9l\u00e8ne entre De La Couronne et Dorchester. Nous mettons gratuitement \u00e0 la disposition des artistes participants chaises, table et emplacement permettant d&rsquo;exposer leurs oeuvres et de travailer en directe s&rsquo;ils le d\u00e9sirent. Les artistes s&rsquo;engagent \u00e0 monter leur kiosque entre 10h et 12h samedi et dimanche. Aucun emplacement n&rsquo;est pr\u00e9vu pour ranger le mat\u00e9riel des artistes vous devrez vous assurer de repartir avec votre mat\u00e9riel en fin de journ\u00e9e le samedi et le rapporter le lendemain.<\/p>\n<p>Vous devez r\u00e9server votre emplacement aupr\u00e8s de Jacques Sylvain au 418-998-3267 ou encore par courriel \u00e0 l&rsquo;adresse suivante: sylvain.lehoux1@sympatico.ca . Je vous rappelle que le nombre de places est limit\u00e9es \u00e0 25 places.<\/p>\n<p>Bien vouloir contacter Monsieur Jacques Sylvain<\/p>\n<p>JACQUES SYLVAIN &lt;sylvain.lehoux1@sympatico.ca&gt;,<\/p>\n<p>418 998-3267<\/p>\n<p>Samedi et dimanche le 1er et 2 octobre 2016.<\/p>\n<p>R\u00e9servez votre espace, sur la rue Sainte-H\u00e9l\u00e8ne, incluant une table et deux chaises.<\/p>\n<p>Organisez votre espace !<\/p>\n<p>La rue sera ferm\u00e9e entre Dorchester et de la Couronne.<\/p>\n<p>Th\u00e8me : la musique<\/p>\n<p>Adresse du studio B\u00e9cot:<\/p>\n<p>344 rue Sainte-H\u00e9l\u00e8ne,<\/p>\n<p>Qu\u00e9bec,G1K 3L7<\/p>\n<p>&#8212;&#8212;&#8212;&#8212;&#8212;&#8212;&#8212;&#8212;&#8212;&#8212;&#8212;&#8212;&#8212;&#8212;&#8212;&#8212;&#8212;&#8212;&#8212;&#8212;&#8212;&#8212;&#8212;&#8212;&#8211;<\/p>\n<p>La section suivante concerne les journ\u00e9es de la culture de 2015<\/p>\n<p><iframe loading=\"lazy\" width=\"700\" height=\"525\" src=\"https:\/\/www.youtube.com\/embed\/MJyURmfiyPY?feature=oembed\" frameborder=\"0\" allowfullscreen><\/iframe><\/p>\n<p>Unique&#8230;Dans le cadre des <strong>journ\u00e9es de la culture<\/strong>, le studio galerie B\u00e9cot pr\u00e9sente en collaboration avec l&rsquo;INRS, la conf\u00e9rence:<\/p>\n<p>&lt;&lt; <em>Villages d&rsquo;artistes les plus c\u00e9l\u00e8bres en Chine<\/em> &gt;&gt;<\/p>\n<p><a href=\"http:\/\/michelparent.com\/\">Conf\u00e9rencier:Michel Parent<\/a><\/p>\n<p>Quand? Samedi le 26 septembre 2015<\/p>\n<p>Par contre seulement 50 billets sont disponibles et c&rsquo;est gratuit.<\/p>\n<p>Inscription \u00e0 l&rsquo;adresse suivante:<\/p>\n<p>becotatelier@videotron.ca<\/p>\n<p>&#8212;&#8212;&#8212;&#8212;&#8212;&#8212;&#8212;&#8212;&#8212;&#8212;&#8212;&#8212;&#8212;&#8212;&#8212;&#8212;&#8212;<\/p>\n<p><strong>Le 7e art vu par 12 artistes de Qu\u00e9bec:<\/strong><\/p>\n<p>Andr\u00e9 B\u00e9cot,Don Darby,Simon Carmicha\u00ebl,Jacques Sylvain,Carol Poulin,C\u00e9line G.Lapointe,Colette Matte,Paryse Martin,Francine No\u00ebl,J\u00e9r\u00e9mie Gilles,Karine V\u00e9zina,Pierre Lanoie,Renald Brisebois,Marie Rioux<\/p>\n<p><a href=\"https:\/\/www.galeriebecot.com\/wp-content\/uploads\/2015\/09\/Communiqu\u00e9-de-presse-4sept15.jpg\"><img loading=\"lazy\" decoding=\"async\" class=\"alignnone size-large wp-image-3927\" src=\"https:\/\/www.galeriebecot.com\/wp-content\/uploads\/2015\/09\/Communiqu\u00e9-de-presse-4sept15-626x1024.jpg\" alt=\"Communiqu\u00e9 de presse-4sept15\" width=\"626\" height=\"1024\" srcset=\"https:\/\/galeriebecot.com\/wp-content\/uploads\/2015\/09\/Communiqu\u00e9-de-presse-4sept15-626x1024.jpg 626w, https:\/\/galeriebecot.com\/wp-content\/uploads\/2015\/09\/Communiqu\u00e9-de-presse-4sept15-183x300.jpg 183w, https:\/\/galeriebecot.com\/wp-content\/uploads\/2015\/09\/Communiqu\u00e9-de-presse-4sept15.jpg 992w\" sizes=\"auto, (max-width: 626px) 100vw, 626px\" \/><\/a><\/p>\n<p>&nbsp;<\/p>\n<p><a href=\"https:\/\/www.galeriebecot.com\/wp-content\/uploads\/2015\/09\/B\u00e9cot-Journ\u00e9e-Cultureok.jpg\"><img loading=\"lazy\" decoding=\"async\" class=\"alignnone wp-image-3926\" src=\"https:\/\/www.galeriebecot.com\/wp-content\/uploads\/2015\/09\/B\u00e9cot-Journ\u00e9e-Cultureok-1024x768.jpg\" alt=\"B\u00e9cot Journ\u00e9e Cultureok\" width=\"580\" height=\"458\" \/><\/a><\/p>\n<p>Salutations de Andr\u00e9 B\u00e9cot le 4 Septembre 2014<\/p>\n","protected":false},"excerpt":{"rendered":"<p>Artistes. Pr\u00e9-incription pour les journ\u00e9es de la Culture. Des artistes exposent dans la rue Sainte- H\u00e8l\u00e8ne le 1 et 2 octobre dans le cadre des journ\u00e9e de la culture. Des&hellip; <\/p>\n","protected":false},"author":1,"featured_media":0,"comment_status":"open","ping_status":"open","sticky":false,"template":"","format":"standard","meta":{"_exactmetrics_skip_tracking":false,"_exactmetrics_sitenote_active":false,"_exactmetrics_sitenote_note":"","_exactmetrics_sitenote_category":0,"footnotes":""},"categories":[17,18],"tags":[34,564,647,6,345,275,35,197,649,650,123,648,458,158,563,37,40],"class_list":["post-3925","post","type-post","status-publish","format-standard","hentry","category-conference","category-evenement","tag-andre-becot","tag-carol-poulin","tag-celine-g-lapointe","tag-club-des-collectionneurs-en-arts-visuels-de-quebec","tag-colette-matte","tag-don-darby","tag-foire-en-arts-actuel","tag-francine-noel","tag-jeremie-gilles","tag-karine-vezina","tag-marie-rioux","tag-paryse-martin","tag-pierre-lanoie","tag-renald-brisebois","tag-simon-carmichael","tag-studio-becot","tag-visuals-arts"],"_links":{"self":[{"href":"https:\/\/galeriebecot.com\/index.php?rest_route=\/wp\/v2\/posts\/3925","targetHints":{"allow":["GET"]}}],"collection":[{"href":"https:\/\/galeriebecot.com\/index.php?rest_route=\/wp\/v2\/posts"}],"about":[{"href":"https:\/\/galeriebecot.com\/index.php?rest_route=\/wp\/v2\/types\/post"}],"author":[{"embeddable":true,"href":"https:\/\/galeriebecot.com\/index.php?rest_route=\/wp\/v2\/users\/1"}],"replies":[{"embeddable":true,"href":"https:\/\/galeriebecot.com\/index.php?rest_route=%2Fwp%2Fv2%2Fcomments&post=3925"}],"version-history":[{"count":20,"href":"https:\/\/galeriebecot.com\/index.php?rest_route=\/wp\/v2\/posts\/3925\/revisions"}],"predecessor-version":[{"id":5403,"href":"https:\/\/galeriebecot.com\/index.php?rest_route=\/wp\/v2\/posts\/3925\/revisions\/5403"}],"wp:attachment":[{"href":"https:\/\/galeriebecot.com\/index.php?rest_route=%2Fwp%2Fv2%2Fmedia&parent=3925"}],"wp:term":[{"taxonomy":"category","embeddable":true,"href":"https:\/\/galeriebecot.com\/index.php?rest_route=%2Fwp%2Fv2%2Fcategories&post=3925"},{"taxonomy":"post_tag","embeddable":true,"href":"https:\/\/galeriebecot.com\/index.php?rest_route=%2Fwp%2Fv2%2Ftags&post=3925"}],"curies":[{"name":"wp","href":"https:\/\/api.w.org\/{rel}","templated":true}]}}