{"id":3918,"date":"2015-09-01T10:57:21","date_gmt":"2015-09-01T14:57:21","guid":{"rendered":"http:\/\/www.clubdescollectionneursenartsvisuelsdequebec.com\/?p=3918"},"modified":"2015-09-02T11:06:06","modified_gmt":"2015-09-02T15:06:06","slug":"jean-gaudreau-ouvre-sa-galerie-dart","status":"publish","type":"post","link":"https:\/\/galeriebecot.com\/?p=3918","title":{"rendered":"Jean Gaudreau ouvre sa galerie d&rsquo;art"},"content":{"rendered":"<p><a href=\"https:\/\/www.galeriebecot.com\/wp-content\/uploads\/2015\/09\/Jean-Gaudreau-OK-2-Expositions-1.jpg\"><img loading=\"lazy\" decoding=\"async\" class=\"alignnone size-large wp-image-3922\" src=\"https:\/\/www.galeriebecot.com\/wp-content\/uploads\/2015\/09\/Jean-Gaudreau-OK-2-Expositions-1-829x1024.jpg\" alt=\"Jean Gaudreau ouvre sa galerie d'art | Josianne Desloges | Expos\" width=\"700\" height=\"865\" srcset=\"https:\/\/galeriebecot.com\/wp-content\/uploads\/2015\/09\/Jean-Gaudreau-OK-2-Expositions-1-829x1024.jpg 829w, https:\/\/galeriebecot.com\/wp-content\/uploads\/2015\/09\/Jean-Gaudreau-OK-2-Expositions-1-243x300.jpg 243w, https:\/\/galeriebecot.com\/wp-content\/uploads\/2015\/09\/Jean-Gaudreau-OK-2-Expositions-1.jpg 1275w\" sizes=\"auto, (max-width: 700px) 100vw, 700px\" \/><\/a><\/p>\n<p>Lorsqu&rsquo;on lui a offert d&rsquo;intaller ses oeuvres dans un local de la rue Saint-Louis,dans une galerie \u00e0 son nom,l&rsquo;artiste Jean Gaudreau n&rsquo;a pas h\u00e9sit\u00e9 longtemps&#8230;!<\/p>\n","protected":false},"excerpt":{"rendered":"<p>Lorsqu&rsquo;on lui a offert d&rsquo;intaller ses oeuvres dans un local de la rue Saint-Louis,dans une galerie \u00e0 son nom,l&rsquo;artiste Jean Gaudreau n&rsquo;a pas h\u00e9sit\u00e9 longtemps&#8230;!<\/p>\n","protected":false},"author":1,"featured_media":0,"comment_status":"open","ping_status":"open","sticky":false,"template":"","format":"standard","meta":{"_exactmetrics_skip_tracking":false,"_exactmetrics_sitenote_active":false,"_exactmetrics_sitenote_note":"","_exactmetrics_sitenote_category":0,"footnotes":""},"categories":[20,27,30],"tags":[34,66,99,58,40],"class_list":["post-3918","post","type-post","status-publish","format-standard","hentry","category-article-descriptif","category-artistes","category-le-soleil","tag-andre-becot","tag-club-des-collectionneurs-en-arts-visuels-de-quebec-studio-becot","tag-jean-gaudreau","tag-marc-bellemare-collectionneur","tag-visuals-arts"],"_links":{"self":[{"href":"https:\/\/galeriebecot.com\/index.php?rest_route=\/wp\/v2\/posts\/3918","targetHints":{"allow":["GET"]}}],"collection":[{"href":"https:\/\/galeriebecot.com\/index.php?rest_route=\/wp\/v2\/posts"}],"about":[{"href":"https:\/\/galeriebecot.com\/index.php?rest_route=\/wp\/v2\/types\/post"}],"author":[{"embeddable":true,"href":"https:\/\/galeriebecot.com\/index.php?rest_route=\/wp\/v2\/users\/1"}],"replies":[{"embeddable":true,"href":"https:\/\/galeriebecot.com\/index.php?rest_route=%2Fwp%2Fv2%2Fcomments&post=3918"}],"version-history":[{"count":4,"href":"https:\/\/galeriebecot.com\/index.php?rest_route=\/wp\/v2\/posts\/3918\/revisions"}],"predecessor-version":[{"id":3924,"href":"https:\/\/galeriebecot.com\/index.php?rest_route=\/wp\/v2\/posts\/3918\/revisions\/3924"}],"wp:attachment":[{"href":"https:\/\/galeriebecot.com\/index.php?rest_route=%2Fwp%2Fv2%2Fmedia&parent=3918"}],"wp:term":[{"taxonomy":"category","embeddable":true,"href":"https:\/\/galeriebecot.com\/index.php?rest_route=%2Fwp%2Fv2%2Fcategories&post=3918"},{"taxonomy":"post_tag","embeddable":true,"href":"https:\/\/galeriebecot.com\/index.php?rest_route=%2Fwp%2Fv2%2Ftags&post=3918"}],"curies":[{"name":"wp","href":"https:\/\/api.w.org\/{rel}","templated":true}]}}