{"id":3897,"date":"2015-08-15T09:45:27","date_gmt":"2015-08-15T13:45:27","guid":{"rendered":"http:\/\/www.clubdescollectionneursenartsvisuelsdequebec.com\/?p=3897"},"modified":"2015-08-17T10:10:19","modified_gmt":"2015-08-17T14:10:19","slug":"amis-de-rejeanne-lizotteartiste-peintre-1947_2014","status":"publish","type":"post","link":"https:\/\/galeriebecot.com\/?p=3897","title":{"rendered":"Amis de R\u00e9jeanne Lizotte,artiste peintre (1947_2014)"},"content":{"rendered":"<p>Chers amis de R\u00e9jeanne chers collectionneurs, chers galleristes,<\/p>\n<p>Nous vous convions par la pr\u00e9sente \u00e0 \u2018\u2019AIMER\u2019\u2019 la page Facebook\u00a0:<\/p>\n<p><strong>\u00a0\u2018\u2019Amis de R\u00e9jeanne Lizotte, artiste peintre, 1947-2014\u2019\u2019.\u00a0<\/strong><\/p>\n<p><a href=\"https:\/\/www.galeriebecot.com\/wp-content\/uploads\/2015\/08\/Rejeanne.jpeg\"><img loading=\"lazy\" decoding=\"async\" class=\" size-full wp-image-3899 alignnone\" src=\"https:\/\/www.galeriebecot.com\/wp-content\/uploads\/2015\/08\/Rejeanne.jpeg\" alt=\"Rejeanne\" width=\"134\" height=\"121\" \/><\/a><\/p>\n<p>Ce faisant, vous serez tenus au courant des diff\u00e9rentes activit\u00e9s que nous ferons, en plus d\u2019y voir appara\u00eetre au fil du temps des photos d\u2019\u0153uvres et de textes que nous \u00a0publierons.\u00a0\u00a0D\u00e9j\u00e0, une activit\u00e9 est pr\u00e9vue au d\u00e9but de septembre \u00e0 l\u2019atelier de la rue de la Barricade \u00e0 Qu\u00e9bec; l\u2019horaire sera affich\u00e9 sur la page Facebook dans les prochains jours.<\/p>\n<p><a href=\"https:\/\/www.galeriebecot.com\/wp-content\/uploads\/2015\/08\/Rejeanne-b.jpg\"><img loading=\"lazy\" decoding=\"async\" class=\"alignnone size-full wp-image-3904\" src=\"https:\/\/www.galeriebecot.com\/wp-content\/uploads\/2015\/08\/Rejeanne-b.jpg\" alt=\"Rejeanne-b\" width=\"360\" height=\"250\" srcset=\"https:\/\/galeriebecot.com\/wp-content\/uploads\/2015\/08\/Rejeanne-b.jpg 360w, https:\/\/galeriebecot.com\/wp-content\/uploads\/2015\/08\/Rejeanne-b-300x208.jpg 300w, https:\/\/galeriebecot.com\/wp-content\/uploads\/2015\/08\/Rejeanne-b-330x230.jpg 330w\" sizes=\"auto, (max-width: 360px) 100vw, 360px\" \/><\/a><\/p>\n<p><strong>Urbanit\u00e9 1 \u00a0(2000)\u00a0<\/strong><strong>16&Prime;x20&Prime;<\/strong><em>\u00a0\u00a0<\/em><strong><i>Mat\u00e9riaux mixtes sur papier<\/i><\/strong><\/p>\n<p>Si vous ne disposez pas d\u2019un compte Facebook, merci de nous en informer par retour de ce courriel \u2013 nous constituerons un groupe d\u2019envoi sp\u00e9cial par courriel pour vous.<\/p>\n<p>\u00ab\u00a0Sucession R\u00e9jeanne Lizotte\u00a0\u00bb &lt;amisderejeannelizotte@gmail.com&gt;,<\/p>\n<p>N\u2019h\u00e9sitez pas \u00e0 faire circuler ce message dans votre r\u00e9seau.<\/p>\n<p>Au plaisir d\u2019\u00e9changer avec vous !<\/p>\n<p>Nicole, Odette, Richard et Jean.<\/p>\n","protected":false},"excerpt":{"rendered":"<p>Chers amis de R\u00e9jeanne chers collectionneurs, chers galleristes, Nous vous convions par la pr\u00e9sente \u00e0 \u2018\u2019AIMER\u2019\u2019 la page Facebook\u00a0: \u00a0\u2018\u2019Amis de R\u00e9jeanne Lizotte, artiste peintre, 1947-2014\u2019\u2019.\u00a0 Ce faisant, vous serez&hellip; <\/p>\n","protected":false},"author":1,"featured_media":0,"comment_status":"open","ping_status":"open","sticky":false,"template":"","format":"standard","meta":{"_exactmetrics_skip_tracking":false,"_exactmetrics_sitenote_active":false,"_exactmetrics_sitenote_note":"","_exactmetrics_sitenote_category":0,"footnotes":""},"categories":[27],"tags":[34,6,38,643,37,40],"class_list":["post-3897","post","type-post","status-publish","format-standard","hentry","category-artistes","tag-andre-becot","tag-club-des-collectionneurs-en-arts-visuels-de-quebec","tag-galerie-becot","tag-rejeanne-lizotte-peintre","tag-studio-becot","tag-visuals-arts"],"_links":{"self":[{"href":"https:\/\/galeriebecot.com\/index.php?rest_route=\/wp\/v2\/posts\/3897","targetHints":{"allow":["GET"]}}],"collection":[{"href":"https:\/\/galeriebecot.com\/index.php?rest_route=\/wp\/v2\/posts"}],"about":[{"href":"https:\/\/galeriebecot.com\/index.php?rest_route=\/wp\/v2\/types\/post"}],"author":[{"embeddable":true,"href":"https:\/\/galeriebecot.com\/index.php?rest_route=\/wp\/v2\/users\/1"}],"replies":[{"embeddable":true,"href":"https:\/\/galeriebecot.com\/index.php?rest_route=%2Fwp%2Fv2%2Fcomments&post=3897"}],"version-history":[{"count":6,"href":"https:\/\/galeriebecot.com\/index.php?rest_route=\/wp\/v2\/posts\/3897\/revisions"}],"predecessor-version":[{"id":3906,"href":"https:\/\/galeriebecot.com\/index.php?rest_route=\/wp\/v2\/posts\/3897\/revisions\/3906"}],"wp:attachment":[{"href":"https:\/\/galeriebecot.com\/index.php?rest_route=%2Fwp%2Fv2%2Fmedia&parent=3897"}],"wp:term":[{"taxonomy":"category","embeddable":true,"href":"https:\/\/galeriebecot.com\/index.php?rest_route=%2Fwp%2Fv2%2Fcategories&post=3897"},{"taxonomy":"post_tag","embeddable":true,"href":"https:\/\/galeriebecot.com\/index.php?rest_route=%2Fwp%2Fv2%2Ftags&post=3897"}],"curies":[{"name":"wp","href":"https:\/\/api.w.org\/{rel}","templated":true}]}}