{"id":3870,"date":"2020-01-07T16:31:55","date_gmt":"2020-01-07T21:31:55","guid":{"rendered":"http:\/\/www.clubdescollectionneursenartsvisuelsdequebec.com\/?p=3870"},"modified":"2023-06-14T14:33:48","modified_gmt":"2023-06-14T18:33:48","slug":"30-ans-dart-public","status":"publish","type":"post","link":"https:\/\/galeriebecot.com\/?p=3870","title":{"rendered":"35 ans d&rsquo;art public \u00e0 Lachine!"},"content":{"rendered":"<p><a href=\"http:\/\/ville.montreal.qc.ca\/portal\/page?_pageid=3156,3575643&amp;_dad=portal&amp;_schema=PORTAL\"><img loading=\"lazy\" decoding=\"async\" class=\"alignnone size-full wp-image-3871\" src=\"https:\/\/www.galeriebecot.com\/wp-content\/uploads\/2015\/07\/photo-028.jpg\" alt=\"photo-028\" width=\"300\" height=\"200\" \/><\/a><\/p>\n<p><em>Le cycle humain, par B\u00e9cot.<\/em><\/p>\n<p><a href=\"https:\/\/www.galeriebecot.com\/wp-content\/uploads\/2015\/07\/Becot-Lachine-detail11.jpg\"><img loading=\"lazy\" decoding=\"async\" class=\"alignnone size-full wp-image-12308\" src=\"https:\/\/www.galeriebecot.com\/wp-content\/uploads\/2015\/07\/Becot-Lachine-detail11.jpg\" alt=\"\" width=\"288\" height=\"406\" srcset=\"https:\/\/galeriebecot.com\/wp-content\/uploads\/2015\/07\/Becot-Lachine-detail11.jpg 288w, https:\/\/galeriebecot.com\/wp-content\/uploads\/2015\/07\/Becot-Lachine-detail11-213x300.jpg 213w\" sizes=\"auto, (max-width: 288px) 100vw, 288px\" \/><\/a><\/p>\n<p><em>Le cycle humain (d\u00e9tail), par B\u00e9cot.<\/em><\/p>\n<p><strong>Il y a 35 ans d\u00e9j\u00e0, une audacieuse aventure artistique d\u00e9butait \u00e0 Lachine. Le symposium de sculpture, inaugur\u00e9 le 15 juillet 1985, fut tout un \u00e9v\u00e9nement pour les citoyens; des \u0153uvres allaient \u00eatre cr\u00e9\u00e9es sous leurs yeux ! Pour souligner cet anniversaire, le Mus\u00e9e de Lachine propose un nouveau circuit guid\u00e9 \u00e0 v\u00e9lo : \u00ab 35 ans d\u2019art public \u00e0 Lachine \u00bb. <\/strong><\/p>\n<p>C\u2019est le sculpteur <a href=\"https:\/\/dictionnaire.espaceartactuel.com\/artistes\/rolland-dominique-1954\/\">Dominique Rolland<\/a> qui convainquit <a href=\"https:\/\/www.musees.qc.ca\/fr\/professionnel\/activites-publications\/prix-smq\/laureats\/1998\/jacques-toupin-musee-de-la-ville-de-lachine\">le directeur du Mus\u00e9e de Lachine, Jacques Toupin,<\/a> et l<a href=\"https:\/\/www.erudit.org\/en\/journals\/va\/1900-v1-n1-va1161919\/54072ac.pdf\">e maire, Guy Descary<\/a>, de r\u00e9aliser un symposium \u00e0 Lachine. Dans une ambiance de f\u00eate, qui soulignait la r\u00e9ouverture du Mus\u00e9e apr\u00e8s des travaux de r\u00e9am\u00e9nagement importants, huit artistes furent ainsi invit\u00e9s \u00e0 r\u00e9aliser des \u0153uvres sur le site m\u00eame du Mus\u00e9e, en partenariat avec le Centre des arts contemporains de Montr\u00e9al et avec le soutien des industries locales.<\/p>\n<p>En pr\u00e9sence des visiteurs et dans un esprit de collaboration entre les artistes, les premi\u00e8res sculptures de la collection du Mus\u00e9e plein air de Lachine prirent forme :\u00a0<i>\u00c9tats de choc\u00a0<\/i>d\u2019<a href=\"https:\/\/fr.wikipedia.org\/wiki\/Andr\u00e9_Fournelle\">Andr\u00e9 Fournelle<\/a>,\u00a0<i>Du long, du long\u00a0<\/i>de<a href=\"https:\/\/dictionnaire.espaceartactuel.com\/artistes\/nadeau-guy-1953\/\"> Guy Nadeau<\/a>,\u00a0<i>Monica\u00a0<\/i>de <a href=\"https:\/\/fr.wikipedia.org\/wiki\/Jules_Lasalle\">Jules Lasalle<\/a><i>, Force et progr\u00e8s\u00a0<\/i>de <a href=\"https:\/\/dictionnaire.espaceartactuel.com\/artistes\/nepveu-robert\/\">Robert Nepveu<\/a>,\u00a0<i>Trilogie\u00a0<\/i>de <a href=\"https:\/\/dictionnaire.espaceartactuel.com\/artistes\/carpentier-jacques-1945\/\">Jacques Carpentier<\/a>,\u00a0<i>Pont d\u2019Arles en transfert\u00a0<\/i>de <a href=\"https:\/\/pierreleblancsculpteur.com\/about\/\">Pierre Leblanc<\/a>,\u00a0<i>La pierre et le feu\u00a0<\/i>de <a href=\"https:\/\/jeanpierremorin.com\">Jean-Pierre Morin<\/a> et\u00a0<i>Le cycle humain<\/i>\u00a0d\u2019<strong>Andr\u00e9 B\u00e9cot. \u00a0<\/strong><\/p>\n","protected":false},"excerpt":{"rendered":"<p>Le cycle humain, par B\u00e9cot. Le cycle humain (d\u00e9tail), par B\u00e9cot. Il y a 35 ans d\u00e9j\u00e0, une audacieuse aventure artistique d\u00e9butait \u00e0 Lachine. Le symposium de sculpture, inaugur\u00e9 le&hellip; <\/p>\n","protected":false},"author":1,"featured_media":0,"comment_status":"open","ping_status":"open","sticky":false,"template":"","format":"standard","meta":{"_exactmetrics_skip_tracking":false,"_exactmetrics_sitenote_active":false,"_exactmetrics_sitenote_note":"","_exactmetrics_sitenote_category":0,"footnotes":""},"categories":[20,27,18,36,23],"tags":[34,1322,67,3108,1602,3110,3107,1261,263,58,226,455,3109,37,40],"class_list":["post-3870","post","type-post","status-publish","format-standard","hentry","category-article-descriptif","category-artistes","category-evenement","category-prixreconnaissance","category-saviez-vous-que","tag-andre-becot","tag-andre-fournelle","tag-club-des-collectionneurs-en-arts-visuels-de-quebec-marc-bellemare","tag-guy-descary","tag-guy-nadeau","tag-jacques-carpentier","tag-jacques-toupin","tag-jean-pierre-morin","tag-jules-lasalle","tag-marc-bellemare-collectionneur","tag-musee-de-lachine","tag-pierre-leblanc","tag-robert-nepveu","tag-studio-becot","tag-visuals-arts"],"_links":{"self":[{"href":"https:\/\/galeriebecot.com\/index.php?rest_route=\/wp\/v2\/posts\/3870","targetHints":{"allow":["GET"]}}],"collection":[{"href":"https:\/\/galeriebecot.com\/index.php?rest_route=\/wp\/v2\/posts"}],"about":[{"href":"https:\/\/galeriebecot.com\/index.php?rest_route=\/wp\/v2\/types\/post"}],"author":[{"embeddable":true,"href":"https:\/\/galeriebecot.com\/index.php?rest_route=\/wp\/v2\/users\/1"}],"replies":[{"embeddable":true,"href":"https:\/\/galeriebecot.com\/index.php?rest_route=%2Fwp%2Fv2%2Fcomments&post=3870"}],"version-history":[{"count":23,"href":"https:\/\/galeriebecot.com\/index.php?rest_route=\/wp\/v2\/posts\/3870\/revisions"}],"predecessor-version":[{"id":17631,"href":"https:\/\/galeriebecot.com\/index.php?rest_route=\/wp\/v2\/posts\/3870\/revisions\/17631"}],"wp:attachment":[{"href":"https:\/\/galeriebecot.com\/index.php?rest_route=%2Fwp%2Fv2%2Fmedia&parent=3870"}],"wp:term":[{"taxonomy":"category","embeddable":true,"href":"https:\/\/galeriebecot.com\/index.php?rest_route=%2Fwp%2Fv2%2Fcategories&post=3870"},{"taxonomy":"post_tag","embeddable":true,"href":"https:\/\/galeriebecot.com\/index.php?rest_route=%2Fwp%2Fv2%2Ftags&post=3870"}],"curies":[{"name":"wp","href":"https:\/\/api.w.org\/{rel}","templated":true}]}}