{"id":3771,"date":"2015-05-28T17:52:45","date_gmt":"2015-05-28T21:52:45","guid":{"rendered":"http:\/\/www.clubdescollectionneursenartsvisuelsdequebec.com\/?p=3771"},"modified":"2015-06-05T17:59:43","modified_gmt":"2015-06-05T21:59:43","slug":"louis-pierre-bougie-expose","status":"publish","type":"post","link":"https:\/\/galeriebecot.com\/?p=3771","title":{"rendered":"Louis-Pierre Bougie expose&#8230;"},"content":{"rendered":"<p><a href=\"http:\/\/www.lapresse.ca\/la-tribune\/arts\/201506\/03\/01-4874867-louis-pierre-bougie-voyager-creer.php\"><img loading=\"lazy\" decoding=\"async\" class=\"alignnone size-full wp-image-3772\" src=\"https:\/\/www.galeriebecot.com\/wp-content\/uploads\/2015\/06\/pierre-bougie.jpg\" alt=\"pierre-bougie\" width=\"641\" height=\"427\" srcset=\"https:\/\/galeriebecot.com\/wp-content\/uploads\/2015\/06\/pierre-bougie.jpg 641w, https:\/\/galeriebecot.com\/wp-content\/uploads\/2015\/06\/pierre-bougie-300x200.jpg 300w\" sizes=\"auto, (max-width: 641px) 100vw, 641px\" \/><\/a><\/p>\n<div class=\"excerpt\">\n<p class=\"amorce\"><a href=\"http:\/\/www.lapresse.ca\/la-tribune\/arts\/201506\/03\/01-4874867-louis-pierre-bougie-voyager-creer.php\">(SHERBROOKE) En 40 ans de carri\u00e8re, Louis-Pierre Bougie a effectu\u00e9 plusieurs r\u00e9sidences de cr\u00e9ation \u00e0 travers le monde. Un premier s\u00e9jour en France et \u00e0 Cracovie \u00e0 l&rsquo;aube des ann\u00e9es 80 a permis au cr\u00e9ateur qu\u00e9b\u00e9cois de faire la rencontre de ma\u00eetres-imprimeurs. Dans le ventre des c\u00e9l\u00e8bres ateliers de Lacouri\u00e8re et Fr\u00e9laut, il a d\u00e9couvert des possibles artistiques qu&rsquo;il a import\u00e9s au Qu\u00e9bec. Depuis, il n&rsquo;a jamais cess\u00e9 de parfaire sa technique et son talent. Et il n&rsquo;a jamais cess\u00e9 d&rsquo;aller s&rsquo;inspirer au loin.<\/a><\/p>\n<\/div>\n<div class=\"entry chapitre chapitreTexte\">\n<p><a href=\"http:\/\/www.lapresse.ca\/la-tribune\/arts\/201506\/03\/01-4874867-louis-pierre-bougie-voyager-creer.php\">Tout l&rsquo;\u00e9t\u00e9, l&rsquo;artiste de renom expose les oeuvres des 35 derni\u00e8res ann\u00e9es \u00e0 la Galerie d&rsquo;art du Centre culturel de l&rsquo;Universit\u00e9 de Sherbrooke.<\/a><\/p>\n<\/div>\n<p>&nbsp;<\/p>\n","protected":false},"excerpt":{"rendered":"<p>(SHERBROOKE) En 40 ans de carri\u00e8re, Louis-Pierre Bougie a effectu\u00e9 plusieurs r\u00e9sidences de cr\u00e9ation \u00e0 travers le monde. Un premier s\u00e9jour en France et \u00e0 Cracovie \u00e0 l&rsquo;aube des ann\u00e9es&hellip; <\/p>\n","protected":false},"author":1,"featured_media":0,"comment_status":"open","ping_status":"open","sticky":false,"template":"","format":"standard","meta":{"_exactmetrics_skip_tracking":false,"_exactmetrics_sitenote_active":false,"_exactmetrics_sitenote_note":"","_exactmetrics_sitenote_category":0,"footnotes":""},"categories":[27,19],"tags":[34,6,66,35,634,633,632,58,40],"class_list":["post-3771","post","type-post","status-publish","format-standard","hentry","category-artistes","category-vernissage","tag-andre-becot","tag-club-des-collectionneurs-en-arts-visuels-de-quebec","tag-club-des-collectionneurs-en-arts-visuels-de-quebec-studio-becot","tag-foire-en-arts-actuel","tag-galerie-dart-du-centre-culturel-de-luniversite-de-sherbrooke","tag-lacouriere-et-frelaut","tag-louis-pierre-bougie","tag-marc-bellemare-collectionneur","tag-visuals-arts"],"_links":{"self":[{"href":"https:\/\/galeriebecot.com\/index.php?rest_route=\/wp\/v2\/posts\/3771","targetHints":{"allow":["GET"]}}],"collection":[{"href":"https:\/\/galeriebecot.com\/index.php?rest_route=\/wp\/v2\/posts"}],"about":[{"href":"https:\/\/galeriebecot.com\/index.php?rest_route=\/wp\/v2\/types\/post"}],"author":[{"embeddable":true,"href":"https:\/\/galeriebecot.com\/index.php?rest_route=\/wp\/v2\/users\/1"}],"replies":[{"embeddable":true,"href":"https:\/\/galeriebecot.com\/index.php?rest_route=%2Fwp%2Fv2%2Fcomments&post=3771"}],"version-history":[{"count":5,"href":"https:\/\/galeriebecot.com\/index.php?rest_route=\/wp\/v2\/posts\/3771\/revisions"}],"predecessor-version":[{"id":3777,"href":"https:\/\/galeriebecot.com\/index.php?rest_route=\/wp\/v2\/posts\/3771\/revisions\/3777"}],"wp:attachment":[{"href":"https:\/\/galeriebecot.com\/index.php?rest_route=%2Fwp%2Fv2%2Fmedia&parent=3771"}],"wp:term":[{"taxonomy":"category","embeddable":true,"href":"https:\/\/galeriebecot.com\/index.php?rest_route=%2Fwp%2Fv2%2Fcategories&post=3771"},{"taxonomy":"post_tag","embeddable":true,"href":"https:\/\/galeriebecot.com\/index.php?rest_route=%2Fwp%2Fv2%2Ftags&post=3771"}],"curies":[{"name":"wp","href":"https:\/\/api.w.org\/{rel}","templated":true}]}}