{"id":3697,"date":"2021-09-28T08:41:00","date_gmt":"2021-09-28T12:41:00","guid":{"rendered":"http:\/\/www.clubdescollectionneursenartsvisuelsdequebec.com\/?p=3697"},"modified":"2021-10-17T13:02:47","modified_gmt":"2021-10-17T17:02:47","slug":"exposition-des-finissants-en-arts-visuels","status":"publish","type":"post","link":"https:\/\/galeriebecot.com\/?p=3697","title":{"rendered":"Dany Massicotte : D\u00e9bris cosmiques : un r\u00e9cit sur l&rsquo;univers&#8230;!"},"content":{"rendered":"\n<p class=\"wp-block-paragraph\"><a href=\"https:\/\/www.lesoleil.com\/arts\/expositions\/debris-cosmiques-de-dany-massicotte-un-carrousel-pour-recreer-lunivers-98131dbd20889efa360ad77cca60967c\">Exposition de l&rsquo;artiste Dany Massicotte : D\u00e9bris cosmiques : un r\u00e9cit sur l&rsquo;univers du 8 au 17 octobre 2021, aux ateliers du Roulement \u00e0 billes au 336 rue Ste-H\u00e9l\u00e8ne.<\/a><\/p>\n\n\n\n<p class=\"wp-block-paragraph\">Vernissage le jeudi 7 octobre de 17h \u00e0 21h. heures d&rsquo;ouverture 12h \u00e0 18h<\/p>\n\n\n\n<figure class=\"wp-block-image size-large\"><a href=\"https:\/\/www.danymassicotte.com\/debris-cosmiques-2021\"><img loading=\"lazy\" decoding=\"async\" width=\"1024\" height=\"668\" src=\"https:\/\/www.galeriebecot.com\/wp-content\/uploads\/2021\/09\/Massicotte1-1024x668.jpg\" alt=\"\" class=\"wp-image-14773\" srcset=\"https:\/\/galeriebecot.com\/wp-content\/uploads\/2021\/09\/Massicotte1-1024x668.jpg 1024w, https:\/\/galeriebecot.com\/wp-content\/uploads\/2021\/09\/Massicotte1-300x196.jpg 300w, https:\/\/galeriebecot.com\/wp-content\/uploads\/2021\/09\/Massicotte1-768x501.jpg 768w, https:\/\/galeriebecot.com\/wp-content\/uploads\/2021\/09\/Massicotte1-1536x1002.jpg 1536w, https:\/\/galeriebecot.com\/wp-content\/uploads\/2021\/09\/Massicotte1.jpg 1584w\" sizes=\"auto, (max-width: 1024px) 100vw, 1024px\" \/><\/a><\/figure>\n\n\n\n<figure class=\"wp-block-image size-large\"><a href=\"https:\/\/www.danymassicotte.com\/debris-cosmiques-2021\"><img loading=\"lazy\" decoding=\"async\" width=\"808\" height=\"1024\" src=\"https:\/\/www.galeriebecot.com\/wp-content\/uploads\/2021\/09\/Massicotte2-808x1024.jpg\" alt=\"\" class=\"wp-image-14774\" srcset=\"https:\/\/galeriebecot.com\/wp-content\/uploads\/2021\/09\/Massicotte2-808x1024.jpg 808w, https:\/\/galeriebecot.com\/wp-content\/uploads\/2021\/09\/Massicotte2-237x300.jpg 237w, https:\/\/galeriebecot.com\/wp-content\/uploads\/2021\/09\/Massicotte2-768x973.jpg 768w, https:\/\/galeriebecot.com\/wp-content\/uploads\/2021\/09\/Massicotte2-1212x1536.jpg 1212w, https:\/\/galeriebecot.com\/wp-content\/uploads\/2021\/09\/Massicotte2.jpg 1250w\" sizes=\"auto, (max-width: 808px) 100vw, 808px\" \/><\/a><\/figure>\n\n\n\n<figure class=\"wp-block-image size-large\"><img loading=\"lazy\" decoding=\"async\" width=\"883\" height=\"1024\" src=\"https:\/\/www.galeriebecot.com\/wp-content\/uploads\/2021\/08\/UL-1-883x1024.jpg\" alt=\"\" class=\"wp-image-14588\" srcset=\"https:\/\/galeriebecot.com\/wp-content\/uploads\/2021\/08\/UL-1-883x1024.jpg 883w, https:\/\/galeriebecot.com\/wp-content\/uploads\/2021\/08\/UL-1-259x300.jpg 259w, https:\/\/galeriebecot.com\/wp-content\/uploads\/2021\/08\/UL-1-768x891.jpg 768w, https:\/\/galeriebecot.com\/wp-content\/uploads\/2021\/08\/UL-1.jpg 1224w\" sizes=\"auto, (max-width: 883px) 100vw, 883px\" \/><\/figure>\n\n\n\n<figure class=\"wp-block-image size-large\"><img loading=\"lazy\" decoding=\"async\" width=\"950\" height=\"1024\" src=\"https:\/\/www.galeriebecot.com\/wp-content\/uploads\/2021\/08\/UL-2-950x1024.jpg\" alt=\"\" class=\"wp-image-14589\" srcset=\"https:\/\/galeriebecot.com\/wp-content\/uploads\/2021\/08\/UL-2-950x1024.jpg 950w, https:\/\/galeriebecot.com\/wp-content\/uploads\/2021\/08\/UL-2-278x300.jpg 278w, https:\/\/galeriebecot.com\/wp-content\/uploads\/2021\/08\/UL-2-768x828.jpg 768w, https:\/\/galeriebecot.com\/wp-content\/uploads\/2021\/08\/UL-2.jpg 1224w\" sizes=\"auto, (max-width: 950px) 100vw, 950px\" \/><\/figure>\n\n\n\n<figure class=\"wp-block-image size-large\"><img loading=\"lazy\" decoding=\"async\" width=\"925\" height=\"1024\" src=\"https:\/\/www.galeriebecot.com\/wp-content\/uploads\/2021\/08\/UL-3-925x1024.jpg\" alt=\"\" class=\"wp-image-14590\" srcset=\"https:\/\/galeriebecot.com\/wp-content\/uploads\/2021\/08\/UL-3-925x1024.jpg 925w, https:\/\/galeriebecot.com\/wp-content\/uploads\/2021\/08\/UL-3-271x300.jpg 271w, https:\/\/galeriebecot.com\/wp-content\/uploads\/2021\/08\/UL-3-768x850.jpg 768w, https:\/\/galeriebecot.com\/wp-content\/uploads\/2021\/08\/UL-3-1387x1536.jpg 1387w, https:\/\/galeriebecot.com\/wp-content\/uploads\/2021\/08\/UL-3.jpg 1528w\" sizes=\"auto, (max-width: 925px) 100vw, 925px\" \/><\/figure>\n\n\n\n<figure class=\"wp-block-image size-large\"><img loading=\"lazy\" decoding=\"async\" width=\"909\" height=\"1024\" src=\"https:\/\/www.galeriebecot.com\/wp-content\/uploads\/2021\/08\/UL4-909x1024.jpg\" alt=\"\" class=\"wp-image-14591\" srcset=\"https:\/\/galeriebecot.com\/wp-content\/uploads\/2021\/08\/UL4-909x1024.jpg 909w, https:\/\/galeriebecot.com\/wp-content\/uploads\/2021\/08\/UL4-266x300.jpg 266w, https:\/\/galeriebecot.com\/wp-content\/uploads\/2021\/08\/UL4-768x865.jpg 768w, https:\/\/galeriebecot.com\/wp-content\/uploads\/2021\/08\/UL4.jpg 1224w\" sizes=\"auto, (max-width: 909px) 100vw, 909px\" \/><\/figure>\n\n\n\n<figure class=\"wp-block-image size-large\"><img loading=\"lazy\" decoding=\"async\" width=\"931\" height=\"1024\" src=\"https:\/\/www.galeriebecot.com\/wp-content\/uploads\/2021\/08\/UL5-931x1024.jpg\" alt=\"\" class=\"wp-image-14592\" srcset=\"https:\/\/galeriebecot.com\/wp-content\/uploads\/2021\/08\/UL5-931x1024.jpg 931w, https:\/\/galeriebecot.com\/wp-content\/uploads\/2021\/08\/UL5-273x300.jpg 273w, https:\/\/galeriebecot.com\/wp-content\/uploads\/2021\/08\/UL5-768x845.jpg 768w, https:\/\/galeriebecot.com\/wp-content\/uploads\/2021\/08\/UL5.jpg 1224w\" sizes=\"auto, (max-width: 931px) 100vw, 931px\" \/><\/figure>\n\n\n\n<figure class=\"wp-block-image size-large\"><img loading=\"lazy\" decoding=\"async\" width=\"926\" height=\"1024\" src=\"https:\/\/www.galeriebecot.com\/wp-content\/uploads\/2021\/08\/UL6-926x1024.jpg\" alt=\"\" class=\"wp-image-14593\" srcset=\"https:\/\/galeriebecot.com\/wp-content\/uploads\/2021\/08\/UL6-926x1024.jpg 926w, https:\/\/galeriebecot.com\/wp-content\/uploads\/2021\/08\/UL6-271x300.jpg 271w, https:\/\/galeriebecot.com\/wp-content\/uploads\/2021\/08\/UL6-768x849.jpg 768w, https:\/\/galeriebecot.com\/wp-content\/uploads\/2021\/08\/UL6.jpg 1238w\" sizes=\"auto, (max-width: 926px) 100vw, 926px\" \/><\/figure>\n\n\n\n<figure class=\"wp-block-image size-large\"><img loading=\"lazy\" decoding=\"async\" width=\"1024\" height=\"842\" src=\"https:\/\/www.galeriebecot.com\/wp-content\/uploads\/2021\/08\/UL7-1024x842.jpg\" alt=\"\" class=\"wp-image-14594\" srcset=\"https:\/\/galeriebecot.com\/wp-content\/uploads\/2021\/08\/UL7-1024x842.jpg 1024w, https:\/\/galeriebecot.com\/wp-content\/uploads\/2021\/08\/UL7-300x247.jpg 300w, https:\/\/galeriebecot.com\/wp-content\/uploads\/2021\/08\/UL7-768x631.jpg 768w, https:\/\/galeriebecot.com\/wp-content\/uploads\/2021\/08\/UL7.jpg 1224w\" sizes=\"auto, (max-width: 1024px) 100vw, 1024px\" \/><figcaption><br><\/figcaption><\/figure>\n\n\n\n<p class=\"wp-block-paragraph\"><a href=\"https:\/\/www.art.ulaval.ca\/galerie\/index\">L&rsquo;exposition est accessible jusqu&rsquo;au 28 Ao\u00fbt de 14 h \u00e0 17h en semaine et de 13h \u00e0 16h les fins de semaine, au 295, boulevard Charest Est. Bienvenue \u00e0 tous !<\/a><\/p>\n\n\n<p><\/p>\n<p><span class=\"Apple-style-span\">21 mai 2015 <\/span><\/p>\n<p><span class=\"Apple-style-span\">(Qu\u00e9bec) L&rsquo;exposition des finissants en arts visuels de l&rsquo;Universit\u00e9 Laval investit cette ann\u00e9e des locaux du R\u00e9acteur, centrale cr\u00e9ative, dans l&rsquo;ancien L\u00e9pine-Cloutier. Des \u00e9chantillons d&rsquo;une trentaine de pratiques diversifi\u00e9es et d\u00e9j\u00e0 bien affirm\u00e9es ont \u00e9t\u00e9 agenc\u00e9s<\/span><span class=\"Apple-style-span\"> par Patrick Dub\u00e9, du Lieu, qui agit comme commissaire cette ann\u00e9e.<\/span><\/p>","protected":false},"excerpt":{"rendered":"<p>Exposition de l&rsquo;artiste Dany Massicotte : D\u00e9bris cosmiques : un r\u00e9cit sur l&rsquo;univers du 8 au 17 octobre 2021, aux ateliers du Roulement \u00e0 billes au 336 rue Ste-H\u00e9l\u00e8ne. Vernissage&hellip; <\/p>\n","protected":false},"author":1,"featured_media":0,"comment_status":"open","ping_status":"open","sticky":false,"template":"","format":"standard","meta":{"_exactmetrics_skip_tracking":false,"_exactmetrics_sitenote_active":false,"_exactmetrics_sitenote_note":"","_exactmetrics_sitenote_category":0,"footnotes":""},"categories":[20,30,19],"tags":[3971,388,171,3966,3975,3945,691,67,66,3968,3605,3712,1721,244,1619,1379,3972,3974,58,3963,3967,3973,3970,3964,1439,3965,3962],"class_list":["post-3697","post","type-post","status-publish","format-standard","hentry","category-article-descriptif","category-le-soleil","category-vernissage","tag-alexandra-mailhot","tag-amelie-laurence-fortin","tag-andre-becot-artiste","tag-anne-marie-groulx","tag-antoine-paradis","tag-ateliers-du-roulement-a-billes","tag-caroline-gregoire","tag-club-des-collectionneurs-en-arts-visuels-de-quebec-marc-bellemare","tag-club-des-collectionneurs-en-arts-visuels-de-quebec-studio-becot","tag-cpe","tag-dany-massicotte","tag-galerie-andre-becot","tag-hydro-quebec","tag-josianne-desloges","tag-kandinsky","tag-le-soleil","tag-maha-bartakh","tag-malevitch","tag-marc-bellemare-collectionneur","tag-marie-soleil-kerouack","tag-mathieu-r-lapierre","tag-mikael-hebert","tag-mikis-alyson-jean-hebert","tag-spice-girls","tag-universite-laval","tag-venetia","tag-vincent-tyheriault"],"_links":{"self":[{"href":"https:\/\/galeriebecot.com\/index.php?rest_route=\/wp\/v2\/posts\/3697","targetHints":{"allow":["GET"]}}],"collection":[{"href":"https:\/\/galeriebecot.com\/index.php?rest_route=\/wp\/v2\/posts"}],"about":[{"href":"https:\/\/galeriebecot.com\/index.php?rest_route=\/wp\/v2\/types\/post"}],"author":[{"embeddable":true,"href":"https:\/\/galeriebecot.com\/index.php?rest_route=\/wp\/v2\/users\/1"}],"replies":[{"embeddable":true,"href":"https:\/\/galeriebecot.com\/index.php?rest_route=%2Fwp%2Fv2%2Fcomments&post=3697"}],"version-history":[{"count":12,"href":"https:\/\/galeriebecot.com\/index.php?rest_route=\/wp\/v2\/posts\/3697\/revisions"}],"predecessor-version":[{"id":14850,"href":"https:\/\/galeriebecot.com\/index.php?rest_route=\/wp\/v2\/posts\/3697\/revisions\/14850"}],"wp:attachment":[{"href":"https:\/\/galeriebecot.com\/index.php?rest_route=%2Fwp%2Fv2%2Fmedia&parent=3697"}],"wp:term":[{"taxonomy":"category","embeddable":true,"href":"https:\/\/galeriebecot.com\/index.php?rest_route=%2Fwp%2Fv2%2Fcategories&post=3697"},{"taxonomy":"post_tag","embeddable":true,"href":"https:\/\/galeriebecot.com\/index.php?rest_route=%2Fwp%2Fv2%2Ftags&post=3697"}],"curies":[{"name":"wp","href":"https:\/\/api.w.org\/{rel}","templated":true}]}}