{"id":3635,"date":"2015-05-09T14:49:58","date_gmt":"2015-05-09T18:49:58","guid":{"rendered":"http:\/\/www.clubdescollectionneursenartsvisuelsdequebec.com\/?p=3635"},"modified":"2015-05-12T14:52:18","modified_gmt":"2015-05-12T18:52:18","slug":"armand-cote-expose","status":"publish","type":"post","link":"https:\/\/galeriebecot.com\/?p=3635","title":{"rendered":"Armand C\u00f4t\u00e9 expose&#8230;."},"content":{"rendered":"<table>\n<tbody>\n<tr>\n<td>\n<div>\n<div>\n<p>Bonjour,<\/p>\n<p>La Galerie d\u2019Art Yvon Desgagn\u00e9s de Baie-Saint-Paul vous invite \u00e0 assister \u00e0 sa premi\u00e8re exposition annuelle samedi le 16 mai 2015 de 13h \u00e0 18h. J&rsquo;aurai le plaisir d&rsquo;y pr\u00e9senter mon ouvrage r\u00e9cent dans une exposition collective.<\/p>\n<p>Apr\u00e8s 40 ans de carri\u00e8re, je m&rsquo;efforce toujours d&rsquo;innover. De plus, trois\u00a0artistes peintres de renom exposeront leurs \u0153uvres avec moi, soit Ginette Beaulieu, Jean-Claude L\u00e9gar\u00e9 et Stuart Main. L\u2019exposition se poursuivra jusqu\u2019au 31 mai 2015.<\/p>\n<p>Je vous rappelle que la galerie est situ\u00e9e au 1, rue Forget \u00e0 Baie-Saint-Paul. Au plaisir de vous y rencontrer !<\/p>\n<p>Armand<\/p>\n<p><a href=\"https:\/\/www.galeriebecot.com\/wp-content\/uploads\/2015\/05\/armand_cote_.jpg\"><img loading=\"lazy\" decoding=\"async\" class=\"alignnone size-full wp-image-3636\" src=\"https:\/\/www.galeriebecot.com\/wp-content\/uploads\/2015\/05\/armand_cote_.jpg\" alt=\"armand_cote_\" width=\"172\" height=\"221\" \/><\/a><\/p>\n<p>p. j. Le penseur (JPG)<\/p>\n<\/div>\n<\/div>\n<\/td>\n<\/tr>\n<\/tbody>\n<\/table>\n","protected":false},"excerpt":{"rendered":"<p>Bonjour, La Galerie d\u2019Art Yvon Desgagn\u00e9s de Baie-Saint-Paul vous invite \u00e0 assister \u00e0 sa premi\u00e8re exposition annuelle samedi le 16 mai 2015 de 13h \u00e0 18h. J&rsquo;aurai le plaisir d&rsquo;y&hellip; <\/p>\n","protected":false},"author":1,"featured_media":0,"comment_status":"open","ping_status":"open","sticky":false,"template":"","format":"standard","meta":{"_exactmetrics_skip_tracking":false,"_exactmetrics_sitenote_active":false,"_exactmetrics_sitenote_note":"","_exactmetrics_sitenote_category":0,"footnotes":""},"categories":[19],"tags":[34,590,6,589,591,592,58,593,37,40],"class_list":["post-3635","post","type-post","status-publish","format-standard","hentry","category-vernissage","tag-andre-becot","tag-armand-cote","tag-club-des-collectionneurs-en-arts-visuels-de-quebec","tag-galerie-dart-yvon-desgagnes","tag-ginette-beaulieu","tag-jean-claude-legare","tag-marc-bellemare-collectionneur","tag-stuart-main","tag-studio-becot","tag-visuals-arts"],"_links":{"self":[{"href":"https:\/\/galeriebecot.com\/index.php?rest_route=\/wp\/v2\/posts\/3635","targetHints":{"allow":["GET"]}}],"collection":[{"href":"https:\/\/galeriebecot.com\/index.php?rest_route=\/wp\/v2\/posts"}],"about":[{"href":"https:\/\/galeriebecot.com\/index.php?rest_route=\/wp\/v2\/types\/post"}],"author":[{"embeddable":true,"href":"https:\/\/galeriebecot.com\/index.php?rest_route=\/wp\/v2\/users\/1"}],"replies":[{"embeddable":true,"href":"https:\/\/galeriebecot.com\/index.php?rest_route=%2Fwp%2Fv2%2Fcomments&post=3635"}],"version-history":[{"count":1,"href":"https:\/\/galeriebecot.com\/index.php?rest_route=\/wp\/v2\/posts\/3635\/revisions"}],"predecessor-version":[{"id":3637,"href":"https:\/\/galeriebecot.com\/index.php?rest_route=\/wp\/v2\/posts\/3635\/revisions\/3637"}],"wp:attachment":[{"href":"https:\/\/galeriebecot.com\/index.php?rest_route=%2Fwp%2Fv2%2Fmedia&parent=3635"}],"wp:term":[{"taxonomy":"category","embeddable":true,"href":"https:\/\/galeriebecot.com\/index.php?rest_route=%2Fwp%2Fv2%2Fcategories&post=3635"},{"taxonomy":"post_tag","embeddable":true,"href":"https:\/\/galeriebecot.com\/index.php?rest_route=%2Fwp%2Fv2%2Ftags&post=3635"}],"curies":[{"name":"wp","href":"https:\/\/api.w.org\/{rel}","templated":true}]}}