{"id":3561,"date":"2015-03-29T12:23:09","date_gmt":"2015-03-29T16:23:09","guid":{"rendered":"http:\/\/www.clubdescollectionneursenartsvisuelsdequebec.com\/?p=3561"},"modified":"2015-04-22T12:39:01","modified_gmt":"2015-04-22T16:39:01","slug":"therese-casavant-expose","status":"publish","type":"post","link":"https:\/\/galeriebecot.com\/?p=3561","title":{"rendered":"Th\u00e9r\u00e8se Casavant expose&#8230;."},"content":{"rendered":"<div><span style=\"font-family: Calibri;\"><span style=\"font-size: xx-large;\">\u00c9MERGENCE<\/span><\/span><\/div>\n<div><a href=\"https:\/\/www.galeriebecot.com\/wp-content\/uploads\/2015\/04\/casavant.jpg\"><img loading=\"lazy\" decoding=\"async\" class=\"alignnone size-full wp-image-3562\" src=\"https:\/\/www.galeriebecot.com\/wp-content\/uploads\/2015\/04\/casavant.jpg\" alt=\"casavant\" width=\"720\" height=\"612\" srcset=\"https:\/\/galeriebecot.com\/wp-content\/uploads\/2015\/04\/casavant.jpg 720w, https:\/\/galeriebecot.com\/wp-content\/uploads\/2015\/04\/casavant-300x255.jpg 300w\" sizes=\"auto, (max-width: 720px) 100vw, 720px\" \/><\/a><\/div>\n<div><a title=\"Fou Bar\" href=\"http:\/\/www.foubar.ca\/\"><span style=\"font-family: Calibri; font-size: x-large;\">Au Fou-Bar,<\/span><\/a><\/div>\n<div><span style=\"font-family: Calibri; font-size: x-large;\">525 rue st-jean, Qu\u00e9bec.<\/span><\/div>\n<div><span style=\"font-family: Calibri; font-size: x-large;\">du 3 mai au 31 mai.<\/span><\/div>\n<div><span style=\"font-family: Calibri; font-size: x-large;\">Vernissage\u00a0dimanche le\u00a03 mai 5 \u00e0 7<\/span><\/div>\n<div><span style=\"font-family: Calibri; font-size: x-large;\">c&rsquo;est avec plaisir que je vous attends tous&#8230;.!!!<\/span><\/div>\n<div>\n<h3>Biographie<\/h3>\n<p>Avec le temps, le m\u00eame esprit,la m\u00eame qu\u00eate; la couleur.<\/p>\n<p>Une exploration fantaisiste, tragique, \u00e9pidermique, l&rsquo;effet se traduit par la vibration. Le rapport \u00e0 la peinture est introspectif, \u00e9motif, actif. Le processus devient compulsif et manifeste une distance et&#8230;cette distance est n\u00e9cessaire.<\/p>\n<p>Tout peut devenir paradoxal.<\/p>\n<p>L&rsquo;intemporel suit de pr\u00e8s le geste posant enfin un regard plus intime et qui traduit ce qui nous entoure ou plut\u00f4t ce que l&rsquo;on vit \u00e0 travers. La couleur et le geste deviennent exp\u00e9rience du processus. La peinture est situationnelle dans des conditions aussi proches de la r\u00e9alit\u00e9. La temporalit\u00e9 change \u00e0 tout instant.<\/p>\n<p>La d\u00e9marche de T\u00e9r\u00e8se Casavant n&rsquo;est qu&rsquo;une simple marche vers l&rsquo;atelier. Tout devient concret. Entre un regard, un gant oubli\u00e9, une parole, un sourire, une odeur, l&rsquo;incertitude, un mal de vivre, le vert des feuilles et tout le reste, tout devient abstrait. Un rien s&rsquo;anime \u00e0 l&rsquo;atelier. La fragilit\u00e9 devient force. Quand elle occupe l&rsquo;atelier, elle se laisse envahir par la diversit\u00e9 de son intensit\u00e9 pour le plaisir de la couleur.<\/p>\n<\/div>\n<div><span class=\"Apple-style-span\" style=\"font-family: Calibri; font-size: x-large;\">\u00a0<\/span><\/div>\n","protected":false},"excerpt":{"rendered":"<p>\u00c9MERGENCE Au Fou-Bar, 525 rue st-jean, Qu\u00e9bec. du 3 mai au 31 mai. Vernissage\u00a0dimanche le\u00a03 mai 5 \u00e0 7 c&rsquo;est avec plaisir que je vous attends tous&#8230;.!!! Biographie Avec le&hellip; <\/p>\n","protected":false},"author":1,"featured_media":0,"comment_status":"open","ping_status":"open","sticky":false,"template":"","format":"standard","meta":{"_exactmetrics_skip_tracking":false,"_exactmetrics_sitenote_active":false,"_exactmetrics_sitenote_note":"","_exactmetrics_sitenote_category":0,"footnotes":""},"categories":[19],"tags":[34,66,572,58,37,571,40],"class_list":["post-3561","post","type-post","status-publish","format-standard","hentry","category-vernissage","tag-andre-becot","tag-club-des-collectionneurs-en-arts-visuels-de-quebec-studio-becot","tag-fou-bar","tag-marc-bellemare-collectionneur","tag-studio-becot","tag-therese-casavant","tag-visuals-arts"],"_links":{"self":[{"href":"https:\/\/galeriebecot.com\/index.php?rest_route=\/wp\/v2\/posts\/3561","targetHints":{"allow":["GET"]}}],"collection":[{"href":"https:\/\/galeriebecot.com\/index.php?rest_route=\/wp\/v2\/posts"}],"about":[{"href":"https:\/\/galeriebecot.com\/index.php?rest_route=\/wp\/v2\/types\/post"}],"author":[{"embeddable":true,"href":"https:\/\/galeriebecot.com\/index.php?rest_route=\/wp\/v2\/users\/1"}],"replies":[{"embeddable":true,"href":"https:\/\/galeriebecot.com\/index.php?rest_route=%2Fwp%2Fv2%2Fcomments&post=3561"}],"version-history":[{"count":7,"href":"https:\/\/galeriebecot.com\/index.php?rest_route=\/wp\/v2\/posts\/3561\/revisions"}],"predecessor-version":[{"id":3569,"href":"https:\/\/galeriebecot.com\/index.php?rest_route=\/wp\/v2\/posts\/3561\/revisions\/3569"}],"wp:attachment":[{"href":"https:\/\/galeriebecot.com\/index.php?rest_route=%2Fwp%2Fv2%2Fmedia&parent=3561"}],"wp:term":[{"taxonomy":"category","embeddable":true,"href":"https:\/\/galeriebecot.com\/index.php?rest_route=%2Fwp%2Fv2%2Fcategories&post=3561"},{"taxonomy":"post_tag","embeddable":true,"href":"https:\/\/galeriebecot.com\/index.php?rest_route=%2Fwp%2Fv2%2Ftags&post=3561"}],"curies":[{"name":"wp","href":"https:\/\/api.w.org\/{rel}","templated":true}]}}