{"id":3492,"date":"2015-03-14T22:27:35","date_gmt":"2015-03-15T02:27:35","guid":{"rendered":"http:\/\/www.clubdescollectionneursenartsvisuelsdequebec.com\/?p=3492"},"modified":"2015-04-06T22:30:19","modified_gmt":"2015-04-07T02:30:19","slug":"alexis-goufas-expose","status":"publish","type":"post","link":"https:\/\/galeriebecot.com\/?p=3492","title":{"rendered":"Alexis Goufas, expose&#8230;"},"content":{"rendered":"<p><a href=\"https:\/\/www.galeriebecot.com\/wp-content\/uploads\/2015\/04\/Invitation-Goufas_EXILS.jpg\"><img loading=\"lazy\" decoding=\"async\" class=\"alignnone size-large wp-image-3493\" src=\"https:\/\/www.galeriebecot.com\/wp-content\/uploads\/2015\/04\/Invitation-Goufas_EXILS-427x1024.jpg\" alt=\"Invitation Goufas_EXILS\" width=\"427\" height=\"1024\" srcset=\"https:\/\/galeriebecot.com\/wp-content\/uploads\/2015\/04\/Invitation-Goufas_EXILS-427x1024.jpg 427w, https:\/\/galeriebecot.com\/wp-content\/uploads\/2015\/04\/Invitation-Goufas_EXILS-125x300.jpg 125w, https:\/\/galeriebecot.com\/wp-content\/uploads\/2015\/04\/Invitation-Goufas_EXILS.jpg 720w\" sizes=\"auto, (max-width: 427px) 100vw, 427px\" \/><\/a><\/p>\n<p>Mercredi le 15 avril 2015 \u00e0 17h30<\/p>\n<p>au 36 c\u00f4te du Passage,Vieux L\u00e9vis<\/p>\n","protected":false},"excerpt":{"rendered":"<p>Mercredi le 15 avril 2015 \u00e0 17h30 au 36 c\u00f4te du Passage,Vieux L\u00e9vis<\/p>\n","protected":false},"author":1,"featured_media":0,"comment_status":"open","ping_status":"open","sticky":false,"template":"","format":"standard","meta":{"_exactmetrics_skip_tracking":false,"_exactmetrics_sitenote_active":false,"_exactmetrics_sitenote_note":"","_exactmetrics_sitenote_category":0,"footnotes":""},"categories":[27,19],"tags":[558,34,6,58,37,40],"class_list":["post-3492","post","type-post","status-publish","format-standard","hentry","category-artistes","category-vernissage","tag-alexis-goufas","tag-andre-becot","tag-club-des-collectionneurs-en-arts-visuels-de-quebec","tag-marc-bellemare-collectionneur","tag-studio-becot","tag-visuals-arts"],"_links":{"self":[{"href":"https:\/\/galeriebecot.com\/index.php?rest_route=\/wp\/v2\/posts\/3492","targetHints":{"allow":["GET"]}}],"collection":[{"href":"https:\/\/galeriebecot.com\/index.php?rest_route=\/wp\/v2\/posts"}],"about":[{"href":"https:\/\/galeriebecot.com\/index.php?rest_route=\/wp\/v2\/types\/post"}],"author":[{"embeddable":true,"href":"https:\/\/galeriebecot.com\/index.php?rest_route=\/wp\/v2\/users\/1"}],"replies":[{"embeddable":true,"href":"https:\/\/galeriebecot.com\/index.php?rest_route=%2Fwp%2Fv2%2Fcomments&post=3492"}],"version-history":[{"count":2,"href":"https:\/\/galeriebecot.com\/index.php?rest_route=\/wp\/v2\/posts\/3492\/revisions"}],"predecessor-version":[{"id":3495,"href":"https:\/\/galeriebecot.com\/index.php?rest_route=\/wp\/v2\/posts\/3492\/revisions\/3495"}],"wp:attachment":[{"href":"https:\/\/galeriebecot.com\/index.php?rest_route=%2Fwp%2Fv2%2Fmedia&parent=3492"}],"wp:term":[{"taxonomy":"category","embeddable":true,"href":"https:\/\/galeriebecot.com\/index.php?rest_route=%2Fwp%2Fv2%2Fcategories&post=3492"},{"taxonomy":"post_tag","embeddable":true,"href":"https:\/\/galeriebecot.com\/index.php?rest_route=%2Fwp%2Fv2%2Ftags&post=3492"}],"curies":[{"name":"wp","href":"https:\/\/api.w.org\/{rel}","templated":true}]}}