{"id":3437,"date":"2015-02-26T09:58:06","date_gmt":"2015-02-26T14:58:06","guid":{"rendered":"http:\/\/www.clubdescollectionneursenartsvisuelsdequebec.com\/?p=3437"},"modified":"2015-03-24T16:10:00","modified_gmt":"2015-03-24T20:10:00","slug":"phelipe-soldevila-indiscipline-proteiforme","status":"publish","type":"post","link":"https:\/\/galeriebecot.com\/?p=3437","title":{"rendered":"Phelipe Soldevila: indiscipline prot\u00e9iforme"},"content":{"rendered":"<p><a href=\"https:\/\/www.galeriebecot.com\/wp-content\/uploads\/2015\/03\/986771-phelipe-soldevila-expose-quarantaine-toiles.jpg\"><img loading=\"lazy\" decoding=\"async\" class=\"alignnone size-full wp-image-3438\" src=\"https:\/\/www.galeriebecot.com\/wp-content\/uploads\/2015\/03\/986771-phelipe-soldevila-expose-quarantaine-toiles.jpg\" alt=\"986771-phelipe-soldevila-expose-quarantaine-toiles\" width=\"641\" height=\"427\" srcset=\"https:\/\/galeriebecot.com\/wp-content\/uploads\/2015\/03\/986771-phelipe-soldevila-expose-quarantaine-toiles.jpg 641w, https:\/\/galeriebecot.com\/wp-content\/uploads\/2015\/03\/986771-phelipe-soldevila-expose-quarantaine-toiles-300x200.jpg 300w\" sizes=\"auto, (max-width: 641px) 100vw, 641px\" \/><\/a><\/p>\n<p id=\"articleMainImageDesc\" class=\"desc\">Phelipe Soldevila expose une quarantaine de toiles et quelques \u00e9tudes dans un immense local d&rsquo;o\u00f9 on peut voir l&rsquo;\u00c9cole des arts visuels.<\/p>\n<p id=\"articleMainImageAuteur\" class=\"auteur\">LE SOLEIL, JEAN-MARIE VILLENEUVE<\/p>\n<p class=\"auteur\"><a href=\"https:\/\/www.galeriebecot.com\/wp-content\/uploads\/2015\/03\/611432-josianne-desloges.jpg\"><img loading=\"lazy\" decoding=\"async\" class=\"alignnone size-full wp-image-3434\" src=\"https:\/\/www.galeriebecot.com\/wp-content\/uploads\/2015\/03\/611432-josianne-desloges.jpg\" alt=\"611432-josianne-desloges\" width=\"104\" height=\"69\" \/><\/a>\u00a0<a title=\"Josianne Desloges\" href=\"http:\/\/www.lapresse.ca\/le-soleil\/arts-et-spectacles\/expositions\/201503\/21\/01-4854372-phelipe-soldevila-indiscipline-proteiforme.php?utm_categorieinterne=trafficdrivers&amp;utm_contenuinterne=envoyer_cbp\">Josianne Desloges LeSoleil<\/a><\/p>\n<p>(Qu\u00e9bec) Phelipe Soldevila d\u00e9borde. De mots, de formes, de couleurs et de sentiments m\u00e9lang\u00e9s. L&rsquo;hiver, il propulse tout \u00e7a sur des tableaux de six pieds de haut, \u00e0 d\u00e9faut d&rsquo;avoir des murs \u00e0 ciel ouvert o\u00f9 dessiner.<\/p>\n<p>Celui qui a fait la grande murale inspir\u00e9e du bestiaire de Pellan, maintenant cach\u00e9e par un immeuble, au coin Cartier et Ren\u00e9-L\u00e9vesque, navigue toujours entre formes organiques et formes g\u00e9om\u00e9triques au gr\u00e9 des effusions color\u00e9es. Tant\u00f4t on y voit des plumes, tant\u00f4t des cr\u00e9atures grouillantes au corps sinueux, tant\u00f4t des vortex qui auraient pris corps.<\/p>\n<p>\u00abDes amulettes\u00bb, dira Soldevila, avec des \u00e9nergies et des couleurs inspir\u00e9es de ses \u00e9tats d&rsquo;\u00e2me.<\/p>\n<p>Mais plus de renards ou de l\u00e9zards dans ses constructions. Triangles, losanges, cercles et solides ont remplac\u00e9 les personnages trop \u00e0 l&rsquo;\u00e9troit sur des toiles, o\u00f9 il \u00e9tait, selon lui, impossible de leur donner cette aura de libert\u00e9 \u00e0 laquelle il tient tant. Dans la toile\u00a0<i>Tokyo<\/i>, la premi\u00e8re de la s\u00e9rie, on devine bien des yeux qui flottent, mais l&rsquo;animal s&rsquo;est d\u00e9construit, \u00e9vanoui dans une forme qui rappelle les d\u00e9cors de mangas.<\/p>\n<p>\u00abJ&rsquo;ai essay\u00e9 de recr\u00e9er un peu le m\u00eame\u00a0<i>buzz<\/i>\u00a0que lorsque je cr\u00e9e \u00e0 l&rsquo;ext\u00e9rieur, en faisant des fonds qui peuvent ressembler \u00e0 ce que je trouve dans des buildings abandonn\u00e9s, dans des tunnels de train ou sous les viaducs\u00bb, explique-t-il. Le contraste entre certains fonds mats, faits de transparences et de d\u00e9goulinures, et les formes flottantes aux contours tr\u00e8s \u00e9vidents confond l&rsquo;oeil, \u00e9galement \u00e9tourdi par les effets de perspectives. \u00abOn essaie toujours de r\u00e9soudre des toiles, r\u00e9sume Soldevila. Je ne veux pas amener les gens dans une zone d&rsquo;inconfort, mais plut\u00f4t les pousser \u00e0 vouloir voir plus loin, \u00e0 se perdre plus longtemps dans la peinture.\u00bb<\/p>\n<p>Phelipe expose une quarantaine de toiles et quelques \u00e9tudes dans un immense local d&rsquo;o\u00f9 on peut voir l&rsquo;\u00c9cole des arts visuels. \u00abJe devais pr\u00e9senter l&rsquo;exposition dans le cadre de ma ma\u00eetrise \u00e0 l&rsquo;Universit\u00e9 Laval, mais finalement, j&rsquo;ai vraiment eu trop de probl\u00e8mes avec la direction, indique l&rsquo;artiste. Je pense qu&rsquo;ils ne m&rsquo;ont vraiment pas aid\u00e9 en tant qu&rsquo;artiste, et c&rsquo;est un peu pour \u00e7a que le titre de l&rsquo;exposition est\u00a0<i>Insolence chronique<\/i>. \u00c7a aurait pu \u00eatre\u00a0<i>Apprendre dans l&rsquo;adversit\u00e9<\/i>. Je ne pr\u00e9tends rien, mais j&rsquo;ai vraiment confiance en ce que je fais.\u00bb<\/p>\n<p><strong><i>Canadian Bacon<\/i><\/strong><\/p>\n<p>Et apparemment, le jeune homme sait y faire pour susciter l&rsquo;enthousiasme et d\u00e9placer les foules. Il l&rsquo;a prouv\u00e9 avec les \u00e9v\u00e9nements\u00a0<i>Canadian Bacon<\/i>, pr\u00e9sent\u00e9s deux fois par ann\u00e9e en collaboration avec Plenty Humanwear, la compagnie de v\u00eatements pour laquelle il a cr\u00e9\u00e9 de multiples dessins. \u00abJe voulais faire une exposition collective, et j&rsquo;ai invit\u00e9 mes amis proches, mais vite on \u00e9tait rendus 21, et \u00e7a a attir\u00e9 450 personnes\u00bb, raconte-t-il. La prochaine \u00e9dition rassemblera 30 artistes de Qu\u00e9bec et 10 de Montr\u00e9al et sera pr\u00e9sent\u00e9e les 24, 25 et 26 avril dans la capitale et pour la premi\u00e8re fois dans la m\u00e9tropole les 8, 9 et 10 mai, dans un grand entrep\u00f4t appartenant \u00e0 la compagnie.<\/p>\n<p>L&rsquo;artiste a \u00e9galement deux toiles \u00e0 la galerie d&rsquo;art du Ch\u00e2teau Frontenac,\u00a0<i>Trois fois ce matin<\/i>\u00a0et<i>Tokito<\/i>.<\/p>\n<p><em>L&rsquo;exposition sera accessible tous les jours de 12h \u00e0 17h, du 27 mars au 10 avril, par la porte du 272, rue Christophe-Colomb Est. Info :\u00a0<a href=\"http:\/\/phelipe.ca\/\" target=\"_blank\">phelipe.ca<\/a><\/em><\/p>\n<p>&nbsp;<\/p>\n","protected":false},"excerpt":{"rendered":"<p>Phelipe Soldevila expose une quarantaine de toiles et quelques \u00e9tudes dans un immense local d&rsquo;o\u00f9 on peut voir l&rsquo;\u00c9cole des arts visuels. LE SOLEIL, JEAN-MARIE VILLENEUVE \u00a0Josianne Desloges LeSoleil (Qu\u00e9bec)&hellip; <\/p>\n","protected":false},"author":1,"featured_media":0,"comment_status":"open","ping_status":"open","sticky":false,"template":"","format":"standard","meta":{"_exactmetrics_skip_tracking":false,"_exactmetrics_sitenote_active":false,"_exactmetrics_sitenote_note":"","_exactmetrics_sitenote_category":0,"footnotes":""},"categories":[20,27,30,19],"tags":[34,552,6,66,58,87,37,40],"class_list":["post-3437","post","type-post","status-publish","format-standard","hentry","category-article-descriptif","category-artistes","category-le-soleil","category-vernissage","tag-andre-becot","tag-canadian-bacon","tag-club-des-collectionneurs-en-arts-visuels-de-quebec","tag-club-des-collectionneurs-en-arts-visuels-de-quebec-studio-becot","tag-marc-bellemare-collectionneur","tag-phelipe-soldevila","tag-studio-becot","tag-visuals-arts"],"_links":{"self":[{"href":"https:\/\/galeriebecot.com\/index.php?rest_route=\/wp\/v2\/posts\/3437","targetHints":{"allow":["GET"]}}],"collection":[{"href":"https:\/\/galeriebecot.com\/index.php?rest_route=\/wp\/v2\/posts"}],"about":[{"href":"https:\/\/galeriebecot.com\/index.php?rest_route=\/wp\/v2\/types\/post"}],"author":[{"embeddable":true,"href":"https:\/\/galeriebecot.com\/index.php?rest_route=\/wp\/v2\/users\/1"}],"replies":[{"embeddable":true,"href":"https:\/\/galeriebecot.com\/index.php?rest_route=%2Fwp%2Fv2%2Fcomments&post=3437"}],"version-history":[{"count":3,"href":"https:\/\/galeriebecot.com\/index.php?rest_route=\/wp\/v2\/posts\/3437\/revisions"}],"predecessor-version":[{"id":3441,"href":"https:\/\/galeriebecot.com\/index.php?rest_route=\/wp\/v2\/posts\/3437\/revisions\/3441"}],"wp:attachment":[{"href":"https:\/\/galeriebecot.com\/index.php?rest_route=%2Fwp%2Fv2%2Fmedia&parent=3437"}],"wp:term":[{"taxonomy":"category","embeddable":true,"href":"https:\/\/galeriebecot.com\/index.php?rest_route=%2Fwp%2Fv2%2Fcategories&post=3437"},{"taxonomy":"post_tag","embeddable":true,"href":"https:\/\/galeriebecot.com\/index.php?rest_route=%2Fwp%2Fv2%2Ftags&post=3437"}],"curies":[{"name":"wp","href":"https:\/\/api.w.org\/{rel}","templated":true}]}}