{"id":3362,"date":"2015-03-30T10:09:33","date_gmt":"2015-03-30T14:09:33","guid":{"rendered":"http:\/\/www.clubdescollectionneursenartsvisuelsdequebec.com\/?p=3362"},"modified":"2015-04-11T10:41:07","modified_gmt":"2015-04-11T14:41:07","slug":"andre-philippe-cote","status":"publish","type":"post","link":"https:\/\/galeriebecot.com\/?p=3362","title":{"rendered":"Andr\u00e9-Philippe C\u00f4t\u00e9,une conf\u00e9rence VIP,deux expos de peinture et une monographie&#8230;!"},"content":{"rendered":"<p><strong><a title=\"Andr\u00e9 Philippe C\u00f4t\u00e9\" href=\"http:\/\/www.lafabriqueculturelle.tv\/capsules\/3956\/andre-philippe-cote-se-livre-et-s-expose\"><img loading=\"lazy\" decoding=\"async\" class=\"alignnone size-full wp-image-3523\" src=\"https:\/\/www.galeriebecot.com\/wp-content\/uploads\/2015\/03\/images.jpeg\" alt=\"images\" width=\"98\" height=\"55\" \/><\/a><\/strong><\/p>\n<p><a title=\"Andr\u00e9 Philippe C\u00f4t\u00e9\" href=\"http:\/\/www.lafabriqueculturelle.tv\/capsules\/3956\/andre-philippe-cote-se-livre-et-s-expose\"><strong>Andr\u00e9-Philippe C\u00f4t\u00e9 se livre et s&rsquo;expose&#8230;(vid\u00e9o)<\/strong><\/a><\/p>\n<p><em><span class=\"Apple-style-span\"><span id=\"spans0e0\">Les \u00e9coles d&rsquo;art<\/span>\u00a0devraient toujours baser leurs enseignements sur les connaissances et non pas sur les modes.(Andr\u00e9 B\u00e9cot)<\/span><\/em><\/p>\n<p><a title=\"Andr\u00e9 Philippe C\u00f4t\u00e9\" href=\"http:\/\/ap-cote.com\/\"><img loading=\"lazy\" decoding=\"async\" class=\"alignnone size-full wp-image-3472\" src=\"https:\/\/www.galeriebecot.com\/wp-content\/uploads\/2015\/03\/Marc-Andre.jpg\" alt=\"Marc+Andre\" width=\"720\" height=\"498\" srcset=\"https:\/\/galeriebecot.com\/wp-content\/uploads\/2015\/03\/Marc-Andre.jpg 720w, https:\/\/galeriebecot.com\/wp-content\/uploads\/2015\/03\/Marc-Andre-300x208.jpg 300w\" sizes=\"auto, (max-width: 720px) 100vw, 720px\" \/><\/a><a href=\"https:\/\/www.galeriebecot.com\/wp-content\/uploads\/2015\/02\/Andre-Philippe.jpg\"><img loading=\"lazy\" decoding=\"async\" class=\"alignnone size-large wp-image-3420\" src=\"https:\/\/www.galeriebecot.com\/wp-content\/uploads\/2015\/02\/Andre-Philippe-947x1024.jpg\" alt=\"Andre Philippe\" width=\"700\" height=\"757\" srcset=\"https:\/\/galeriebecot.com\/wp-content\/uploads\/2015\/02\/Andre-Philippe.jpg 947w, https:\/\/galeriebecot.com\/wp-content\/uploads\/2015\/02\/Andre-Philippe-277x300.jpg 277w\" sizes=\"auto, (max-width: 700px) 100vw, 700px\" \/><\/a><\/p>\n<p><a href=\"https:\/\/www.galeriebecot.com\/wp-content\/uploads\/2015\/02\/Andre-Philipper1.jpg\"><img loading=\"lazy\" decoding=\"async\" class=\"alignnone size-large wp-image-3421\" src=\"https:\/\/www.galeriebecot.com\/wp-content\/uploads\/2015\/02\/Andre-Philipper1-1024x424.jpg\" alt=\"Andre Philipper1\" width=\"700\" height=\"290\" srcset=\"https:\/\/galeriebecot.com\/wp-content\/uploads\/2015\/02\/Andre-Philipper1-1024x424.jpg 1024w, https:\/\/galeriebecot.com\/wp-content\/uploads\/2015\/02\/Andre-Philipper1-300x124.jpg 300w, https:\/\/galeriebecot.com\/wp-content\/uploads\/2015\/02\/Andre-Philipper1-700x290.jpg 700w, https:\/\/galeriebecot.com\/wp-content\/uploads\/2015\/02\/Andre-Philipper1.jpg 1200w\" sizes=\"auto, (max-width: 700px) 100vw, 700px\" \/><\/a><\/p>\n<p><a title=\"Les \u00e9ditions Salto\" href=\"http:\/\/www.editionsalto.com\/\">Les \u00e9ditions Salto<\/a>_<\/p>\n<p><a href=\"https:\/\/www.galeriebecot.com\/wp-content\/uploads\/2015\/02\/Andre-Philippe-2ok.jpg\"><img loading=\"lazy\" decoding=\"async\" class=\"alignnone size-large wp-image-3423\" src=\"https:\/\/www.galeriebecot.com\/wp-content\/uploads\/2015\/02\/Andre-Philippe-2ok-881x1024.jpg\" alt=\"Andre Philippe 2ok\" width=\"700\" height=\"814\" srcset=\"https:\/\/galeriebecot.com\/wp-content\/uploads\/2015\/02\/Andre-Philippe-2ok-881x1024.jpg 881w, https:\/\/galeriebecot.com\/wp-content\/uploads\/2015\/02\/Andre-Philippe-2ok-258x300.jpg 258w, https:\/\/galeriebecot.com\/wp-content\/uploads\/2015\/02\/Andre-Philippe-2ok.jpg 1215w\" sizes=\"auto, (max-width: 700px) 100vw, 700px\" \/><\/a><\/p>\n<p><a href=\"https:\/\/www.galeriebecot.com\/wp-content\/uploads\/2015\/03\/611432-josianne-desloges.jpg\"><img loading=\"lazy\" decoding=\"async\" class=\"alignnone size-full wp-image-3434\" src=\"https:\/\/www.galeriebecot.com\/wp-content\/uploads\/2015\/03\/611432-josianne-desloges.jpg\" alt=\"611432-josianne-desloges\" width=\"104\" height=\"69\" \/><\/a><\/p>\n<p><span class=\"Apple-style-span\"><a title=\"Josianne Desloges\" href=\"http:\/\/www.lapresse.ca\/le-soleil\/arts-et-spectacles\/expositions\/201503\/21\/01-4854372-phelipe-soldevila-indiscipline-proteiforme.php?utm_categorieinterne=trafficdrivers&amp;utm_contenuinterne=envoyer_cbp\"><strong>JOSIANNE DESLOGES,\u00a0<\/strong>Le Soleil<\/a>_<\/span><\/p>\n<p>Un autre c\u00f4t\u00e9 de C\u00f4t\u00e9,<\/p>\n<div class=\"entry chapitre chapitreTexte\">\n<p>Le caricaturiste du\u00a0<i>Soleil,<\/i>\u00a0r\u00e9v\u00e8le son travail de peintre pour la premi\u00e8re fois avec deux expositions et une monographie, intitul\u00e9e<i>L&rsquo;autre C\u00f4t\u00e9<\/i>\u00a0et publi\u00e9e aux \u00e9ditions Alto. En avril, on aura donc l&rsquo;impression de voir le travail de C\u00f4t\u00e9 de tous les c\u00f4t\u00e9s&#8230; L&rsquo;artiste sera d&rsquo;abord l&rsquo;invit\u00e9 du Club des collectionneurs en art visuel pour une conf\u00e9rence conviviale ouverte au grand public, le lundi 30 mars \u00e0 19h au 185, rue Saint-Paul, Qu\u00e9bec. Le vernissage de l&rsquo;exposition aura lieu au m\u00eame endroit le 2 avril d\u00e8s 17h et celle-ci se poursuivra jusqu&rsquo;au 19 avril. En parall\u00e8le, une seconde exposition retra\u00e7ant son parcours et contenant plusieurs toiles sera aussi pr\u00e9sent\u00e9e dans le hall du Salon international du livre de Qu\u00e9bec, au Centre des congr\u00e8s, du 8 au 12 avril.<\/p>\n<\/div>\n<p><a href=\"https:\/\/www.galeriebecot.com\/wp-content\/uploads\/2015\/03\/Cote-soleil-club.jpg\"><img loading=\"lazy\" decoding=\"async\" class=\"alignnone size-large wp-image-3457\" src=\"https:\/\/www.galeriebecot.com\/wp-content\/uploads\/2015\/03\/Cote-soleil-club-1024x781.jpg\" alt=\"3712666.pdf\" width=\"700\" height=\"534\" srcset=\"https:\/\/galeriebecot.com\/wp-content\/uploads\/2015\/03\/Cote-soleil-club-1024x781.jpg 1024w, https:\/\/galeriebecot.com\/wp-content\/uploads\/2015\/03\/Cote-soleil-club-300x229.jpg 300w, https:\/\/galeriebecot.com\/wp-content\/uploads\/2015\/03\/Cote-soleil-club.jpg 1216w\" sizes=\"auto, (max-width: 700px) 100vw, 700px\" \/><\/a><\/p>\n<p><a href=\"https:\/\/www.galeriebecot.com\/wp-content\/uploads\/2015\/02\/Cote_image.jpg\"><img loading=\"lazy\" decoding=\"async\" class=\"alignnone size-full wp-image-3407\" src=\"https:\/\/www.galeriebecot.com\/wp-content\/uploads\/2015\/02\/Cote_image.jpg\" alt=\"Cote_image\" width=\"488\" height=\"541\" srcset=\"https:\/\/galeriebecot.com\/wp-content\/uploads\/2015\/02\/Cote_image.jpg 488w, https:\/\/galeriebecot.com\/wp-content\/uploads\/2015\/02\/Cote_image-271x300.jpg 271w\" sizes=\"auto, (max-width: 488px) 100vw, 488px\" \/><\/a><\/p>\n<p>L&rsquo;AUTRE<\/p>\n<p><a href=\"https:\/\/www.galeriebecot.com\/wp-content\/uploads\/2015\/02\/CartePostale-Cote.jpg\"><img loading=\"lazy\" decoding=\"async\" class=\"  wp-image-3381 alignnone\" src=\"https:\/\/www.galeriebecot.com\/wp-content\/uploads\/2015\/02\/CartePostale-Cote.jpg\" alt=\"CartePostale-Cote\" width=\"77\" height=\"46\" \/><\/a><\/p>\n<p>Les \u00c9ditions Alto sont heureuses de vous inviter en avant-premi\u00e8re \u00e0 d\u00e9couvrir les peintures d\u2019Andr\u00e9-Philippe C\u00f4t\u00e9 et de le rencontrer dans le cadre d\u2019une conf\u00e9rence conviviale o\u00f9 il vous parlera de son parcours.<\/p>\n<p>L\u2019\u00e9v\u00e9nement se tiendra le lundi 30 mars d\u00e8s 19h<\/p>\n<p>185 rue Saint-Paul, Qu\u00e9bec<\/p>\n<p><i>Cliquer sur l&rsquo;image pour lire l&rsquo;article complet<\/i><\/p>\n<p><a title=\"Andre Philippe Cot\u00e9\" href=\"http:\/\/www.lapresse.ca\/le-soleil\/arts-et-spectacles\/expositions\/201501\/08\/01-4833612-deux-expos-de-peinture-et-une-monographie-pour-andre-philippe-cote.php\"><img loading=\"lazy\" decoding=\"async\" class=\"alignnone size-full wp-image-3363\" src=\"https:\/\/www.galeriebecot.com\/wp-content\/uploads\/2015\/02\/954626-andre-philippe-cote-atelier.jpg\" alt=\"954626-andre-philippe-cote-atelier\" width=\"641\" height=\"427\" srcset=\"https:\/\/galeriebecot.com\/wp-content\/uploads\/2015\/02\/954626-andre-philippe-cote-atelier.jpg 641w, https:\/\/galeriebecot.com\/wp-content\/uploads\/2015\/02\/954626-andre-philippe-cote-atelier-300x200.jpg 300w\" sizes=\"auto, (max-width: 641px) 100vw, 641px\" \/><\/a><\/p>\n<p><a href=\"https:\/\/www.galeriebecot.com\/wp-content\/uploads\/2015\/02\/611432-josianne-desloges.jpg\"><img loading=\"lazy\" decoding=\"async\" class=\"alignnone size-full wp-image-3370\" src=\"https:\/\/www.galeriebecot.com\/wp-content\/uploads\/2015\/02\/611432-josianne-desloges.jpg\" alt=\"611432-josianne-desloges\" width=\"104\" height=\"69\" \/><\/a>\u00a0<a title=\"Andre Philippe Cot\u00e9\" href=\"http:\/\/www.lapresse.ca\/le-soleil\/arts-et-spectacles\/expositions\/201501\/08\/01-4833612-deux-expos-de-peinture-et-une-monographie-pour-andre-philippe-cote.php\">Josianne Desloges(LeSoleil)<\/a><\/p>\n<p><a title=\"Andre Philippe Cot\u00e9\" href=\"http:\/\/www.lapresse.ca\/le-soleil\/arts-et-spectacles\/expositions\/201501\/08\/01-4833612-deux-expos-de-peinture-et-une-monographie-pour-andre-philippe-cote.php\"><span class=\"Apple-style-span\">(Qu\u00e9bec) Le caricaturiste du\u00a0<em>Soleil<\/em>, Andr\u00e9-Philippe C\u00f4t\u00e9, est aussi peintre. Une pratique discr\u00e8te, priv\u00e9e, sous le signe de l&rsquo;exp\u00e9rimentation et des \u00e9motions et \u00e0 laquelle le public pourra avoir acc\u00e8s gr\u00e2ce \u00e0 une monographie qui sera publi\u00e9e par les \u00e9ditions Alto et \u00e0 deux expositions.<\/span><\/a><\/p>\n<p><a title=\"Andre Philippe Cot\u00e9\" href=\"http:\/\/www.lapresse.ca\/le-soleil\/arts-et-spectacles\/expositions\/201501\/08\/01-4833612-deux-expos-de-peinture-et-une-monographie-pour-andre-philippe-cote.php\">La peinture est la face cach\u00e9e du caricaturiste de Qu\u00e9bec, dont les traits de crayon, l&rsquo;humour et la sensibilit\u00e9 sont reconnaissables entre tous. \u00abCe que je fais en peinture n&rsquo;a rien \u00e0 voir avec ce que je fais en caricature. Les r\u00e9f\u00e9rents ne sont pas les m\u00eames, et les gens pourraient \u00eatre un peu surpris, note-t-il. C&rsquo;est un peu pour d\u00e9crocher de la caricature, qui est un travail tr\u00e8s contraignant et tr\u00e8s factuel.\u00bb<\/a><\/p>\n<p><a title=\"Andre Philippe Cot\u00e9\" href=\"http:\/\/www.lapresse.ca\/le-soleil\/arts-et-spectacles\/expositions\/201501\/08\/01-4833612-deux-expos-de-peinture-et-une-monographie-pour-andre-philippe-cote.php\">Dans ses toiles \u00e0 l&rsquo;aura surr\u00e9aliste, on voit des personnages mi-humains, mi-animaux, souvent des oiseaux. Les plus r\u00e9alistes montrent de fourmillantes sc\u00e8nes de ville, de bars et de rues, les plus oniriques contiennent des baigneurs en apesanteur. Alors que dans une s\u00e9rie consacr\u00e9e aux salles d&rsquo;attente d&rsquo;h\u00f4pitaux, un sujet plus dur, il affirme sa touche expressionniste.<\/a><\/p>\n<p><a href=\"https:\/\/www.galeriebecot.com\/wp-content\/uploads\/2015\/02\/954627-sans-titre-serie-salles-attente.jpg\"><img loading=\"lazy\" decoding=\"async\" class=\"alignnone size-full wp-image-3367\" src=\"https:\/\/www.galeriebecot.com\/wp-content\/uploads\/2015\/02\/954627-sans-titre-serie-salles-attente.jpg\" alt=\"954627-sans-titre-serie-salles-attente\" width=\"923\" height=\"615\" srcset=\"https:\/\/galeriebecot.com\/wp-content\/uploads\/2015\/02\/954627-sans-titre-serie-salles-attente.jpg 923w, https:\/\/galeriebecot.com\/wp-content\/uploads\/2015\/02\/954627-sans-titre-serie-salles-attente-300x200.jpg 300w\" sizes=\"auto, (max-width: 923px) 100vw, 923px\" \/><\/a><\/p>\n<p><span class=\"Apple-style-span\"><em>Sans titre<\/em>, s\u00e9rie des Salles d&rsquo;attente, d&rsquo;Andr\u00e9-Philippe C\u00f4t\u00e9<\/span><\/p>\n<p><a href=\"https:\/\/www.galeriebecot.com\/wp-content\/uploads\/2015\/02\/Invitation_Autre_Cote_Collectionneurs-30-03-15-1.jpg\"><img loading=\"lazy\" decoding=\"async\" class=\"alignnone size-full wp-image-3409\" src=\"https:\/\/www.galeriebecot.com\/wp-content\/uploads\/2015\/02\/Invitation_Autre_Cote_Collectionneurs-30-03-15-1.jpg\" alt=\"Invitation_Autre_Cote_Collectionneurs-30-03-15-1\" width=\"707\" height=\"525\" srcset=\"https:\/\/galeriebecot.com\/wp-content\/uploads\/2015\/02\/Invitation_Autre_Cote_Collectionneurs-30-03-15-1.jpg 707w, https:\/\/galeriebecot.com\/wp-content\/uploads\/2015\/02\/Invitation_Autre_Cote_Collectionneurs-30-03-15-1-300x223.jpg 300w\" sizes=\"auto, (max-width: 707px) 100vw, 707px\" \/><\/a><\/p>\n<p>&nbsp;<\/p>\n<p><a href=\"https:\/\/www.galeriebecot.com\/wp-content\/uploads\/2015\/02\/Andre-Philippe-1-2.jpg\"><img loading=\"lazy\" decoding=\"async\" class=\"alignnone size-large wp-image-3412\" src=\"https:\/\/www.galeriebecot.com\/wp-content\/uploads\/2015\/02\/Andre-Philippe-1-2-835x1024.jpg\" alt=\"Andre Philippe-1-2\" width=\"700\" height=\"858\" srcset=\"https:\/\/galeriebecot.com\/wp-content\/uploads\/2015\/02\/Andre-Philippe-1-2-835x1024.jpg 835w, https:\/\/galeriebecot.com\/wp-content\/uploads\/2015\/02\/Andre-Philippe-1-2-245x300.jpg 245w, https:\/\/galeriebecot.com\/wp-content\/uploads\/2015\/02\/Andre-Philippe-1-2.jpg 1275w\" sizes=\"auto, (max-width: 700px) 100vw, 700px\" \/><\/a><\/p>\n<p>&nbsp;<\/p>\n<p><a href=\"https:\/\/www.galeriebecot.com\/wp-content\/uploads\/2015\/02\/andre-philippe-1.jpg\"><img loading=\"lazy\" decoding=\"async\" class=\"alignnone size-full wp-image-3411\" src=\"https:\/\/www.galeriebecot.com\/wp-content\/uploads\/2015\/02\/andre-philippe-1.jpg\" alt=\"andre philippe-1\" width=\"701\" height=\"525\" srcset=\"https:\/\/galeriebecot.com\/wp-content\/uploads\/2015\/02\/andre-philippe-1.jpg 701w, https:\/\/galeriebecot.com\/wp-content\/uploads\/2015\/02\/andre-philippe-1-300x225.jpg 300w\" sizes=\"auto, (max-width: 701px) 100vw, 701px\" \/><\/a><\/p>\n<p>&nbsp;<\/p>\n<p><a href=\"https:\/\/www.galeriebecot.com\/wp-content\/uploads\/2015\/02\/Andre-Philippe-1-4.jpg\"><img loading=\"lazy\" decoding=\"async\" class=\"alignnone size-large wp-image-3413\" src=\"https:\/\/www.galeriebecot.com\/wp-content\/uploads\/2015\/02\/Andre-Philippe-1-4-841x1024.jpg\" alt=\"Andre Philippe-1-4\" width=\"700\" height=\"852\" srcset=\"https:\/\/galeriebecot.com\/wp-content\/uploads\/2015\/02\/Andre-Philippe-1-4-841x1024.jpg 841w, https:\/\/galeriebecot.com\/wp-content\/uploads\/2015\/02\/Andre-Philippe-1-4-246x300.jpg 246w, https:\/\/galeriebecot.com\/wp-content\/uploads\/2015\/02\/Andre-Philippe-1-4.jpg 1275w\" sizes=\"auto, (max-width: 700px) 100vw, 700px\" \/><\/a><\/p>\n","protected":false},"excerpt":{"rendered":"<p>Andr\u00e9-Philippe C\u00f4t\u00e9 se livre et s&rsquo;expose&#8230;(vid\u00e9o) Les \u00e9coles d&rsquo;art\u00a0devraient toujours baser leurs enseignements sur les connaissances et non pas sur les modes.(Andr\u00e9 B\u00e9cot) Les \u00e9ditions Salto_ JOSIANNE DESLOGES,\u00a0Le Soleil_ Un&hellip; <\/p>\n","protected":false},"author":1,"featured_media":0,"comment_status":"open","ping_status":"open","sticky":false,"template":"","format":"standard","meta":{"_exactmetrics_skip_tracking":false,"_exactmetrics_sitenote_active":false,"_exactmetrics_sitenote_note":"","_exactmetrics_sitenote_category":0,"footnotes":""},"categories":[20,27,17,29,30],"tags":[34,539,66,244,560,58,37,40],"class_list":["post-3362","post","type-post","status-publish","format-standard","hentry","category-article-descriptif","category-artistes","category-conference","category-journaux","category-le-soleil","tag-andre-becot","tag-andre-philippe-cote","tag-club-des-collectionneurs-en-arts-visuels-de-quebec-studio-becot","tag-josianne-desloges","tag-la-fabrique-culturelle","tag-marc-bellemare-collectionneur","tag-studio-becot","tag-visuals-arts"],"_links":{"self":[{"href":"https:\/\/galeriebecot.com\/index.php?rest_route=\/wp\/v2\/posts\/3362","targetHints":{"allow":["GET"]}}],"collection":[{"href":"https:\/\/galeriebecot.com\/index.php?rest_route=\/wp\/v2\/posts"}],"about":[{"href":"https:\/\/galeriebecot.com\/index.php?rest_route=\/wp\/v2\/types\/post"}],"author":[{"embeddable":true,"href":"https:\/\/galeriebecot.com\/index.php?rest_route=\/wp\/v2\/users\/1"}],"replies":[{"embeddable":true,"href":"https:\/\/galeriebecot.com\/index.php?rest_route=%2Fwp%2Fv2%2Fcomments&post=3362"}],"version-history":[{"count":42,"href":"https:\/\/galeriebecot.com\/index.php?rest_route=\/wp\/v2\/posts\/3362\/revisions"}],"predecessor-version":[{"id":3527,"href":"https:\/\/galeriebecot.com\/index.php?rest_route=\/wp\/v2\/posts\/3362\/revisions\/3527"}],"wp:attachment":[{"href":"https:\/\/galeriebecot.com\/index.php?rest_route=%2Fwp%2Fv2%2Fmedia&parent=3362"}],"wp:term":[{"taxonomy":"category","embeddable":true,"href":"https:\/\/galeriebecot.com\/index.php?rest_route=%2Fwp%2Fv2%2Fcategories&post=3362"},{"taxonomy":"post_tag","embeddable":true,"href":"https:\/\/galeriebecot.com\/index.php?rest_route=%2Fwp%2Fv2%2Ftags&post=3362"}],"curies":[{"name":"wp","href":"https:\/\/api.w.org\/{rel}","templated":true}]}}