{"id":3313,"date":"2015-02-07T12:07:19","date_gmt":"2015-02-07T17:07:19","guid":{"rendered":"http:\/\/www.clubdescollectionneursenartsvisuelsdequebec.com\/?p=3313"},"modified":"2015-02-18T12:24:00","modified_gmt":"2015-02-18T17:24:00","slug":"art-contemporain-au-service-du-vin-le-cercle","status":"publish","type":"post","link":"https:\/\/galeriebecot.com\/?p=3313","title":{"rendered":"Art contemporain au service du vin : Le cercle"},"content":{"rendered":"<p><a href=\"https:\/\/www.galeriebecot.com\/wp-content\/uploads\/2015\/02\/expo_vente.jpg\"><img loading=\"lazy\" decoding=\"async\" class=\"alignnone size-large wp-image-3315\" src=\"https:\/\/www.galeriebecot.com\/wp-content\/uploads\/2015\/02\/expo_vente-785x1024.jpg\" alt=\"Print\" width=\"700\" height=\"913\" srcset=\"https:\/\/galeriebecot.com\/wp-content\/uploads\/2015\/02\/expo_vente-785x1024.jpg 785w, https:\/\/galeriebecot.com\/wp-content\/uploads\/2015\/02\/expo_vente-230x300.jpg 230w, https:\/\/galeriebecot.com\/wp-content\/uploads\/2015\/02\/expo_vente.jpg 1106w\" sizes=\"auto, (max-width: 700px) 100vw, 700px\" \/><\/a><\/p>\n<p><a title=\"Le cercle\" href=\"http:\/\/www.le-cercle.ca\/index.php?sectionid=3&amp;page=02&amp;direct=4576&amp;detailclick=true\"><img loading=\"lazy\" decoding=\"async\" class=\"alignnone size-full wp-image-3317\" src=\"https:\/\/www.galeriebecot.com\/wp-content\/uploads\/2015\/02\/el-cercle.jpg\" alt=\"Print\" width=\"265\" height=\"266\" srcset=\"https:\/\/galeriebecot.com\/wp-content\/uploads\/2015\/02\/el-cercle.jpg 265w, https:\/\/galeriebecot.com\/wp-content\/uploads\/2015\/02\/el-cercle-150x150.jpg 150w\" sizes=\"auto, (max-width: 265px) 100vw, 265px\" \/><\/a><\/p>\n<h2>25 F\u00c9VRIER AU<br \/>\n04 MARS 2015<\/h2>\n<h3>L&rsquo;ART CONTEMPORAIN AU SERVICE DU VIN : UNE EXPO-VENTE DU COLLECTIONNEUR FR\u00c9D\u00c9RIC SIMON AU PROFIT DE SON VIGNOBLE GENTLEMAN FARMER<\/h3>\n<p>Restaurant et aquarium<br \/>\nVernissage 25 f\u00e9vrier &#8211; 5 \u00e0 7<\/p>\n<p>Une vente d&rsquo;oeuvres d&rsquo;art de grande qualit\u00e9 au profit d&rsquo;un vignoble de l&rsquo;Estrie.<\/p>\n<p>Co-propri\u00e9taire du restaurant Les Cons Servent \u00e0 Montr\u00e9al et de l&rsquo;agence d&rsquo;importation priv\u00e9e de vins Insolite Importations, Fr\u00e9d\u00e9ric Simon est aussi producteur de vin. Il poss\u00e8de le vignoble Gentleman-Farmer situ\u00e9 sur la rive du Lac Memphr\u00e9magog\u00a0qui est le seul vignoble qu\u00e9b\u00e9cois enti\u00e8rement plant\u00e9 de Vitis-Vinifera (c\u00e9page dit noble)<\/p>\n<p>Pour faire du vin au Qu\u00e9bec, il faut de la passion, du travail acharn\u00e9 et beaucoup\u2026 beaucoup d\u2019argent!\u00a0Apr\u00e8s un investissement colossal provenant uniquement de ressources personnelles et devant le triste manque de vision de la Financi\u00e8re Agricole du Qu\u00e9bec, Fr\u00e9d\u00e9ric Simon a d\u00e9cid\u00e9 de mettre en vente une partie de sa collection d\u2019art contemporain au profit de ce beau projet.<\/p>\n<p>Collectionneur curieux, particuli\u00e8rement int\u00e9ress\u00e9 par ses contemporains, Fr\u00e9d\u00e9ric Simon essaie d&rsquo;encourager les artistes qui portent un regard critique sur l&rsquo;\u00e9poque et ce de fa\u00e7on intemporelle. La passion de Fr\u00e9d\u00e9ric pour le Beau se conjugue entre son go\u00fbt des arts et l&rsquo;exigence et le respect du travail de la terre au quotidien. \u00c0 ce titre, Fr\u00e9d\u00e9ric Simon et le peintre Marc S\u00e9guin se sont engag\u00e9s dans un projet d&rsquo;\u00e9tiquettes pour les vins \u00e0 venir de son vignoble.<\/p>\n<p>Cette expo vente sera l&rsquo;occasion de les d\u00e9couvrir, et qui sait de se procurer une oeuvre d&rsquo;un de ces artistes contemporains importants: S\u00e9guin, Toupin, Lemoyne, Barbeau, Lauda et Clav\u00e9 etc.<\/p>\n<p><strong>\u00a0OEUVRES EN EXPOSTION \/ VENTE<\/strong><\/p>\n","protected":false},"excerpt":{"rendered":"<p>25 F\u00c9VRIER AU 04 MARS 2015 L&rsquo;ART CONTEMPORAIN AU SERVICE DU VIN : UNE EXPO-VENTE DU COLLECTIONNEUR FR\u00c9D\u00c9RIC SIMON AU PROFIT DE SON VIGNOBLE GENTLEMAN FARMER Restaurant et aquarium Vernissage&hellip; <\/p>\n","protected":false},"author":1,"featured_media":0,"comment_status":"open","ping_status":"open","sticky":false,"template":"","format":"standard","meta":{"_exactmetrics_skip_tracking":false,"_exactmetrics_sitenote_active":false,"_exactmetrics_sitenote_note":"","_exactmetrics_sitenote_category":0,"footnotes":""},"categories":[18,19],"tags":[34,533,735,43,67,66,531,530,534,532,58,51,62,180,40],"class_list":["post-3313","post","type-post","status-publish","format-standard","hentry","category-evenement","category-vernissage","tag-andre-becot","tag-antoni-clave","tag-artistes","tag-arts-visuels","tag-club-des-collectionneurs-en-arts-visuels-de-quebec-marc-bellemare","tag-club-des-collectionneurs-en-arts-visuels-de-quebec-studio-becot","tag-fernand-toupin","tag-frederic-simon","tag-gentleman-farmer","tag-jeaun-francois-landa","tag-marc-bellemare-collectionneur","tag-marc-seguin","tag-marcel-barbeau","tag-serge-lemoyne","tag-visuals-arts"],"_links":{"self":[{"href":"https:\/\/galeriebecot.com\/index.php?rest_route=\/wp\/v2\/posts\/3313","targetHints":{"allow":["GET"]}}],"collection":[{"href":"https:\/\/galeriebecot.com\/index.php?rest_route=\/wp\/v2\/posts"}],"about":[{"href":"https:\/\/galeriebecot.com\/index.php?rest_route=\/wp\/v2\/types\/post"}],"author":[{"embeddable":true,"href":"https:\/\/galeriebecot.com\/index.php?rest_route=\/wp\/v2\/users\/1"}],"replies":[{"embeddable":true,"href":"https:\/\/galeriebecot.com\/index.php?rest_route=%2Fwp%2Fv2%2Fcomments&post=3313"}],"version-history":[{"count":6,"href":"https:\/\/galeriebecot.com\/index.php?rest_route=\/wp\/v2\/posts\/3313\/revisions"}],"predecessor-version":[{"id":3321,"href":"https:\/\/galeriebecot.com\/index.php?rest_route=\/wp\/v2\/posts\/3313\/revisions\/3321"}],"wp:attachment":[{"href":"https:\/\/galeriebecot.com\/index.php?rest_route=%2Fwp%2Fv2%2Fmedia&parent=3313"}],"wp:term":[{"taxonomy":"category","embeddable":true,"href":"https:\/\/galeriebecot.com\/index.php?rest_route=%2Fwp%2Fv2%2Fcategories&post=3313"},{"taxonomy":"post_tag","embeddable":true,"href":"https:\/\/galeriebecot.com\/index.php?rest_route=%2Fwp%2Fv2%2Ftags&post=3313"}],"curies":[{"name":"wp","href":"https:\/\/api.w.org\/{rel}","templated":true}]}}