{"id":3191,"date":"2023-02-07T11:02:00","date_gmt":"2023-02-07T16:02:00","guid":{"rendered":"http:\/\/www.clubdescollectionneursenartsvisuelsdequebec.com\/?p=3191"},"modified":"2023-02-07T14:18:46","modified_gmt":"2023-02-07T19:18:46","slug":"la-suite-indienne-dedmund-alleyn-lundi-le-23-fevrier-2015","status":"publish","type":"post","link":"https:\/\/galeriebecot.com\/?p=3191","title":{"rendered":"Edmund Alleyn expose &#038; retour sur le  lancement de sa colossale biographie."},"content":{"rendered":"\n<figure class=\"wp-block-image size-large\"><a href=\"https:\/\/www.galeriebecot.com\/wp-content\/uploads\/2023\/02\/Alleyn-1-1.jpg\"><img loading=\"lazy\" decoding=\"async\" width=\"1024\" height=\"978\" src=\"https:\/\/www.galeriebecot.com\/wp-content\/uploads\/2023\/02\/Alleyn-1-1-1024x978.jpg\" alt=\"\" class=\"wp-image-16992\" srcset=\"https:\/\/galeriebecot.com\/wp-content\/uploads\/2023\/02\/Alleyn-1-1-1024x978.jpg 1024w, https:\/\/galeriebecot.com\/wp-content\/uploads\/2023\/02\/Alleyn-1-1-300x287.jpg 300w, https:\/\/galeriebecot.com\/wp-content\/uploads\/2023\/02\/Alleyn-1-1-768x733.jpg 768w, https:\/\/galeriebecot.com\/wp-content\/uploads\/2023\/02\/Alleyn-1-1.jpg 1224w\" sizes=\"auto, (max-width: 1024px) 100vw, 1024px\" \/><\/a><\/figure>\n\n\n\n<figure class=\"wp-block-image size-large\"><a href=\"https:\/\/www.galeriebecot.com\/wp-content\/uploads\/2023\/02\/Alleyn2.jpg\"><img loading=\"lazy\" decoding=\"async\" width=\"1024\" height=\"751\" src=\"https:\/\/www.galeriebecot.com\/wp-content\/uploads\/2023\/02\/Alleyn2-1024x751.jpg\" alt=\"\" class=\"wp-image-16993\" srcset=\"https:\/\/galeriebecot.com\/wp-content\/uploads\/2023\/02\/Alleyn2-1024x751.jpg 1024w, https:\/\/galeriebecot.com\/wp-content\/uploads\/2023\/02\/Alleyn2-300x220.jpg 300w, https:\/\/galeriebecot.com\/wp-content\/uploads\/2023\/02\/Alleyn2-768x563.jpg 768w, https:\/\/galeriebecot.com\/wp-content\/uploads\/2023\/02\/Alleyn2.jpg 1224w\" sizes=\"auto, (max-width: 1024px) 100vw, 1024px\" \/><\/a><\/figure>\n\n\n\n<figure class=\"wp-block-image size-large\"><a href=\"https:\/\/www.galeriebecot.com\/wp-content\/uploads\/2023\/02\/Alleyn3.jpg\"><img loading=\"lazy\" decoding=\"async\" width=\"1024\" height=\"1011\" src=\"https:\/\/www.galeriebecot.com\/wp-content\/uploads\/2023\/02\/Alleyn3-1024x1011.jpg\" alt=\"\" class=\"wp-image-16994\" srcset=\"https:\/\/galeriebecot.com\/wp-content\/uploads\/2023\/02\/Alleyn3-1024x1011.jpg 1024w, https:\/\/galeriebecot.com\/wp-content\/uploads\/2023\/02\/Alleyn3-300x296.jpg 300w, https:\/\/galeriebecot.com\/wp-content\/uploads\/2023\/02\/Alleyn3-768x758.jpg 768w, https:\/\/galeriebecot.com\/wp-content\/uploads\/2023\/02\/Alleyn3.jpg 1224w\" sizes=\"auto, (max-width: 1024px) 100vw, 1024px\" \/><\/a><\/figure>\n\n\n\n<figure class=\"wp-block-image size-large\"><a href=\"https:\/\/www.galeriebecot.com\/wp-content\/uploads\/2023\/02\/Alleyn4.jpg\"><img loading=\"lazy\" decoding=\"async\" width=\"960\" height=\"1024\" src=\"https:\/\/www.galeriebecot.com\/wp-content\/uploads\/2023\/02\/Alleyn4-960x1024.jpg\" alt=\"\" class=\"wp-image-16995\" srcset=\"https:\/\/galeriebecot.com\/wp-content\/uploads\/2023\/02\/Alleyn4-960x1024.jpg 960w, https:\/\/galeriebecot.com\/wp-content\/uploads\/2023\/02\/Alleyn4-281x300.jpg 281w, https:\/\/galeriebecot.com\/wp-content\/uploads\/2023\/02\/Alleyn4-768x819.jpg 768w, https:\/\/galeriebecot.com\/wp-content\/uploads\/2023\/02\/Alleyn4.jpg 1224w\" sizes=\"auto, (max-width: 960px) 100vw, 960px\" \/><\/a><\/figure>\n\n\n\n<figure class=\"wp-block-image size-large\"><a href=\"https:\/\/www.galeriebecot.com\/wp-content\/uploads\/2023\/02\/Alleyn55.jpg\"><img loading=\"lazy\" decoding=\"async\" width=\"1006\" height=\"1024\" src=\"https:\/\/www.galeriebecot.com\/wp-content\/uploads\/2023\/02\/Alleyn55-1006x1024.jpg\" alt=\"\" class=\"wp-image-16996\" srcset=\"https:\/\/galeriebecot.com\/wp-content\/uploads\/2023\/02\/Alleyn55-1006x1024.jpg 1006w, https:\/\/galeriebecot.com\/wp-content\/uploads\/2023\/02\/Alleyn55-295x300.jpg 295w, https:\/\/galeriebecot.com\/wp-content\/uploads\/2023\/02\/Alleyn55-768x782.jpg 768w, https:\/\/galeriebecot.com\/wp-content\/uploads\/2023\/02\/Alleyn55.jpg 1224w\" sizes=\"auto, (max-width: 1006px) 100vw, 1006px\" \/><\/a><\/figure>\n\n\n\n<figure class=\"wp-block-image size-large\"><a href=\"https:\/\/www.galeriebecot.com\/wp-content\/uploads\/2023\/02\/Alleyn6.jpg\"><img loading=\"lazy\" decoding=\"async\" width=\"1024\" height=\"435\" src=\"https:\/\/www.galeriebecot.com\/wp-content\/uploads\/2023\/02\/Alleyn6-1024x435.jpg\" alt=\"\" class=\"wp-image-16997\" srcset=\"https:\/\/galeriebecot.com\/wp-content\/uploads\/2023\/02\/Alleyn6-1024x435.jpg 1024w, https:\/\/galeriebecot.com\/wp-content\/uploads\/2023\/02\/Alleyn6-300x127.jpg 300w, https:\/\/galeriebecot.com\/wp-content\/uploads\/2023\/02\/Alleyn6-768x326.jpg 768w, https:\/\/galeriebecot.com\/wp-content\/uploads\/2023\/02\/Alleyn6.jpg 1224w\" sizes=\"auto, (max-width: 1024px) 100vw, 1024px\" \/><\/a><\/figure>\n\n\n\n<figure class=\"wp-block-image size-large\"><a href=\"https:\/\/www.galeriebecot.com\/wp-content\/uploads\/2023\/02\/Alleyn7.jpg\"><img loading=\"lazy\" decoding=\"async\" width=\"969\" height=\"1024\" src=\"https:\/\/www.galeriebecot.com\/wp-content\/uploads\/2023\/02\/Alleyn7-969x1024.jpg\" alt=\"\" class=\"wp-image-16998\" srcset=\"https:\/\/galeriebecot.com\/wp-content\/uploads\/2023\/02\/Alleyn7-969x1024.jpg 969w, https:\/\/galeriebecot.com\/wp-content\/uploads\/2023\/02\/Alleyn7-284x300.jpg 284w, https:\/\/galeriebecot.com\/wp-content\/uploads\/2023\/02\/Alleyn7-768x811.jpg 768w, https:\/\/galeriebecot.com\/wp-content\/uploads\/2023\/02\/Alleyn7.jpg 1224w\" sizes=\"auto, (max-width: 969px) 100vw, 969px\" \/><\/a><\/figure>\n\n\n\n<figure class=\"wp-block-image size-large\"><a href=\"https:\/\/www.galeriebecot.com\/wp-content\/uploads\/2023\/02\/Alleyn8.jpg\"><img loading=\"lazy\" decoding=\"async\" width=\"1024\" height=\"965\" src=\"https:\/\/www.galeriebecot.com\/wp-content\/uploads\/2023\/02\/Alleyn8-1024x965.jpg\" alt=\"\" class=\"wp-image-16999\" srcset=\"https:\/\/galeriebecot.com\/wp-content\/uploads\/2023\/02\/Alleyn8-1024x965.jpg 1024w, https:\/\/galeriebecot.com\/wp-content\/uploads\/2023\/02\/Alleyn8-300x283.jpg 300w, https:\/\/galeriebecot.com\/wp-content\/uploads\/2023\/02\/Alleyn8-768x723.jpg 768w, https:\/\/galeriebecot.com\/wp-content\/uploads\/2023\/02\/Alleyn8.jpg 1224w\" sizes=\"auto, (max-width: 1024px) 100vw, 1024px\" \/><\/a><\/figure>\n\n\n\n<figure class=\"wp-block-image size-large\"><a href=\"https:\/\/www.galeriebecot.com\/wp-content\/uploads\/2023\/02\/Alleyn9.jpg\"><img loading=\"lazy\" decoding=\"async\" width=\"1024\" height=\"330\" src=\"https:\/\/www.galeriebecot.com\/wp-content\/uploads\/2023\/02\/Alleyn9-1024x330.jpg\" alt=\"\" class=\"wp-image-17000\" srcset=\"https:\/\/galeriebecot.com\/wp-content\/uploads\/2023\/02\/Alleyn9-1024x330.jpg 1024w, https:\/\/galeriebecot.com\/wp-content\/uploads\/2023\/02\/Alleyn9-300x97.jpg 300w, https:\/\/galeriebecot.com\/wp-content\/uploads\/2023\/02\/Alleyn9-768x247.jpg 768w, https:\/\/galeriebecot.com\/wp-content\/uploads\/2023\/02\/Alleyn9.jpg 1224w\" sizes=\"auto, (max-width: 1024px) 100vw, 1024px\" \/><\/a><\/figure>\n\n\n\n<figure class=\"wp-block-image size-large\"><a href=\"https:\/\/vimeo.com\/180073041\"><img loading=\"lazy\" decoding=\"async\" width=\"1024\" height=\"945\" src=\"https:\/\/www.galeriebecot.com\/wp-content\/uploads\/2023\/02\/Alleyn-10-1024x945.jpg\" alt=\"\" class=\"wp-image-17001\" srcset=\"https:\/\/galeriebecot.com\/wp-content\/uploads\/2023\/02\/Alleyn-10-1024x945.jpg 1024w, https:\/\/galeriebecot.com\/wp-content\/uploads\/2023\/02\/Alleyn-10-300x277.jpg 300w, https:\/\/galeriebecot.com\/wp-content\/uploads\/2023\/02\/Alleyn-10-768x709.jpg 768w, https:\/\/galeriebecot.com\/wp-content\/uploads\/2023\/02\/Alleyn-10.jpg 1224w\" sizes=\"auto, (max-width: 1024px) 100vw, 1024px\" \/><\/a><\/figure>\n\n\n\n<figure class=\"wp-block-image size-large\"><a href=\"http:\/\/www.bellemarelambert.com\/fr\/exposition\/edmund-alleyn-schemas-techno1966-67-fr\"><img loading=\"lazy\" decoding=\"async\" width=\"1024\" height=\"149\" src=\"https:\/\/www.galeriebecot.com\/wp-content\/uploads\/2023\/02\/Alleyn11-1024x149.jpg\" alt=\"\" class=\"wp-image-17002\" srcset=\"https:\/\/galeriebecot.com\/wp-content\/uploads\/2023\/02\/Alleyn11-1024x149.jpg 1024w, https:\/\/galeriebecot.com\/wp-content\/uploads\/2023\/02\/Alleyn11-300x44.jpg 300w, https:\/\/galeriebecot.com\/wp-content\/uploads\/2023\/02\/Alleyn11-768x112.jpg 768w, https:\/\/galeriebecot.com\/wp-content\/uploads\/2023\/02\/Alleyn11.jpg 1224w\" sizes=\"auto, (max-width: 1024px) 100vw, 1024px\" \/><\/a><\/figure>\n\n\n<p>\u00a0<\/p>\n<p><a href=\"https:\/\/www.galeriebecot.com\/wp-content\/uploads\/2015\/02\/Alleyn.jpg\"><img loading=\"lazy\" decoding=\"async\" class=\"alignnone size-large wp-image-7622\" src=\"https:\/\/www.galeriebecot.com\/wp-content\/uploads\/2015\/02\/Alleyn-1024x547.jpg\" alt=\"\" width=\"700\" height=\"374\" srcset=\"https:\/\/galeriebecot.com\/wp-content\/uploads\/2015\/02\/Alleyn-1024x547.jpg 1024w, https:\/\/galeriebecot.com\/wp-content\/uploads\/2015\/02\/Alleyn-300x160.jpg 300w, https:\/\/galeriebecot.com\/wp-content\/uploads\/2015\/02\/Alleyn-768x410.jpg 768w, https:\/\/galeriebecot.com\/wp-content\/uploads\/2015\/02\/Alleyn.jpg 1349w\" sizes=\"auto, (max-width: 700px) 100vw, 700px\" \/><\/a><\/p>\n<p><em>Un clic sur la photo pour agrandir.<\/em><\/p>\n<p>Merci \u00e0 tous ceux qui sont venus<\/p>\n<p>au lancement de la colossale biographie de Edmund Alleyn,<\/p>\n<p>sign\u00e9e Gilles Lapointe au MBAM.<\/p>\n<p>Une soir\u00e9e comme on ne pouvait en r\u00eaver, avec des gens de qualit\u00e9 et un peu de magie.<\/p>\n<p><a href=\"https:\/\/www.galeriebecot.com\/wp-content\/uploads\/2015\/02\/alleyn23feb.jpg\"><img loading=\"lazy\" decoding=\"async\" class=\"alignnone size-full wp-image-3360\" src=\"https:\/\/www.galeriebecot.com\/wp-content\/uploads\/2015\/02\/alleyn23feb.jpg\" alt=\"3689597.pdf\" width=\"906\" height=\"579\" srcset=\"https:\/\/galeriebecot.com\/wp-content\/uploads\/2015\/02\/alleyn23feb.jpg 906w, https:\/\/galeriebecot.com\/wp-content\/uploads\/2015\/02\/alleyn23feb-300x192.jpg 300w\" sizes=\"auto, (max-width: 906px) 100vw, 906px\" \/><\/a><a href=\"https:\/\/www.galeriebecot.com\/wp-content\/uploads\/2015\/01\/Club1-1.jpg\"><img loading=\"lazy\" decoding=\"async\" class=\"alignnone size-large wp-image-3040\" src=\"https:\/\/www.galeriebecot.com\/wp-content\/uploads\/2015\/01\/Club1-1-947x1024.jpg\" alt=\"Sans titre\" width=\"700\" height=\"757\" srcset=\"https:\/\/galeriebecot.com\/wp-content\/uploads\/2015\/01\/Club1-1-947x1024.jpg 947w, https:\/\/galeriebecot.com\/wp-content\/uploads\/2015\/01\/Club1-1-278x300.jpg 278w, https:\/\/galeriebecot.com\/wp-content\/uploads\/2015\/01\/Club1-1.jpg 1200w\" sizes=\"auto, (max-width: 700px) 100vw, 700px\" \/><\/a><\/p>\n<p><a href=\"https:\/\/www.galeriebecot.com\/wp-content\/uploads\/2015\/02\/Alleyn-2-2.jpg\"><img loading=\"lazy\" decoding=\"async\" class=\"alignnone size-large wp-image-3195\" src=\"https:\/\/www.galeriebecot.com\/wp-content\/uploads\/2015\/02\/Alleyn-2-2-1024x482.jpg\" alt=\"Alleyn 2-2\" width=\"700\" height=\"329\" srcset=\"https:\/\/galeriebecot.com\/wp-content\/uploads\/2015\/02\/Alleyn-2-2-1024x482.jpg 1024w, https:\/\/galeriebecot.com\/wp-content\/uploads\/2015\/02\/Alleyn-2-2-300x141.jpg 300w, https:\/\/galeriebecot.com\/wp-content\/uploads\/2015\/02\/Alleyn-2-2.jpg 1200w\" sizes=\"auto, (max-width: 700px) 100vw, 700px\" \/><\/a><\/p>\n<p><a href=\"https:\/\/www.galeriebecot.com\/wp-content\/uploads\/2015\/02\/Alleyn-3-3.jpg\"><img loading=\"lazy\" decoding=\"async\" class=\"alignnone size-large wp-image-3196\" src=\"https:\/\/www.galeriebecot.com\/wp-content\/uploads\/2015\/02\/Alleyn-3-3-1021x1024.jpg\" alt=\"Alleyn 3-3\" width=\"700\" height=\"702\" srcset=\"https:\/\/galeriebecot.com\/wp-content\/uploads\/2015\/02\/Alleyn-3-3-1021x1024.jpg 1021w, https:\/\/galeriebecot.com\/wp-content\/uploads\/2015\/02\/Alleyn-3-3-150x150.jpg 150w, https:\/\/galeriebecot.com\/wp-content\/uploads\/2015\/02\/Alleyn-3-3-300x300.jpg 300w, https:\/\/galeriebecot.com\/wp-content\/uploads\/2015\/02\/Alleyn-3-3-330x330.jpg 330w, https:\/\/galeriebecot.com\/wp-content\/uploads\/2015\/02\/Alleyn-3-3.jpg 1196w\" sizes=\"auto, (max-width: 700px) 100vw, 700px\" \/><\/a><\/p>\n<p>Je me suis souvent surpris \u00e0 penser que, si je pouvais \u00e9crire, je ne peindrais pas. Et si la peinture est un langage, ma peinture compose le seul texte que je puis assumer et signer. \u00a0\u00bb &#8211; Edmund Alleyn<\/p>\n<p>\u00a0<\/p>\n<p><a href=\"https:\/\/www.galeriebecot.com\/wp-content\/uploads\/2015\/02\/Alleyn-4-4.jpg\"><img loading=\"lazy\" decoding=\"async\" class=\"alignnone size-large wp-image-3197\" src=\"https:\/\/www.galeriebecot.com\/wp-content\/uploads\/2015\/02\/Alleyn-4-4-1024x230.jpg\" alt=\"Alleyn 4-4\" width=\"700\" height=\"157\" srcset=\"https:\/\/galeriebecot.com\/wp-content\/uploads\/2015\/02\/Alleyn-4-4-1024x230.jpg 1024w, https:\/\/galeriebecot.com\/wp-content\/uploads\/2015\/02\/Alleyn-4-4-300x68.jpg 300w, https:\/\/galeriebecot.com\/wp-content\/uploads\/2015\/02\/Alleyn-4-4.jpg 1200w\" sizes=\"auto, (max-width: 700px) 100vw, 700px\" \/><\/a><\/p>\n<p>N\u00e9 en 1931 dans la communaut\u00e9 irlandaise de Qu\u00e9bec,Edmund Alleyn a v\u00e9cu au Qu\u00e9bec et en France(1955-1971).Apr\u00e8s ses \u00e9tudes \u00e0 l&rsquo;\u00e9cole des beaux-arts de Qu\u00e9bec aux c\u00f4t\u00e9s de Jean-Paul Lemieux,il est influenc\u00e9 par le courant automatiste qui pousse le Qu\u00e9bec vers la modernit\u00e9.<\/p>\n<p><img loading=\"lazy\" decoding=\"async\" class=\"alignnone size-full wp-image-3221\" src=\"https:\/\/www.galeriebecot.com\/wp-content\/uploads\/2015\/02\/ed_alleyn1_9.jpg\" alt=\"ed_alleyn1_9\" width=\"468\" height=\"648\" srcset=\"https:\/\/galeriebecot.com\/wp-content\/uploads\/2015\/02\/ed_alleyn1_9.jpg 468w, https:\/\/galeriebecot.com\/wp-content\/uploads\/2015\/02\/ed_alleyn1_9-217x300.jpg 217w\" sizes=\"auto, (max-width: 468px) 100vw, 468px\" \/><\/p>\n<p>\u00a0<\/p>\n\n\n<figure class=\"wp-block-image size-full is-resized\"><a href=\"https:\/\/youtu.be\/fx7KptpqFak\"><img loading=\"lazy\" decoding=\"async\" src=\"https:\/\/www.galeriebecot.com\/wp-content\/uploads\/2023\/02\/Lapointe.jpg\" alt=\"\" class=\"wp-image-17018\" width=\"529\" height=\"419\" srcset=\"https:\/\/galeriebecot.com\/wp-content\/uploads\/2023\/02\/Lapointe.jpg 864w, https:\/\/galeriebecot.com\/wp-content\/uploads\/2023\/02\/Lapointe-300x238.jpg 300w, https:\/\/galeriebecot.com\/wp-content\/uploads\/2023\/02\/Lapointe-768x610.jpg 768w\" sizes=\"auto, (max-width: 529px) 100vw, 529px\" \/><\/a><figcaption>Un clic sur l&rsquo;image pour visionner !<\/figcaption><\/figure>\n\n\n\n<pre class=\"wp-block-code\"><code><\/code><\/pre>\n","protected":false},"excerpt":{"rendered":"<p>\u00a0 Un clic sur la photo pour agrandir. Merci \u00e0 tous ceux qui sont venus au lancement de la colossale biographie de Edmund Alleyn, sign\u00e9e Gilles Lapointe au MBAM. Une&hellip; <\/p>\n","protected":false},"author":1,"featured_media":0,"comment_status":"open","ping_status":"open","sticky":false,"template":"","format":"standard","meta":{"_exactmetrics_skip_tracking":false,"_exactmetrics_sitenote_active":false,"_exactmetrics_sitenote_note":"","_exactmetrics_sitenote_category":0,"footnotes":""},"categories":[17],"tags":[34,43,4328,2590,1789,6,498,1792,421,4329,527,3014,1795,526,4330,2133,58,4333,1790,1794,4331,1788,1791,1623,1793,203,37,40],"class_list":["post-3191","post","type-post","status-publish","format-standard","hentry","category-conference","tag-andre-becot","tag-arts-visuels","tag-charles-william-pelletier","tag-christian-lambert","tag-claude-fournier","tag-club-des-collectionneurs-en-arts-visuels-de-quebec","tag-edmund-alleyn","tag-emma-bertin","tag-eric-clement","tag-galerie-blumenthal-mommaton","tag-gilles-lapointe","tag-guy-lheureux","tag-henri-chasse","tag-jennifer-alleyn","tag-josee-belisle","tag-la-presse","tag-marc-bellemare-collectionneur","tag-marguerite-duras","tag-marie-josee-raymond","tag-marie-odile-demay","tag-mark-lanctot","tag-nathalie-bondil","tag-olivia-beaulieu","tag-paris","tag-pierre","tag-roger-bellemare","tag-studio-becot","tag-visuals-arts"],"_links":{"self":[{"href":"https:\/\/galeriebecot.com\/index.php?rest_route=\/wp\/v2\/posts\/3191","targetHints":{"allow":["GET"]}}],"collection":[{"href":"https:\/\/galeriebecot.com\/index.php?rest_route=\/wp\/v2\/posts"}],"about":[{"href":"https:\/\/galeriebecot.com\/index.php?rest_route=\/wp\/v2\/types\/post"}],"author":[{"embeddable":true,"href":"https:\/\/galeriebecot.com\/index.php?rest_route=\/wp\/v2\/users\/1"}],"replies":[{"embeddable":true,"href":"https:\/\/galeriebecot.com\/index.php?rest_route=%2Fwp%2Fv2%2Fcomments&post=3191"}],"version-history":[{"count":42,"href":"https:\/\/galeriebecot.com\/index.php?rest_route=\/wp\/v2\/posts\/3191\/revisions"}],"predecessor-version":[{"id":17023,"href":"https:\/\/galeriebecot.com\/index.php?rest_route=\/wp\/v2\/posts\/3191\/revisions\/17023"}],"wp:attachment":[{"href":"https:\/\/galeriebecot.com\/index.php?rest_route=%2Fwp%2Fv2%2Fmedia&parent=3191"}],"wp:term":[{"taxonomy":"category","embeddable":true,"href":"https:\/\/galeriebecot.com\/index.php?rest_route=%2Fwp%2Fv2%2Fcategories&post=3191"},{"taxonomy":"post_tag","embeddable":true,"href":"https:\/\/galeriebecot.com\/index.php?rest_route=%2Fwp%2Fv2%2Ftags&post=3191"}],"curies":[{"name":"wp","href":"https:\/\/api.w.org\/{rel}","templated":true}]}}