{"id":3135,"date":"2015-01-20T10:03:12","date_gmt":"2015-01-20T15:03:12","guid":{"rendered":"http:\/\/www.clubdescollectionneursenartsvisuelsdequebec.com\/?p=3135"},"modified":"2015-01-24T10:25:49","modified_gmt":"2015-01-24T15:25:49","slug":"lumiere-sur-lart","status":"publish","type":"post","link":"https:\/\/galeriebecot.com\/?p=3135","title":{"rendered":"Lumi\u00e8re sur l&rsquo;art&#8230;"},"content":{"rendered":"<p><a href=\"https:\/\/www.galeriebecot.com\/wp-content\/uploads\/2015\/01\/Cartier-2.jpg\"><img loading=\"lazy\" decoding=\"async\" class=\"alignnone size-large wp-image-3136\" src=\"https:\/\/www.galeriebecot.com\/wp-content\/uploads\/2015\/01\/Cartier-2-746x1024.jpg\" alt=\"Cartier 2\" width=\"700\" height=\"961\" srcset=\"https:\/\/galeriebecot.com\/wp-content\/uploads\/2015\/01\/Cartier-2-746x1024.jpg 746w, https:\/\/galeriebecot.com\/wp-content\/uploads\/2015\/01\/Cartier-2-219x300.jpg 219w, https:\/\/galeriebecot.com\/wp-content\/uploads\/2015\/01\/Cartier-2.jpg 1967w\" sizes=\"auto, (max-width: 700px) 100vw, 700px\" \/><\/a><\/p>\n<p>Pr\u00e9sent\u00e9 par la Soci\u00e9t\u00e9 de d\u00e9veloppement commercial du quartier Montcalm,le parcours <strong><em>Lumi\u00e8re sur l&rsquo;art<\/em><\/strong> met en vedette,au coeur du Quartier des arts,des luminaires g\u00e9ants reproduisant les oeuvres de Fernand Leduc ( 1916-2014) et d&rsquo;Alfred Pellan (1906-1988),qui appartiennent \u00e0 la collection du Mus\u00e9e national des beaux-arts du Qu\u00e9bec(MNBAQ).<\/p>\n<p>Cette r\u00e9alisation,hors les murs,est inspir\u00e9e des expositions <strong><em>Quatre figures de l&rsquo;art moderne au Qu\u00e9bec<\/em><\/strong>,actuellement pr\u00e9sent\u00e9es au MNBAQ<\/p>\n<p><strong>Click 2 fois\u00a0<\/strong>\u00a0sur l&rsquo;image pour agrandir les oeuvres pr\u00e9sent\u00e9es&#8230;<\/p>\n<p><a href=\"https:\/\/www.galeriebecot.com\/wp-content\/uploads\/2015\/01\/Cartier-1.jpg\"><img loading=\"lazy\" decoding=\"async\" class=\"alignnone size-large wp-image-3137\" src=\"https:\/\/www.galeriebecot.com\/wp-content\/uploads\/2015\/01\/Cartier-1-746x1024.jpg\" alt=\"Cartier 1\" width=\"700\" height=\"961\" srcset=\"https:\/\/galeriebecot.com\/wp-content\/uploads\/2015\/01\/Cartier-1-746x1024.jpg 746w, https:\/\/galeriebecot.com\/wp-content\/uploads\/2015\/01\/Cartier-1-219x300.jpg 219w, https:\/\/galeriebecot.com\/wp-content\/uploads\/2015\/01\/Cartier-1.jpg 1967w\" sizes=\"auto, (max-width: 700px) 100vw, 700px\" \/><\/a><\/p>\n","protected":false},"excerpt":{"rendered":"<p>Pr\u00e9sent\u00e9 par la Soci\u00e9t\u00e9 de d\u00e9veloppement commercial du quartier Montcalm,le parcours Lumi\u00e8re sur l&rsquo;art met en vedette,au coeur du Quartier des arts,des luminaires g\u00e9ants reproduisant les oeuvres de Fernand Leduc&hellip; <\/p>\n","protected":false},"author":1,"featured_media":0,"comment_status":"open","ping_status":"open","sticky":false,"template":"","format":"standard","meta":{"_exactmetrics_skip_tracking":false,"_exactmetrics_sitenote_active":false,"_exactmetrics_sitenote_note":"","_exactmetrics_sitenote_category":0,"footnotes":""},"categories":[27,18],"tags":[488,34,6,66,161,58,157,489,37,40],"class_list":["post-3135","post","type-post","status-publish","format-standard","hentry","category-artistes","category-evenement","tag-alfred-pellan","tag-andre-becot","tag-club-des-collectionneurs-en-arts-visuels-de-quebec","tag-club-des-collectionneurs-en-arts-visuels-de-quebec-studio-becot","tag-fernand-leduc","tag-marc-bellemare-collectionneur","tag-mnbaq","tag-musee-national-des-beaux-arts-du-quebec","tag-studio-becot","tag-visuals-arts"],"_links":{"self":[{"href":"https:\/\/galeriebecot.com\/index.php?rest_route=\/wp\/v2\/posts\/3135","targetHints":{"allow":["GET"]}}],"collection":[{"href":"https:\/\/galeriebecot.com\/index.php?rest_route=\/wp\/v2\/posts"}],"about":[{"href":"https:\/\/galeriebecot.com\/index.php?rest_route=\/wp\/v2\/types\/post"}],"author":[{"embeddable":true,"href":"https:\/\/galeriebecot.com\/index.php?rest_route=\/wp\/v2\/users\/1"}],"replies":[{"embeddable":true,"href":"https:\/\/galeriebecot.com\/index.php?rest_route=%2Fwp%2Fv2%2Fcomments&post=3135"}],"version-history":[{"count":6,"href":"https:\/\/galeriebecot.com\/index.php?rest_route=\/wp\/v2\/posts\/3135\/revisions"}],"predecessor-version":[{"id":3143,"href":"https:\/\/galeriebecot.com\/index.php?rest_route=\/wp\/v2\/posts\/3135\/revisions\/3143"}],"wp:attachment":[{"href":"https:\/\/galeriebecot.com\/index.php?rest_route=%2Fwp%2Fv2%2Fmedia&parent=3135"}],"wp:term":[{"taxonomy":"category","embeddable":true,"href":"https:\/\/galeriebecot.com\/index.php?rest_route=%2Fwp%2Fv2%2Fcategories&post=3135"},{"taxonomy":"post_tag","embeddable":true,"href":"https:\/\/galeriebecot.com\/index.php?rest_route=%2Fwp%2Fv2%2Ftags&post=3135"}],"curies":[{"name":"wp","href":"https:\/\/api.w.org\/{rel}","templated":true}]}}