{"id":3056,"date":"2015-01-13T18:09:08","date_gmt":"2015-01-13T23:09:08","guid":{"rendered":"http:\/\/www.clubdescollectionneursenartsvisuelsdequebec.com\/?p=3056"},"modified":"2015-01-15T18:20:23","modified_gmt":"2015-01-15T23:20:23","slug":"galerie-3nouvelle-vitrine-sur-lart-actuel-a-quebec","status":"publish","type":"post","link":"https:\/\/galeriebecot.com\/?p=3056","title":{"rendered":"Galerie 3:Nouvelle vitrine sur l&rsquo;art actuel \u00e0 Qu\u00e9bec"},"content":{"rendered":"<p><a title=\"Galerie 3\" href=\"http:\/\/www.lapresse.ca\/le-soleil\/arts-et-spectacles\/expositions\/201501\/14\/01-4835258-galerie-3-nouvelle-vitrine-sur-lart-actuel-a-quebec.php\"><img loading=\"lazy\" decoding=\"async\" class=\"alignnone size-full wp-image-3057\" src=\"https:\/\/www.galeriebecot.com\/wp-content\/uploads\/2015\/01\/956980-pascal-champoux-norbert-langlois-abdelila.jpg\" alt=\"956980-pascal-champoux-norbert-langlois-abdelila\" width=\"641\" height=\"427\" srcset=\"https:\/\/galeriebecot.com\/wp-content\/uploads\/2015\/01\/956980-pascal-champoux-norbert-langlois-abdelila.jpg 641w, https:\/\/galeriebecot.com\/wp-content\/uploads\/2015\/01\/956980-pascal-champoux-norbert-langlois-abdelila-300x200.jpg 300w\" sizes=\"auto, (max-width: 641px) 100vw, 641px\" \/><\/a><\/p>\n<p><span class=\"Apple-style-span\"><strong>JOSIANNE DESLOGES<\/strong><br \/>\nLe Soleil<\/span><\/p>\n<div class=\"excerpt\">\n<p class=\"amorce\"><a title=\"Galerie 3\" href=\"http:\/\/www.lapresse.ca\/le-soleil\/arts-et-spectacles\/expositions\/201501\/14\/01-4835258-galerie-3-nouvelle-vitrine-sur-lart-actuel-a-quebec.php\">(Qu\u00e9bec) Une nouvelle galerie viendra transfigurer le march\u00e9 de l&rsquo;art actuel \u00e0 Qu\u00e9bec d\u00e8s la fin mars. Sous l&rsquo;\u00e9gide de trois hommes d&rsquo;affaires et collectionneurs, des artistes incontournables comme BGL, Graeme Patterson, Yannick Pouliot, Dan Brault et Sayeh Sarfaraz exposeront \u00e0 Qu\u00e9bec et pourront \u00eatre mieux repr\u00e9sent\u00e9s aupr\u00e8s des mus\u00e9es nationaux.<\/a><\/p>\n<\/div>\n<div class=\"entry chapitre chapitreTexte\">\n<p><a title=\"Galerie 3\" href=\"http:\/\/www.lapresse.ca\/le-soleil\/arts-et-spectacles\/expositions\/201501\/14\/01-4835258-galerie-3-nouvelle-vitrine-sur-lart-actuel-a-quebec.php\">Norbert Langlois, Pascal Champoux et Abdelilah Chiguer sont trois collectionneurs aguerris, qui carburent \u00e0 l&rsquo;art actuel. Le premier a fond\u00e9 le Cercle des collectionneurs en art actuel il y a deux ans ainsi que plusieurs compagnies, dont Marie-Stella qui offre des services d&rsquo;animation th\u00e9\u00e2trale. Le second a tenu la galerie Esth\u00e9sio sur la rue Saint-Paul au d\u00e9but des ann\u00e9es 2000 et s&rsquo;est sp\u00e9cialis\u00e9 en marketing, alors que le troisi\u00e8me est directeur des achats dans une entreprise priv\u00e9e et pr\u00e9sident du C. A. de la Foire en art actuel. Ils ont acquis, au fil des ann\u00e9es, entre 70 et 140 oeuvres chacun.<\/a><\/p>\n<p><a title=\"Galerie 3\" href=\"http:\/\/www.lapresse.ca\/le-soleil\/arts-et-spectacles\/expositions\/201501\/14\/01-4835258-galerie-3-nouvelle-vitrine-sur-lart-actuel-a-quebec.php\">Souhaitant enrichir l&rsquo;offre en art actuel \u00e0 Qu\u00e9bec et d\u00e9velopper la carri\u00e8re d&rsquo;artistes qui sont des coups de coeur communs, les trois amis ont d\u00e9cid\u00e9 de fonder la galerie 3. Le nom de BGL, qui repr\u00e9sente le Canada \u00e0 la prochaine Biennale de Venise (voir l&rsquo;encadr\u00e9), a servi de locomotive au d\u00e9but du projet. \u00abIls ont dit oui tout de suite, et qu&rsquo;ils voulaient nous supporter\u00bb, raconte Norbert Langlois, ami et coll\u00e8gue de classe du toujours audacieux et surprenant trio de Qu\u00e9bec.<\/a><\/p>\n<\/div>\n<p><a title=\"Galerie 3\" href=\"http:\/\/www.lapresse.ca\/le-soleil\/arts-et-spectacles\/expositions\/201501\/14\/01-4835258-galerie-3-nouvelle-vitrine-sur-lart-actuel-a-quebec.php\">\u00a0<\/a><\/p>\n","protected":false},"excerpt":{"rendered":"<p>JOSIANNE DESLOGES Le Soleil (Qu\u00e9bec) Une nouvelle galerie viendra transfigurer le march\u00e9 de l&rsquo;art actuel \u00e0 Qu\u00e9bec d\u00e8s la fin mars. Sous l&rsquo;\u00e9gide de trois hommes d&rsquo;affaires et collectionneurs, des&hellip; <\/p>\n","protected":false},"author":1,"featured_media":0,"comment_status":"open","ping_status":"open","sticky":false,"template":"","format":"standard","meta":{"_exactmetrics_skip_tracking":false,"_exactmetrics_sitenote_active":false,"_exactmetrics_sitenote_note":"","_exactmetrics_sitenote_category":0,"footnotes":""},"categories":[27,29,30],"tags":[484,34,109,6,66,368,35,479,58,482,483,481,37,40,480],"class_list":["post-3056","post","type-post","status-publish","format-standard","hentry","category-artistes","category-journaux","category-le-soleil","tag-abdelilah-chiquer","tag-andre-becot","tag-bgl","tag-club-des-collectionneurs-en-arts-visuels-de-quebec","tag-club-des-collectionneurs-en-arts-visuels-de-quebec-studio-becot","tag-dan-brault","tag-foire-en-arts-actuel","tag-graeme-patterson","tag-marc-bellemare-collectionneur","tag-norbert-langlois","tag-pasacl-champoux","tag-sayeh-sarfaraz","tag-studio-becot","tag-visuals-arts","tag-yannick-pouliot"],"_links":{"self":[{"href":"https:\/\/galeriebecot.com\/index.php?rest_route=\/wp\/v2\/posts\/3056","targetHints":{"allow":["GET"]}}],"collection":[{"href":"https:\/\/galeriebecot.com\/index.php?rest_route=\/wp\/v2\/posts"}],"about":[{"href":"https:\/\/galeriebecot.com\/index.php?rest_route=\/wp\/v2\/types\/post"}],"author":[{"embeddable":true,"href":"https:\/\/galeriebecot.com\/index.php?rest_route=\/wp\/v2\/users\/1"}],"replies":[{"embeddable":true,"href":"https:\/\/galeriebecot.com\/index.php?rest_route=%2Fwp%2Fv2%2Fcomments&post=3056"}],"version-history":[{"count":6,"href":"https:\/\/galeriebecot.com\/index.php?rest_route=\/wp\/v2\/posts\/3056\/revisions"}],"predecessor-version":[{"id":3063,"href":"https:\/\/galeriebecot.com\/index.php?rest_route=\/wp\/v2\/posts\/3056\/revisions\/3063"}],"wp:attachment":[{"href":"https:\/\/galeriebecot.com\/index.php?rest_route=%2Fwp%2Fv2%2Fmedia&parent=3056"}],"wp:term":[{"taxonomy":"category","embeddable":true,"href":"https:\/\/galeriebecot.com\/index.php?rest_route=%2Fwp%2Fv2%2Fcategories&post=3056"},{"taxonomy":"post_tag","embeddable":true,"href":"https:\/\/galeriebecot.com\/index.php?rest_route=%2Fwp%2Fv2%2Ftags&post=3056"}],"curies":[{"name":"wp","href":"https:\/\/api.w.org\/{rel}","templated":true}]}}