{"id":3004,"date":"2014-12-25T17:05:58","date_gmt":"2014-12-25T22:05:58","guid":{"rendered":"http:\/\/www.clubdescollectionneursenartsvisuelsdequebec.com\/?p=3004"},"modified":"2014-12-29T17:13:55","modified_gmt":"2014-12-29T22:13:55","slug":"richard-lavoie-loeuvre-dune-vie","status":"publish","type":"post","link":"https:\/\/galeriebecot.com\/?p=3004","title":{"rendered":"Richard Lavoie: l&rsquo;oeuvre d&rsquo;une vie&#8230;."},"content":{"rendered":"<p><a title=\"Richard Lavoie\" href=\"http:\/\/www.lapresse.ca\/cinema\/dvd\/201412\/27\/01-4831209-richard-lavoie-loeuvre-dune-vie-en-un-coffret.php\"><img loading=\"lazy\" decoding=\"async\" class=\"alignnone size-full wp-image-3005\" src=\"https:\/\/www.galeriebecot.com\/wp-content\/uploads\/2014\/12\/950962-richard-lavoie.jpg\" alt=\"950962-richard-lavoie\" width=\"641\" height=\"427\" srcset=\"https:\/\/galeriebecot.com\/wp-content\/uploads\/2014\/12\/950962-richard-lavoie.jpg 641w, https:\/\/galeriebecot.com\/wp-content\/uploads\/2014\/12\/950962-richard-lavoie-300x200.jpg 300w\" sizes=\"auto, (max-width: 641px) 100vw, 641px\" \/><\/a><\/p>\n<p><a title=\"Richard Lavoie\" href=\"http:\/\/www.lapresse.ca\/cinema\/dvd\/201412\/27\/01-4831209-richard-lavoie-loeuvre-dune-vie-en-un-coffret.php\"><em>Par Andr\u00e9 Duchesne La Presse<\/em><\/a><\/p>\n<p><a title=\"Richard Lavoie\" href=\"http:\/\/www.lapresse.ca\/cinema\/dvd\/201412\/27\/01-4831209-richard-lavoie-loeuvre-dune-vie-en-un-coffret.php\"><span class=\"Apple-style-span\">L&rsquo;histoire du Qu\u00e9bec, de ses r\u00e9gions, de ses m\u00e9tiers et de ses gens, Richard Lavoie l&rsquo;a film\u00e9e sous tous les angles. Dans ce qu&rsquo;on peut qualifier d&rsquo;oeuvre d&rsquo;une vie, il fait un retour sur une bonne partie de ce travail de documentariste dans un coffret de six DVD&#8230;&#8230;<\/span><\/a><\/p>\n<p><span class=\"Apple-style-span\">Ce n&rsquo;est pas parce qu&rsquo;il \u00e9dite et distribue un coffret que Richard Lavoie, 77 ans, a l&rsquo;intention d&rsquo;accrocher sa cam\u00e9ra. Il pr\u00e9pare en ce moment un documentaire sur le peintre et sculpteur <strong>Aristide Gagnon.<\/strong> \u00abUn homme qui fait un travail admirable\u00bb, dit-il bien simplement.<\/span><\/p>\n","protected":false},"excerpt":{"rendered":"<p>Par Andr\u00e9 Duchesne La Presse L&rsquo;histoire du Qu\u00e9bec, de ses r\u00e9gions, de ses m\u00e9tiers et de ses gens, Richard Lavoie l&rsquo;a film\u00e9e sous tous les angles. Dans ce qu&rsquo;on peut&hellip; <\/p>\n","protected":false},"author":1,"featured_media":0,"comment_status":"open","ping_status":"open","sticky":false,"template":"","format":"standard","meta":{"_exactmetrics_skip_tracking":false,"_exactmetrics_sitenote_active":false,"_exactmetrics_sitenote_note":"","_exactmetrics_sitenote_category":0,"footnotes":""},"categories":[27,29,32,31,30],"tags":[34,43,227,67,470,45],"class_list":["post-3004","post","type-post","status-publish","format-standard","hentry","category-artistes","category-journaux","category-le-devoir","category-le-journal-de-quebec","category-le-soleil","tag-andre-becot","tag-arts-visuels","tag-bellemare-marc-avocat","tag-club-des-collectionneurs-en-arts-visuels-de-quebec-marc-bellemare","tag-richard-lavoie","tag-visual-art"],"_links":{"self":[{"href":"https:\/\/galeriebecot.com\/index.php?rest_route=\/wp\/v2\/posts\/3004","targetHints":{"allow":["GET"]}}],"collection":[{"href":"https:\/\/galeriebecot.com\/index.php?rest_route=\/wp\/v2\/posts"}],"about":[{"href":"https:\/\/galeriebecot.com\/index.php?rest_route=\/wp\/v2\/types\/post"}],"author":[{"embeddable":true,"href":"https:\/\/galeriebecot.com\/index.php?rest_route=\/wp\/v2\/users\/1"}],"replies":[{"embeddable":true,"href":"https:\/\/galeriebecot.com\/index.php?rest_route=%2Fwp%2Fv2%2Fcomments&post=3004"}],"version-history":[{"count":5,"href":"https:\/\/galeriebecot.com\/index.php?rest_route=\/wp\/v2\/posts\/3004\/revisions"}],"predecessor-version":[{"id":3010,"href":"https:\/\/galeriebecot.com\/index.php?rest_route=\/wp\/v2\/posts\/3004\/revisions\/3010"}],"wp:attachment":[{"href":"https:\/\/galeriebecot.com\/index.php?rest_route=%2Fwp%2Fv2%2Fmedia&parent=3004"}],"wp:term":[{"taxonomy":"category","embeddable":true,"href":"https:\/\/galeriebecot.com\/index.php?rest_route=%2Fwp%2Fv2%2Fcategories&post=3004"},{"taxonomy":"post_tag","embeddable":true,"href":"https:\/\/galeriebecot.com\/index.php?rest_route=%2Fwp%2Fv2%2Ftags&post=3004"}],"curies":[{"name":"wp","href":"https:\/\/api.w.org\/{rel}","templated":true}]}}