{"id":2956,"date":"2021-03-15T10:34:00","date_gmt":"2021-03-15T14:34:00","guid":{"rendered":"http:\/\/www.clubdescollectionneursenartsvisuelsdequebec.com\/?p=2956"},"modified":"2021-04-06T12:40:03","modified_gmt":"2021-04-06T16:40:03","slug":"pierre-lussier-en-conference-le-29-novembre-20014","status":"publish","type":"post","link":"https:\/\/galeriebecot.com\/?p=2956","title":{"rendered":"Pierre Lussier : Oeuvres r\u00e9centes (2021), et conf\u00e9rence du 29 Novembre 2014"},"content":{"rendered":"\n<p class=\"wp-block-paragraph\">Pierre Lussier fait partie de \u00abl\u2019\u00e9cole de Qu\u00e9bec\u00bb. Il a re\u00e7u sa formation au s\u00e9minaire de cette ville et est rest\u00e9 marqu\u00e9 par la culture classique. \u00c0 vingt ans, il est attir\u00e9 \u00e0 la fois par l\u2019\u00e9cologisme et le Pop Art. Il va alors \u00e9tudier le cin\u00e9ma \u00e0 Los Angeles (UCLA). Mais c\u2019est de retour au Qu\u00e9bec qu\u2019il trouve sa voie, au cours d\u2019une saison magique au village de Kamouraska. Kamouraska est un village \u00e0 l\u2019ancienne, au bord d\u2019un fleuve qui est alors devenu la mer.<\/p>\n\n\n\n<p class=\"wp-block-paragraph\"><strong>R\u00e9alisme magique? Naturalisme inspir\u00e9? La peinture de Pierre Lussier renoue avec la figuration, le paysage, les personnages. Mais une figuration red\u00e9couverte par un regard moderne. Anim\u00e9e par le sacr\u00e9 de la nature. Cet art est \u00e9troitement associ\u00e9 au mouvement \u00e9cologiste. Il plonge ses racines dans l\u2019\u0153uvre des ma\u00eetres anciens, sp\u00e9cialement les peintres italiens de la Renaissance.<\/strong><\/p>\n\n\n\n<figure class=\"wp-block-image size-large\"><img loading=\"lazy\" decoding=\"async\" width=\"720\" height=\"672\" src=\"https:\/\/www.galeriebecot.com\/wp-content\/uploads\/2021\/04\/LussierFB1.jpg\" alt=\"\" class=\"wp-image-14320\" srcset=\"https:\/\/galeriebecot.com\/wp-content\/uploads\/2021\/04\/LussierFB1.jpg 720w, https:\/\/galeriebecot.com\/wp-content\/uploads\/2021\/04\/LussierFB1-300x280.jpg 300w\" sizes=\"auto, (max-width: 720px) 100vw, 720px\" \/><\/figure>\n\n\n\n<figure class=\"wp-block-image size-large\"><img loading=\"lazy\" decoding=\"async\" width=\"720\" height=\"861\" src=\"https:\/\/www.galeriebecot.com\/wp-content\/uploads\/2021\/04\/Lussier1.jpg\" alt=\"\" class=\"wp-image-14321\" srcset=\"https:\/\/galeriebecot.com\/wp-content\/uploads\/2021\/04\/Lussier1.jpg 720w, https:\/\/galeriebecot.com\/wp-content\/uploads\/2021\/04\/Lussier1-251x300.jpg 251w\" sizes=\"auto, (max-width: 720px) 100vw, 720px\" \/><\/figure>\n\n\n\n<figure class=\"wp-block-image size-large\"><img loading=\"lazy\" decoding=\"async\" width=\"720\" height=\"523\" src=\"https:\/\/www.galeriebecot.com\/wp-content\/uploads\/2021\/04\/Lussier5.jpg\" alt=\"\" class=\"wp-image-14322\" srcset=\"https:\/\/galeriebecot.com\/wp-content\/uploads\/2021\/04\/Lussier5.jpg 720w, https:\/\/galeriebecot.com\/wp-content\/uploads\/2021\/04\/Lussier5-300x218.jpg 300w\" sizes=\"auto, (max-width: 720px) 100vw, 720px\" \/><\/figure>\n\n\n\n<figure class=\"wp-block-image size-large\"><img loading=\"lazy\" decoding=\"async\" width=\"720\" height=\"1021\" src=\"https:\/\/www.galeriebecot.com\/wp-content\/uploads\/2021\/04\/Lussier2-1.jpg\" alt=\"\" class=\"wp-image-14325\" srcset=\"https:\/\/galeriebecot.com\/wp-content\/uploads\/2021\/04\/Lussier2-1.jpg 720w, https:\/\/galeriebecot.com\/wp-content\/uploads\/2021\/04\/Lussier2-1-212x300.jpg 212w\" sizes=\"auto, (max-width: 720px) 100vw, 720px\" \/><\/figure>\n\n\n\n<figure class=\"wp-block-image size-large\"><img loading=\"lazy\" decoding=\"async\" width=\"466\" height=\"1024\" src=\"https:\/\/www.galeriebecot.com\/wp-content\/uploads\/2021\/04\/lussier-6-1-466x1024.jpg\" alt=\"\" class=\"wp-image-14326\" srcset=\"https:\/\/galeriebecot.com\/wp-content\/uploads\/2021\/04\/lussier-6-1-466x1024.jpg 466w, https:\/\/galeriebecot.com\/wp-content\/uploads\/2021\/04\/lussier-6-1-136x300.jpg 136w, https:\/\/galeriebecot.com\/wp-content\/uploads\/2021\/04\/lussier-6-1-699x1536.jpg 699w, https:\/\/galeriebecot.com\/wp-content\/uploads\/2021\/04\/lussier-6-1.jpg 720w\" sizes=\"auto, (max-width: 466px) 100vw, 466px\" \/><\/figure>\n\n\n<p><a title=\"Pierre Lussier\" href=\"http:\/\/us6.campaign-archive1.com\/?u=4c30963773&amp;id=1ceb809a3d&amp;e=afdc840498\"><img loading=\"lazy\" decoding=\"async\" class=\"alignnone size-full wp-image-2958\" src=\"https:\/\/www.galeriebecot.com\/wp-content\/uploads\/2014\/12\/Pierre-Lussier.jpg\" alt=\"Pierre Lussier\" width=\"415\" height=\"562\" srcset=\"https:\/\/galeriebecot.com\/wp-content\/uploads\/2014\/12\/Pierre-Lussier.jpg 415w, https:\/\/galeriebecot.com\/wp-content\/uploads\/2014\/12\/Pierre-Lussier-221x300.jpg 221w\" sizes=\"auto, (max-width: 415px) 100vw, 415px\" \/><\/a><\/p>\n<p><a title=\"Pierre Lussier\" href=\"http:\/\/us6.campaign-archive1.com\/?u=4c30963773&amp;id=1ceb809a3d&amp;e=afdc840498\">Pierre Lussier en conf\u00e9rence le 29 Novembre 20014<\/a>.<\/p>\n<h4 class=\"null\">PROMENADE D&rsquo;UN PEINTRE,&nbsp;<br>DANS LES JARDINS DE LA PR\u00c9SENCE.<\/h4>\n<p>CONF\u00c9RENCE ET PROJECTION D\u2019\u0152UVRES,&nbsp;<br>DE PIERRE LUSSIER, &nbsp;PEINTRE ET \u00c9CRIVAIN,&nbsp;<\/p>\n<p>LE JEUDI 11 D\u00c9CEMBRE 2014, &nbsp;\u00c0 19 H 30<br>ENTR\u00c9E LIBRE, &nbsp;CONTRIBUTION SUGG\u00c9R\u00c9E : 10 $&nbsp;<br>\u00c9GLISE DES DOMINICAINS&nbsp;:&nbsp;<br>2715, C\u00d4TE-SAINTE-CATHERINE, MONTR\u00c9AL<\/p>\n\n\n<p class=\"wp-block-paragraph\"><a href=\"https:\/\/www.galeriebecot.com\/?p=1697\">Promenade dans les pens\u00e9es d\u2019un peintre par Pierre Lussier<\/a><\/p>\n","protected":false},"excerpt":{"rendered":"<p>Pierre Lussier fait partie de \u00abl\u2019\u00e9cole de Qu\u00e9bec\u00bb. Il a re\u00e7u sa formation au s\u00e9minaire de cette ville et est rest\u00e9 marqu\u00e9 par la culture classique. \u00c0 vingt ans, il&hellip; <\/p>\n","protected":false},"author":1,"featured_media":0,"comment_status":"open","ping_status":"open","sticky":false,"template":"","format":"standard","meta":{"_exactmetrics_skip_tracking":false,"_exactmetrics_sitenote_active":false,"_exactmetrics_sitenote_note":"","_exactmetrics_sitenote_category":0,"footnotes":""},"categories":[17],"tags":[34,67,3909,33,58,3908,195,3907,40],"class_list":["post-2956","post","type-post","status-publish","format-standard","hentry","category-conference","tag-andre-becot","tag-club-des-collectionneurs-en-arts-visuels-de-quebec-marc-bellemare","tag-maitres-anciens","tag-marc-bellemare","tag-marc-bellemare-collectionneur","tag-peintres-italiens","tag-pierre-lussier","tag-renaissance","tag-visuals-arts"],"_links":{"self":[{"href":"https:\/\/galeriebecot.com\/index.php?rest_route=\/wp\/v2\/posts\/2956","targetHints":{"allow":["GET"]}}],"collection":[{"href":"https:\/\/galeriebecot.com\/index.php?rest_route=\/wp\/v2\/posts"}],"about":[{"href":"https:\/\/galeriebecot.com\/index.php?rest_route=\/wp\/v2\/types\/post"}],"author":[{"embeddable":true,"href":"https:\/\/galeriebecot.com\/index.php?rest_route=\/wp\/v2\/users\/1"}],"replies":[{"embeddable":true,"href":"https:\/\/galeriebecot.com\/index.php?rest_route=%2Fwp%2Fv2%2Fcomments&post=2956"}],"version-history":[{"count":15,"href":"https:\/\/galeriebecot.com\/index.php?rest_route=\/wp\/v2\/posts\/2956\/revisions"}],"predecessor-version":[{"id":14337,"href":"https:\/\/galeriebecot.com\/index.php?rest_route=\/wp\/v2\/posts\/2956\/revisions\/14337"}],"wp:attachment":[{"href":"https:\/\/galeriebecot.com\/index.php?rest_route=%2Fwp%2Fv2%2Fmedia&parent=2956"}],"wp:term":[{"taxonomy":"category","embeddable":true,"href":"https:\/\/galeriebecot.com\/index.php?rest_route=%2Fwp%2Fv2%2Fcategories&post=2956"},{"taxonomy":"post_tag","embeddable":true,"href":"https:\/\/galeriebecot.com\/index.php?rest_route=%2Fwp%2Fv2%2Ftags&post=2956"}],"curies":[{"name":"wp","href":"https:\/\/api.w.org\/{rel}","templated":true}]}}