{"id":2930,"date":"2014-11-28T11:45:16","date_gmt":"2014-11-28T16:45:16","guid":{"rendered":"http:\/\/www.clubdescollectionneursenartsvisuelsdequebec.com\/?p=2930"},"modified":"2014-12-02T12:02:31","modified_gmt":"2014-12-02T17:02:31","slug":"exposition-espace-frere-jerome","status":"publish","type":"post","link":"https:\/\/galeriebecot.com\/?p=2930","title":{"rendered":"D&rsquo;autres regards sur l&rsquo;hiver,espace Fr\u00e8re-J\u00e9r\u00f4me"},"content":{"rendered":"<p><a href=\"https:\/\/www.galeriebecot.com\/wp-content\/uploads\/2014\/12\/Clart\u00e9-dieu.jpg\"><img loading=\"lazy\" decoding=\"async\" class=\"alignnone size-full wp-image-2931\" src=\"https:\/\/www.galeriebecot.com\/wp-content\/uploads\/2014\/12\/Clart\u00e9-dieu.jpg\" alt=\"Clart\u00e9-dieu\" width=\"855\" height=\"525\" srcset=\"https:\/\/galeriebecot.com\/wp-content\/uploads\/2014\/12\/Clart\u00e9-dieu.jpg 855w, https:\/\/galeriebecot.com\/wp-content\/uploads\/2014\/12\/Clart\u00e9-dieu-300x184.jpg 300w\" sizes=\"auto, (max-width: 855px) 100vw, 855px\" \/><\/a><\/p>\n<p>La Clart\u00e9-Dieu(espace Fr\u00e8re-J\u00e9r\u00f4me) pr\u00e9sente l&rsquo;exposition D&rsquo;autres regards sur l&rsquo;hiver.Oeuvres de membres du collectif &lt;&lt; L&rsquo;Atelier 18 &gt;&gt;<\/p>\n<p>Du 5 D\u00e9cembre au 21 D\u00e9cembre.<\/p>\n<p>Ouverture du jeudi au dimanche de 13h \u00e0 17h<\/p>\n<p>220 Grande All\u00e9e Est-code d&rsquo;acc\u00e8s 1200(entr\u00e9e possible par la rue Turnbull) information au 418 683-6825<\/p>\n<p>Andr\u00e9 B\u00e9cot,Pierre B\u00e9land,Linda Bernier,Martin Bouchard,H\u00e9l\u00e8ne Breton,Renald Brisebois,Jean-Guy Desrosiers,Gilles Diamond,Marie-Claude Ferland,Aristide Gagnon,Viviane Gruais,John Michaud,Lyse Marsan,R\u00e9jeanne Lizotte,Pierre Leblanc,Albini Leblanc,H\u00e9l\u00e8ne Larouche,Pierre Lanoie,Francine No\u00ebl,Hugues No\u00ebl de Tilly,Fleurette Sauvageau,Lise V\u00e9zina,<\/p>\n","protected":false},"excerpt":{"rendered":"<p>La Clart\u00e9-Dieu(espace Fr\u00e8re-J\u00e9r\u00f4me) pr\u00e9sente l&rsquo;exposition D&rsquo;autres regards sur l&rsquo;hiver.Oeuvres de membres du collectif &lt;&lt; L&rsquo;Atelier 18 &gt;&gt; Du 5 D\u00e9cembre au 21 D\u00e9cembre. Ouverture du jeudi au dimanche de 13h&hellip; <\/p>\n","protected":false},"author":1,"featured_media":0,"comment_status":"open","ping_status":"open","sticky":false,"template":"","format":"standard","meta":{"_exactmetrics_skip_tracking":false,"_exactmetrics_sitenote_active":false,"_exactmetrics_sitenote_note":"","_exactmetrics_sitenote_category":0,"footnotes":""},"categories":[27,18,19],"tags":[456,34,53,6,66,463,460,197,38,450,448,457,459,449,453,462,446,461,454,58,451,447,445,458,455,68,158,40,452],"class_list":["post-2930","post","type-post","status-publish","format-standard","hentry","category-artistes","category-evenement","category-vernissage","tag-albini-leblanc","tag-andre-becot","tag-aristide-gagnon","tag-club-des-collectionneurs-en-arts-visuels-de-quebec","tag-club-des-collectionneurs-en-arts-visuels-de-quebec-studio-becot","tag-espace-frere-jerome","tag-fleurette-sauvageau","tag-francine-noel","tag-galerie-becot","tag-gilles-diamond","tag-helene-breton","tag-helene-larouche","tag-hugues-noel-de-tilly","tag-jean-guy-desrosiers","tag-john-michaud","tag-la-clarte-dieu","tag-linda-bernier","tag-lise-vezina","tag-lyse-marsan","tag-marc-bellemare-collectionneur","tag-marie-claude-ferland","tag-martin-bouchard","tag-pierre-beland","tag-pierre-lanoie","tag-pierre-leblanc","tag-rejeanne-lizotte","tag-renald-brisebois","tag-visuals-arts","tag-viviane-gruais"],"_links":{"self":[{"href":"https:\/\/galeriebecot.com\/index.php?rest_route=\/wp\/v2\/posts\/2930","targetHints":{"allow":["GET"]}}],"collection":[{"href":"https:\/\/galeriebecot.com\/index.php?rest_route=\/wp\/v2\/posts"}],"about":[{"href":"https:\/\/galeriebecot.com\/index.php?rest_route=\/wp\/v2\/types\/post"}],"author":[{"embeddable":true,"href":"https:\/\/galeriebecot.com\/index.php?rest_route=\/wp\/v2\/users\/1"}],"replies":[{"embeddable":true,"href":"https:\/\/galeriebecot.com\/index.php?rest_route=%2Fwp%2Fv2%2Fcomments&post=2930"}],"version-history":[{"count":2,"href":"https:\/\/galeriebecot.com\/index.php?rest_route=\/wp\/v2\/posts\/2930\/revisions"}],"predecessor-version":[{"id":2933,"href":"https:\/\/galeriebecot.com\/index.php?rest_route=\/wp\/v2\/posts\/2930\/revisions\/2933"}],"wp:attachment":[{"href":"https:\/\/galeriebecot.com\/index.php?rest_route=%2Fwp%2Fv2%2Fmedia&parent=2930"}],"wp:term":[{"taxonomy":"category","embeddable":true,"href":"https:\/\/galeriebecot.com\/index.php?rest_route=%2Fwp%2Fv2%2Fcategories&post=2930"},{"taxonomy":"post_tag","embeddable":true,"href":"https:\/\/galeriebecot.com\/index.php?rest_route=%2Fwp%2Fv2%2Ftags&post=2930"}],"curies":[{"name":"wp","href":"https:\/\/api.w.org\/{rel}","templated":true}]}}