{"id":2919,"date":"2014-12-16T12:33:36","date_gmt":"2014-12-16T17:33:36","guid":{"rendered":"http:\/\/www.clubdescollectionneursenartsvisuelsdequebec.com\/?p=2919"},"modified":"2014-12-19T13:58:23","modified_gmt":"2014-12-19T18:58:23","slug":"rejeanne-lizotteexpose","status":"publish","type":"post","link":"https:\/\/galeriebecot.com\/?p=2919","title":{"rendered":"R\u00e9jeanne Lizotte"},"content":{"rendered":"<p>Les fun\u00e9railles de R\u00e9jeanne auront lieu samedi le 20 d\u00e9cembre \u00e0 13h30 \u00e0 l&rsquo;\u00e9glise de la Nativit\u00e9 de Beauport (<a title=\"adresse\" href=\"https:\/\/maps.google.ca\/maps?hl=fr-CA&amp;gbv=2&amp;ie=UTF-8&amp;fb=1&amp;gl=ca&amp;ftid=0x4cb8bdd95a2c00e9:0xad7928fb337bff92&amp;q=25+Avenue+du+Couvent,+Qu\u00e9bec,+QC+G1E+6R9&amp;ei=vHKUVOP9CYGVNrKMgOAP&amp;ved=0CBQQ8gEoATAA&amp;output=classic&amp;dg=brw\">25 Avenue du Couvent,Qu\u00e9bec, QC ,G1E-6R9<\/a>) Sa famille recevra nos condol\u00e9ances \u00e0 partir de midi.<\/p>\n<p><a title=\"Raav\" href=\"http:\/\/raav.org\/rejeanne-lizotte-1947-2014\"><img loading=\"lazy\" decoding=\"async\" class=\"alignnone size-full wp-image-2995\" src=\"https:\/\/www.galeriebecot.com\/wp-content\/uploads\/2014\/12\/raav_logo.jpg\" alt=\"raav_logo\" width=\"526\" height=\"110\" srcset=\"https:\/\/galeriebecot.com\/wp-content\/uploads\/2014\/12\/raav_logo.jpg 526w, https:\/\/galeriebecot.com\/wp-content\/uploads\/2014\/12\/raav_logo-300x62.jpg 300w\" sizes=\"auto, (max-width: 526px) 100vw, 526px\" \/><\/a><\/p>\n<div>Mardi 16 d\u00e9cembre dernier, nous apprenions la disparition de notre amie et coll\u00e8gue R\u00e9jeanne Lizotte, jusqu\u2019\u00e0 tout r\u00e9cemment membre du conseil d\u2019administration du RAAV. Artiste engag\u00e9e et dot\u00e9e d\u2019une grande g\u00e9n\u00e9rosit\u00e9, R\u00e9jeanne avait \u00e0 c\u0153ur sa communaut\u00e9. Cet \u00e9v\u00e9nement soudain a cr\u00e9\u00e9 une onde de choc au sein de l\u2019\u00e9quipe du RAAV et de son conseil d\u2019administration.<\/div>\n<div><\/div>\n<div>L\u2019\u00e9quipe du RAAV et son Conseil d\u2019administration tiennent \u00e0 exprimer leurs sinc\u00e8res condol\u00e9ances \u00e0 la famille et aux proches de R\u00e9jeanne.<\/div>\n<h1 class=\"entry-title\">Artiste envers et contre tout<\/h1>\n<p><a title=\"R\u00e9jeanne Article\" href=\"http:\/\/www.droitdeparole.org\/2014\/02\/artiste-envers-et-contre-tout\/\">Droit de parole par\u00a0<span class=\"Apple-style-span\">Par Jean Coulombe<\/span><\/a><\/p>\n<p><a title=\"R\u00e9jeanne Article\" href=\"http:\/\/www.droitdeparole.org\/2014\/02\/artiste-envers-et-contre-tout\/\"><img loading=\"lazy\" decoding=\"async\" class=\"alignnone size-full wp-image-2971\" src=\"https:\/\/www.galeriebecot.com\/wp-content\/uploads\/2014\/10\/R\u00e9jeanne-Lizotte....jpg\" alt=\"R\u00e9jeanne Lizotte...\" width=\"576\" height=\"521\" srcset=\"https:\/\/galeriebecot.com\/wp-content\/uploads\/2014\/10\/R\u00e9jeanne-Lizotte....jpg 576w, https:\/\/galeriebecot.com\/wp-content\/uploads\/2014\/10\/R\u00e9jeanne-Lizotte...-300x271.jpg 300w\" sizes=\"auto, (max-width: 576px) 100vw, 576px\" \/><\/a><\/p>\n<p><em>Photographe: Serge Philippe Tremblay<\/em><\/p>\n<p>Bonjour les amis(es),<\/p>\n<p>Je me permets de vous \u00e9crire ce matin pour vous annoncer une tr\u00e8s<\/p>\n<p>mauvaise nouvelle<\/p>\n<p>Notre amie R\u00e9jeanne Lizotte est d\u00e9c\u00e9d\u00e9e hier matin \u00e0 l&rsquo;h\u00f4pital.<\/p>\n<p>Tr\u00e8s triste!<\/p>\n<p>R\u00e9jeanne \u00e9tait membre de notre groupe (atelier 18) depuis presque 20 ans. Une grande<\/p>\n<p>perte.<\/p>\n<p>Salut R\u00e9jeanne<\/p>\n<p>Pierre Lanoie<\/p>\n<p><a href=\"https:\/\/www.galeriebecot.com\/wp-content\/uploads\/2014\/10\/Sherpa.jpg\"><img loading=\"lazy\" decoding=\"async\" class=\"alignnone  wp-image-2920\" src=\"https:\/\/www.galeriebecot.com\/wp-content\/uploads\/2014\/10\/Sherpa.jpg\" alt=\"Sherpa\" width=\"162\" height=\"185\" \/><\/a><\/p>\n<p><a href=\"https:\/\/www.galeriebecot.com\/wp-content\/uploads\/2014\/10\/R\u00e9jeanne.jpg\"><img loading=\"lazy\" decoding=\"async\" class=\"alignnone size-large wp-image-2921\" src=\"https:\/\/www.galeriebecot.com\/wp-content\/uploads\/2014\/10\/R\u00e9jeanne-1024x314.jpg\" alt=\"R\u00e9jeanne\" width=\"700\" height=\"214\" srcset=\"https:\/\/galeriebecot.com\/wp-content\/uploads\/2014\/10\/R\u00e9jeanne-1024x314.jpg 1024w, https:\/\/galeriebecot.com\/wp-content\/uploads\/2014\/10\/R\u00e9jeanne-300x92.jpg 300w, https:\/\/galeriebecot.com\/wp-content\/uploads\/2014\/10\/R\u00e9jeanne.jpg 1847w\" sizes=\"auto, (max-width: 700px) 100vw, 700px\" \/><\/a><\/p>\n<p><span class=\"Apple-style-span\">L\u2019Espace Galerie Sherpa est fier d\u2019accueillir en ses murs une exposition de l\u2019artiste professionnelle\u00a0<strong>R\u00e9jeanne Lizotte i<\/strong>ntitul\u00e9e\u00a0<em><b>Passe, passe le temps<\/b><\/em>. Ce sera l\u2019occasion de mettre en lumi\u00e8re une s\u00e9lection d\u2019\u0153uvres cr\u00e9\u00e9es au fil du temps, de 1986 \u00e0 2011. Le vernissage en pr\u00e9sence de l\u2019artiste aura lieu le 14 novembre 2014 en formule\u00a05 \u00e0 7. L\u2019exposition se poursuivra jusqu\u2019au 5 d\u00e9cembre 2014<\/span><\/p>\n<p>R\u00e9jeanne Lizotte, nomade, en exil volontaire ici et ailleurs, est pr\u00e9sente dans le paysage artistique de Qu\u00e9bec depuis des ann\u00e9es. Artiste multidisciplinaire, elle a touch\u00e9 \u00e0 de nombreux m\u00e9diums et plateformes artistiques; dessins, peintures, performance et art vid\u00e9o. Des \u0153uvres refl\u00e9tant l\u2019ensemble des facettes de sa production seront pr\u00e9sent\u00e9es.<\/p>\n<p>Cette magnifique exposition permettra au spectateur de s\u2019impr\u00e9gner des \u00e9tats d\u2019\u00e2me, des couleurs, des rythmes, de la solitude et de l\u2019inspiration de l\u2019artiste pendant un quart de si\u00e8cle de production.<\/p>\n<p>L\u2019immeuble Sherpa est la propri\u00e9t\u00e9 de Pech, organisme communautaire \u0153uvrant dans le domaine de la sant\u00e9 mentale. Il regroupe, outre l\u2019Espace Galerie, les bureaux de Pech, un centre de r\u00e9tablissement et 77 logements de mixit\u00e9 sociale.<\/p>\n<table id=\"ecxtemplateContainer\" class=\"ecxMsoNormalTable\" border=\"1\" width=\"600\" cellspacing=\"0\" cellpadding=\"0\">\n<tbody>\n<tr>\n<td valign=\"top\">\n<div align=\"center\">\n<table id=\"ecxtemplateFooter\" class=\"ecxMsoNormalTable\" border=\"0\" width=\"600\" cellspacing=\"0\" cellpadding=\"0\">\n<tbody>\n<tr>\n<td valign=\"top\">\n<table class=\"ecxMsoNormalTable\" border=\"0\" width=\"100%\" cellspacing=\"0\" cellpadding=\"0\">\n<tbody>\n<tr>\n<td valign=\"top\" width=\"370\">\n<p class=\"ecxMsoNormal\"><strong>INFORMATIONS:<\/strong><br \/>\nR\u00e9jeanne Lizotte<br \/>\n<a title=\"R\u00e9diger un courriel \u00e0 rjlizotte@hotmail.com\" href=\"http:\/\/cw4.videotron.ca\/iwc_static\/js\/dojotoolkit\/dojo\/resources\/blank.html\">rjlizotte@hotmail.com<\/a><\/p>\n<p><strong>RELATIONS AUPR\u00c8S DES M\u00c9DIAS<\/strong><b><br \/>\n<strong>CABAL communications<\/strong><\/b><br \/>\n418.524.3191 \/418.929.9391<br \/>\n<a title=\"R\u00e9diger un courriel \u00e0 cabalcom@sympatico.ca\" href=\"http:\/\/cw4.videotron.ca\/iwc_static\/js\/dojotoolkit\/dojo\/resources\/blank.html\">cabalcom@sympatico.ca<\/a><\/td>\n<\/tr>\n<\/tbody>\n<\/table>\n<\/td>\n<\/tr>\n<\/tbody>\n<\/table>\n<\/div>\n<\/td>\n<\/tr>\n<\/tbody>\n<\/table>\n<p>&nbsp;<\/p>\n","protected":false},"excerpt":{"rendered":"<p>Les fun\u00e9railles de R\u00e9jeanne auront lieu samedi le 20 d\u00e9cembre \u00e0 13h30 \u00e0 l&rsquo;\u00e9glise de la Nativit\u00e9 de Beauport (25 Avenue du Couvent,Qu\u00e9bec, QC ,G1E-6R9) Sa famille recevra nos condol\u00e9ances&hellip; <\/p>\n","protected":false},"author":1,"featured_media":0,"comment_status":"open","ping_status":"open","sticky":false,"template":"","format":"standard","meta":{"_exactmetrics_skip_tracking":false,"_exactmetrics_sitenote_active":false,"_exactmetrics_sitenote_note":"","_exactmetrics_sitenote_category":0,"footnotes":""},"categories":[19],"tags":[34,6,66,444,58,68,40],"class_list":["post-2919","post","type-post","status-publish","format-standard","hentry","category-vernissage","tag-andre-becot","tag-club-des-collectionneurs-en-arts-visuels-de-quebec","tag-club-des-collectionneurs-en-arts-visuels-de-quebec-studio-becot","tag-espace-galerie-sherpa","tag-marc-bellemare-collectionneur","tag-rejeanne-lizotte","tag-visuals-arts"],"_links":{"self":[{"href":"https:\/\/galeriebecot.com\/index.php?rest_route=\/wp\/v2\/posts\/2919","targetHints":{"allow":["GET"]}}],"collection":[{"href":"https:\/\/galeriebecot.com\/index.php?rest_route=\/wp\/v2\/posts"}],"about":[{"href":"https:\/\/galeriebecot.com\/index.php?rest_route=\/wp\/v2\/types\/post"}],"author":[{"embeddable":true,"href":"https:\/\/galeriebecot.com\/index.php?rest_route=\/wp\/v2\/users\/1"}],"replies":[{"embeddable":true,"href":"https:\/\/galeriebecot.com\/index.php?rest_route=%2Fwp%2Fv2%2Fcomments&post=2919"}],"version-history":[{"count":27,"href":"https:\/\/galeriebecot.com\/index.php?rest_route=\/wp\/v2\/posts\/2919\/revisions"}],"predecessor-version":[{"id":2999,"href":"https:\/\/galeriebecot.com\/index.php?rest_route=\/wp\/v2\/posts\/2919\/revisions\/2999"}],"wp:attachment":[{"href":"https:\/\/galeriebecot.com\/index.php?rest_route=%2Fwp%2Fv2%2Fmedia&parent=2919"}],"wp:term":[{"taxonomy":"category","embeddable":true,"href":"https:\/\/galeriebecot.com\/index.php?rest_route=%2Fwp%2Fv2%2Fcategories&post=2919"},{"taxonomy":"post_tag","embeddable":true,"href":"https:\/\/galeriebecot.com\/index.php?rest_route=%2Fwp%2Fv2%2Ftags&post=2919"}],"curies":[{"name":"wp","href":"https:\/\/api.w.org\/{rel}","templated":true}]}}