{"id":2911,"date":"2014-10-30T11:30:33","date_gmt":"2014-10-30T15:30:33","guid":{"rendered":"http:\/\/www.clubdescollectionneursenartsvisuelsdequebec.com\/?p=2911"},"modified":"2014-10-31T12:26:39","modified_gmt":"2014-10-31T16:26:39","slug":"prochaine-conference-le-cluv-des-collectionneurs-presente-bill-vincent","status":"publish","type":"post","link":"https:\/\/galeriebecot.com\/?p=2911","title":{"rendered":"Prochaine conf\u00e9rence : Le club des collectionneurs pr\u00e9sente Bill Vincent."},"content":{"rendered":"<p>Maison Hamel Bruneau<\/p>\n<p>Ouverture des portes \u00e0 18h30<\/p>\n<p>Conf\u00e9rence \u00e0 19h30<\/p>\n<p><a title=\"Carte\" href=\"https:\/\/maps.google.ca\/maps?hl=fr-CA&amp;gbv=2&amp;ie=UTF-8&amp;fb=1&amp;gl=ca&amp;cid=5027313502541107612&amp;q=maison+hamel+bruneau&amp;ei=xqlTVKS0NsWsyASp2oHwBg&amp;ved=0CCgQtgMwAw&amp;output=classic&amp;dg=brw\">Au 2608 chemin Saint-Louis ,Qu\u00e9bec,G1W 1V8<\/a><\/p>\n<p><a title=\"Bill Vincent, Expo\" href=\"http:\/\/www.maisonsdupatrimoine.com\/fr\/activites\/conference\/2014-10-26\/visite-de-lexposition-bill-vincent-enracinements.html\"><img loading=\"lazy\" decoding=\"async\" class=\"alignnone size-full wp-image-2915\" src=\"https:\/\/www.galeriebecot.com\/wp-content\/uploads\/2014\/10\/Bill.jpg\" alt=\"Bill\" width=\"620\" height=\"760\" srcset=\"https:\/\/galeriebecot.com\/wp-content\/uploads\/2014\/10\/Bill.jpg 620w, https:\/\/galeriebecot.com\/wp-content\/uploads\/2014\/10\/Bill-244x300.jpg 244w\" sizes=\"auto, (max-width: 620px) 100vw, 620px\" \/><\/a><\/p>\n<p>&nbsp;<\/p>\n<p>&nbsp;<\/p>\n","protected":false},"excerpt":{"rendered":"<p>Maison Hamel Bruneau Ouverture des portes \u00e0 18h30 Conf\u00e9rence \u00e0 19h30 Au 2608 chemin Saint-Louis ,Qu\u00e9bec,G1W 1V8 &nbsp; &nbsp;<\/p>\n","protected":false},"author":1,"featured_media":0,"comment_status":"open","ping_status":"open","sticky":false,"template":"","format":"standard","meta":{"_exactmetrics_skip_tracking":false,"_exactmetrics_sitenote_active":false,"_exactmetrics_sitenote_note":"","_exactmetrics_sitenote_category":0,"footnotes":""},"categories":[17,18,36],"tags":[34,316,6,58,37,40],"class_list":["post-2911","post","type-post","status-publish","format-standard","hentry","category-conference","category-evenement","category-prixreconnaissance","tag-andre-becot","tag-bill-vincent","tag-club-des-collectionneurs-en-arts-visuels-de-quebec","tag-marc-bellemare-collectionneur","tag-studio-becot","tag-visuals-arts"],"_links":{"self":[{"href":"https:\/\/galeriebecot.com\/index.php?rest_route=\/wp\/v2\/posts\/2911","targetHints":{"allow":["GET"]}}],"collection":[{"href":"https:\/\/galeriebecot.com\/index.php?rest_route=\/wp\/v2\/posts"}],"about":[{"href":"https:\/\/galeriebecot.com\/index.php?rest_route=\/wp\/v2\/types\/post"}],"author":[{"embeddable":true,"href":"https:\/\/galeriebecot.com\/index.php?rest_route=\/wp\/v2\/users\/1"}],"replies":[{"embeddable":true,"href":"https:\/\/galeriebecot.com\/index.php?rest_route=%2Fwp%2Fv2%2Fcomments&post=2911"}],"version-history":[{"count":6,"href":"https:\/\/galeriebecot.com\/index.php?rest_route=\/wp\/v2\/posts\/2911\/revisions"}],"predecessor-version":[{"id":2918,"href":"https:\/\/galeriebecot.com\/index.php?rest_route=\/wp\/v2\/posts\/2911\/revisions\/2918"}],"wp:attachment":[{"href":"https:\/\/galeriebecot.com\/index.php?rest_route=%2Fwp%2Fv2%2Fmedia&parent=2911"}],"wp:term":[{"taxonomy":"category","embeddable":true,"href":"https:\/\/galeriebecot.com\/index.php?rest_route=%2Fwp%2Fv2%2Fcategories&post=2911"},{"taxonomy":"post_tag","embeddable":true,"href":"https:\/\/galeriebecot.com\/index.php?rest_route=%2Fwp%2Fv2%2Ftags&post=2911"}],"curies":[{"name":"wp","href":"https:\/\/api.w.org\/{rel}","templated":true}]}}