{"id":2808,"date":"2014-10-20T12:30:13","date_gmt":"2014-10-20T16:30:13","guid":{"rendered":"http:\/\/www.clubdescollectionneursenartsvisuelsdequebec.com\/?p=2808"},"modified":"2014-10-22T23:25:38","modified_gmt":"2014-10-23T03:25:38","slug":"oeuvres","status":"publish","type":"post","link":"https:\/\/galeriebecot.com\/?p=2808","title":{"rendered":"Oeuvre d&rsquo;art public\/nouvel amphith\u00e9\u00e2tre de Qu\u00e9bec"},"content":{"rendered":"<p><a title=\"Jonathan Villeneuve\" href=\"http:\/\/tvanouvelles.ca\/lcn\/infos\/regional\/quebec\/archives\/2014\/10\/20141021-171321.html\"><strong>C&rsquo;est un jeune artiste de Montr\u00e9al<\/strong>,\u00a0<strong>Jonathan Villeneuve<\/strong>, qui a \u00e9t\u00e9 choisi pour r\u00e9aliser l&rsquo;<strong>oeuvre d&rsquo;art public\u00a0<\/strong>qui prendra place \u00e0 l&rsquo;int\u00e9rieur du\u00a0<strong>nouvel amphith\u00e9\u00e2tre de Qu\u00e9bec<\/strong>.<\/a><\/p>\n<p><a title=\"Jonathan Villeneuve\" href=\"http:\/\/tvanouvelles.ca\/lcn\/infos\/regional\/quebec\/archives\/2014\/10\/20141021-171321.html\">Son projet: installer une<strong>\u00a0vaste murale num\u00e9rique<\/strong>, intitul\u00e9e \u00abLe Grand bleu du Nord\u00bb et constitu\u00e9e de plus de\u00a0<strong>5000 \u00e9crans\u00a0<\/strong>ou capsules lumineuses. L&rsquo;oeuvre sera install\u00e9e dans le\u00a0<strong>grand hall d&rsquo;entr\u00e9e<\/strong>, pr\u00e8s des escaliers roulants&#8230;&#8230;<\/a><\/p>\n<p><a title=\"Jonathan Villeneuve\" href=\"http:\/\/tvanouvelles.ca\/lcn\/infos\/regional\/quebec\/archives\/2014\/10\/20141021-171321.html\"><img loading=\"lazy\" decoding=\"async\" class=\"alignnone size-full wp-image-2812\" src=\"https:\/\/www.galeriebecot.com\/wp-content\/uploads\/2014\/10\/Villeneuve-Jonathan.jpg\" alt=\"Villeneuve Jonathan\" width=\"445\" height=\"250\" srcset=\"https:\/\/galeriebecot.com\/wp-content\/uploads\/2014\/10\/Villeneuve-Jonathan.jpg 445w, https:\/\/galeriebecot.com\/wp-content\/uploads\/2014\/10\/Villeneuve-Jonathan-300x168.jpg 300w\" sizes=\"auto, (max-width: 445px) 100vw, 445px\" \/><\/a><\/p>\n<p><span class=\"Apple-style-span\">Jonathan Villeneuve et la maquette de sa murale (TVA Nouvelles)<\/span><\/p>\n<p><strong><span class=\"Apple-style-span\">\u00abOn va se d\u00e9marquer avec \u00e7a. C&rsquo;est tr\u00e8s harmonieux avec ce qu&rsquo;est l&rsquo;amphith\u00e9\u00e2tre et sa th\u00e9matique bas\u00e9e sur l&rsquo;hiver. On est tr\u00e8s chanceux d&rsquo;avoir eu cette proposition-l\u00e0\u00bb, a dit M. Labeaume. Il se r\u00e9jouit d&rsquo;autant plus que la murale qui int\u00e8gre art et technologie est en phase avec la \u00abtechnoculture\u00bb que son administration veut privil\u00e9gier.<\/span><\/strong><\/p>\n<p>QU\u00c9BEC, le 21 oct.\u00a02014 \/CNW Telbec\/ &#8211; La Ville de Qu\u00e9bec et le gouvernement du Qu\u00e9bec ont d\u00e9voil\u00e9 aujourd&rsquo;hui le laur\u00e9at et la maquette de l&rsquo;\u0153uvre d&rsquo;art public num\u00e9rique qui sera install\u00e9e \u00e0 l&rsquo;int\u00e9rieur de l&rsquo;amphith\u00e9\u00e2tre multifonctionnel de Qu\u00e9bec. Le d\u00e9voilement s&rsquo;est d\u00e9roul\u00e9 en pr\u00e9sence de M. R\u00e9gis Labeaume, maire de Qu\u00e9bec, de\u00a0<span class=\"xn-person\">M. Sam Hamad<\/span>, ministre du Travail et ministre responsable de la r\u00e9gion de la Capitale-Nationale, de M<sup>me<\/sup>\u00a0Julie Lemieux, vice-pr\u00e9sidente du comit\u00e9 ex\u00e9cutif responsable de la culture, du patrimoine et de l&rsquo;am\u00e9nagement du territoire, ainsi que de\u00a0<span class=\"xn-person\">M. Jonathan Villeneuve<\/span>, artiste en art actuel et laur\u00e9at du concours national d&rsquo;art public.<\/p>\n<p>\u00ab\u00a0L&rsquo;\u0153uvre d&rsquo;art num\u00e9rique qui sera construite est \u00e0 la fois magistrale et audacieuse, tant par sa dimension que par son originalit\u00e9. Elle va cr\u00e9er un impact visuel hors du commun d\u00e8s l&rsquo;arriv\u00e9e des visiteurs. Je suis ravi que nous ayons l&rsquo;occasion d&rsquo;int\u00e9grer une \u0153uvre d&rsquo;art public aussi impressionnante \u00e0 l&rsquo;amphith\u00e9\u00e2tre, a d\u00e9clar\u00e9 le maire de Qu\u00e9bec, M.\u00a0R\u00e9gis\u00a0Labeaume. Elle cr\u00e9era une forte impression d\u00e8s l&rsquo;arriv\u00e9e des milliers de citoyens et de visiteurs qui profiteront de l&rsquo;infrastructure. \u00bb<\/p>\n<p>\u00ab\u00a0Je f\u00e9licite le laur\u00e9at et artiste qu\u00e9b\u00e9cois,\u00a0<span class=\"xn-person\">M. Jonathan Villeneuve<\/span>, pour la cr\u00e9ation de cette \u0153uvre lumineuse et innovatrice. M. Villeneuve, je salue votre ing\u00e9niosit\u00e9 et l&rsquo;hommage que vous rendez \u00e0 l&rsquo;hiver qu\u00e9b\u00e9cois. Je suis persuad\u00e9 que cette reconnaissance, comme le talent des gens d&rsquo;ici, d\u00e9passera les fronti\u00e8res et contribuera \u00e0 accro\u00eetre notre rayonnement \u00e0 l&rsquo;international \u00bb, a mentionn\u00e9 le ministre du Travail et ministre responsable de la r\u00e9gion de la Capitale-Nationale, M.\u00a0Sam\u00a0Hamad.<\/p>\n<p>\u00ab\u00a0Le Qu\u00e9bec peut se targuer d&rsquo;afficher la signature originale de nombreux artistes de talent gr\u00e2ce aux 3\u00a0300 r\u00e9alisations int\u00e9gr\u00e9es \u00e0 l&rsquo;architecture et \u00e0 l&rsquo;environnement. Cette fois, c&rsquo;est une cr\u00e9ation de M.\u00a0Jonathan Villeneuve, sur le th\u00e8me de l&rsquo;hiver, qui fera corps avec l&rsquo;int\u00e9rieur du nouvel amphith\u00e9\u00e2tre. Je suis heureuse que cette \u0153uvre num\u00e9rique rende bien l&rsquo;esprit de l&rsquo;art public dans ce b\u00e2timent qui se veut moderne et innovant\u00a0\u00bb, affirme la ministre de la Culture et des Communications et ministre responsable de la Protection et de la Promotion de la langue fran\u00e7aise, M<sup>me<\/sup>\u00a0H\u00e9l\u00e8ne David.<\/p>\n<p><b>Une \u0153uvre d&rsquo;art num\u00e9rique unique<br \/>\n<\/b>Intitul\u00e9e\u00a0<i>\u00ab\u00a0<\/i>Le grand bleu du Nord<i>\u00a0\u00bb<\/i>, l&rsquo;\u0153uvre d&rsquo;art num\u00e9rique bleu translucide s&rsquo;harmonisera au concept architectural de l&rsquo;amphith\u00e9\u00e2tre en prenant \u00e9galement l&rsquo;hiver qu\u00e9b\u00e9cois pour th\u00e8me principal. L&rsquo;\u0153uvre occupera 80 % du mur situ\u00e9 dans le hall d&rsquo;entr\u00e9e \u00e0 aire ouverte, qui se trouve derri\u00e8re les escaliers pour acc\u00e9der aux \u00e9tages sup\u00e9rieurs. D&rsquo;une dimension de pr\u00e8s de 372 m<sup>2<\/sup>, la matrice interactive est compos\u00e9e de 5\u00a0120 capsules lumineuses qui s&rsquo;animeront en fonction de l&rsquo;achalandage dans le hall de l&rsquo;amphith\u00e9\u00e2tre. Ainsi, d\u00e8s leur entr\u00e9e, les visiteurs seront plong\u00e9s dans un espace immersif unique dont le paysage bleu luminescent rappelle l&rsquo;action du vent et de la neige.<\/p>\n<p>Le budget total allou\u00e9 \u00e0 la conception finale, \u00e0 la r\u00e9alisation et \u00e0 l&rsquo;installation de l&rsquo;\u0153uvre sera de 398\u00a0500\u00a0$, taxes incluses. Cette \u0153uvre est r\u00e9alis\u00e9e dans le cadre de la\u00a0<i>Politique d&rsquo;int\u00e9gration des arts \u00e0 l&rsquo;architecture et \u00e0 l&rsquo;environnement\u00a0<\/i><a href=\"http:\/\/www.mcc.gouv.qc.ca\/index.php?id=3355&amp;tx_lesecrits_pi1%5Becrit%5D=492&amp;cHash=10293d4065a3350c655fdcadcd6ff604\" target=\"_blank\" rel=\"nofollow\"><i>des b\u00e2timents et des sites gouvernementaux et publics<\/i><\/a>\u00a0du gouvernement du Qu\u00e9bec. Rappelons que l&rsquo;amphith\u00e9\u00e2tre multifonctionnel de Qu\u00e9bec sera inaugur\u00e9 \u00e0 l&rsquo;automne\u00a02015.<\/p>\n<p>&nbsp;<\/p>\n","protected":false},"excerpt":{"rendered":"<p>C&rsquo;est un jeune artiste de Montr\u00e9al,\u00a0Jonathan Villeneuve, qui a \u00e9t\u00e9 choisi pour r\u00e9aliser l&rsquo;oeuvre d&rsquo;art public\u00a0qui prendra place \u00e0 l&rsquo;int\u00e9rieur du\u00a0nouvel amphith\u00e9\u00e2tre de Qu\u00e9bec. Son projet: installer une\u00a0vaste murale num\u00e9rique,&hellip; <\/p>\n","protected":false},"author":1,"featured_media":0,"comment_status":"open","ping_status":"open","sticky":false,"template":"","format":"standard","meta":{"_exactmetrics_skip_tracking":false,"_exactmetrics_sitenote_active":false,"_exactmetrics_sitenote_note":"","_exactmetrics_sitenote_category":0,"footnotes":""},"categories":[20],"tags":[437,34,43,28,67,435,440,58,438,439,37,436,40],"class_list":["post-2808","post","type-post","status-publish","format-standard","hentry","category-article-descriptif","tag-amphitheatre-de-quebec","tag-andre-becot","tag-arts-visuels","tag-bellemare","tag-club-des-collectionneurs-en-arts-visuels-de-quebec-marc-bellemare","tag-jonathan-villeneuve","tag-julie-lemieux","tag-marc-bellemare-collectionneur","tag-regis-labeaume","tag-sam-hamad","tag-studio-becot","tag-tva","tag-visuals-arts"],"_links":{"self":[{"href":"https:\/\/galeriebecot.com\/index.php?rest_route=\/wp\/v2\/posts\/2808","targetHints":{"allow":["GET"]}}],"collection":[{"href":"https:\/\/galeriebecot.com\/index.php?rest_route=\/wp\/v2\/posts"}],"about":[{"href":"https:\/\/galeriebecot.com\/index.php?rest_route=\/wp\/v2\/types\/post"}],"author":[{"embeddable":true,"href":"https:\/\/galeriebecot.com\/index.php?rest_route=\/wp\/v2\/users\/1"}],"replies":[{"embeddable":true,"href":"https:\/\/galeriebecot.com\/index.php?rest_route=%2Fwp%2Fv2%2Fcomments&post=2808"}],"version-history":[{"count":14,"href":"https:\/\/galeriebecot.com\/index.php?rest_route=\/wp\/v2\/posts\/2808\/revisions"}],"predecessor-version":[{"id":2823,"href":"https:\/\/galeriebecot.com\/index.php?rest_route=\/wp\/v2\/posts\/2808\/revisions\/2823"}],"wp:attachment":[{"href":"https:\/\/galeriebecot.com\/index.php?rest_route=%2Fwp%2Fv2%2Fmedia&parent=2808"}],"wp:term":[{"taxonomy":"category","embeddable":true,"href":"https:\/\/galeriebecot.com\/index.php?rest_route=%2Fwp%2Fv2%2Fcategories&post=2808"},{"taxonomy":"post_tag","embeddable":true,"href":"https:\/\/galeriebecot.com\/index.php?rest_route=%2Fwp%2Fv2%2Ftags&post=2808"}],"curies":[{"name":"wp","href":"https:\/\/api.w.org\/{rel}","templated":true}]}}