{"id":2799,"date":"2016-04-10T11:53:52","date_gmt":"2016-04-10T15:53:52","guid":{"rendered":"http:\/\/www.clubdescollectionneursenartsvisuelsdequebec.com\/?p=2799"},"modified":"2016-04-18T11:38:18","modified_gmt":"2016-04-18T15:38:18","slug":"battat-contemporary-2","status":"publish","type":"post","link":"https:\/\/galeriebecot.com\/?p=2799","title":{"rendered":"Battat Contemporary"},"content":{"rendered":"<p><a href=\"https:\/\/www.galeriebecot.com\/wp-content\/uploads\/2015\/02\/Battat-papier-1.jpg\" rel=\"attachment wp-att-4776\"><img loading=\"lazy\" decoding=\"async\" class=\"alignnone size-large wp-image-4776\" src=\"https:\/\/www.galeriebecot.com\/wp-content\/uploads\/2015\/02\/Battat-papier-1-862x1024.jpg\" alt=\"Sans titre\" width=\"700\" height=\"832\" srcset=\"https:\/\/galeriebecot.com\/wp-content\/uploads\/2015\/02\/Battat-papier-1-862x1024.jpg 862w, https:\/\/galeriebecot.com\/wp-content\/uploads\/2015\/02\/Battat-papier-1-253x300.jpg 253w, https:\/\/galeriebecot.com\/wp-content\/uploads\/2015\/02\/Battat-papier-1-768x912.jpg 768w, https:\/\/galeriebecot.com\/wp-content\/uploads\/2015\/02\/Battat-papier-1.jpg 1200w\" sizes=\"auto, (max-width: 700px) 100vw, 700px\" \/><\/a><a href=\"https:\/\/www.galeriebecot.com\/wp-content\/uploads\/2015\/02\/Battat-papier-2.jpg\" rel=\"attachment wp-att-4777\"><img loading=\"lazy\" decoding=\"async\" class=\"alignnone size-large wp-image-4777\" src=\"https:\/\/www.galeriebecot.com\/wp-content\/uploads\/2015\/02\/Battat-papier-2-862x1024.jpg\" alt=\"Sans titre\" width=\"700\" height=\"832\" srcset=\"https:\/\/galeriebecot.com\/wp-content\/uploads\/2015\/02\/Battat-papier-2-862x1024.jpg 862w, https:\/\/galeriebecot.com\/wp-content\/uploads\/2015\/02\/Battat-papier-2-253x300.jpg 253w, https:\/\/galeriebecot.com\/wp-content\/uploads\/2015\/02\/Battat-papier-2-768x912.jpg 768w, https:\/\/galeriebecot.com\/wp-content\/uploads\/2015\/02\/Battat-papier-2.jpg 1200w\" sizes=\"auto, (max-width: 700px) 100vw, 700px\" \/><\/a><\/p>\n<p><a href=\"https:\/\/www.galeriebecot.com\/wp-content\/uploads\/2015\/02\/Battat-papier-3.jpg\" rel=\"attachment wp-att-4778\"><img loading=\"lazy\" decoding=\"async\" class=\"alignnone size-large wp-image-4778\" src=\"https:\/\/www.galeriebecot.com\/wp-content\/uploads\/2015\/02\/Battat-papier-3-1024x1024.jpg\" alt=\"Sans titre\" width=\"700\" height=\"700\" srcset=\"https:\/\/galeriebecot.com\/wp-content\/uploads\/2015\/02\/Battat-papier-3-1024x1024.jpg 1024w, https:\/\/galeriebecot.com\/wp-content\/uploads\/2015\/02\/Battat-papier-3-150x150.jpg 150w, https:\/\/galeriebecot.com\/wp-content\/uploads\/2015\/02\/Battat-papier-3-300x300.jpg 300w, https:\/\/galeriebecot.com\/wp-content\/uploads\/2015\/02\/Battat-papier-3-768x767.jpg 768w, https:\/\/galeriebecot.com\/wp-content\/uploads\/2015\/02\/Battat-papier-3-330x330.jpg 330w, https:\/\/galeriebecot.com\/wp-content\/uploads\/2015\/02\/Battat-papier-3.jpg 1200w\" sizes=\"auto, (max-width: 700px) 100vw, 700px\" \/><\/a><\/p>\n<p><a title=\"Battat\" href=\"http:\/\/www.battatcontemporary.com\/\"><img loading=\"lazy\" decoding=\"async\" class=\"alignnone wp-image-3274\" src=\"https:\/\/www.galeriebecot.com\/wp-content\/uploads\/2014\/10\/Battat1.jpg\" alt=\"Battat\" width=\"503\" height=\"779\" \/><\/a><\/p>\n<h1><a href=\"http:\/\/www.battatcontemporary.com\/fr\/expositions\/jen-aitken-marie-michelle-deschamps-jean-francois-lauda.html\">Mesure d\u2019une attitude sous forme adverbiale [Jen Aitken \/ Marie-Michelle Deschamps \/ Jean-Fran\u00e7ois Lauda]<\/a><\/h1>\n<h2>19 f\u00e9vrier au 4 avril 2015<\/h2>\n<p><span class=\"Apple-style-span\">\u00a0<\/span><\/p>\n<h2>Vernissage : 19 f\u00e9vrier \u00e0 18 h<\/h2>\n<p>&nbsp;<\/p>\n<p><a href=\"https:\/\/www.galeriebecot.com\/wp-content\/uploads\/2014\/10\/Battat.jpg\"><img loading=\"lazy\" decoding=\"async\" class=\"alignnone size-large wp-image-2800\" src=\"https:\/\/www.galeriebecot.com\/wp-content\/uploads\/2014\/10\/Battat-512x1024.jpg\" alt=\"Battat\" width=\"512\" height=\"1024\" srcset=\"https:\/\/galeriebecot.com\/wp-content\/uploads\/2014\/10\/Battat-512x1024.jpg 512w, https:\/\/galeriebecot.com\/wp-content\/uploads\/2014\/10\/Battat-150x300.jpg 150w, https:\/\/galeriebecot.com\/wp-content\/uploads\/2014\/10\/Battat.jpg 640w\" sizes=\"auto, (max-width: 512px) 100vw, 512px\" \/><\/a><\/p>\n<p>&nbsp;<\/p>\n<table border=\"0\" width=\"600\" cellspacing=\"0\" cellpadding=\"0\">\n<tbody>\n<tr>\n<td colspan=\"1\" rowspan=\"1\" align=\"left\" width=\"100%\">\n<table id=\"content_LETTER.BLOCK4\" border=\"0\" width=\"100%\" cellspacing=\"0\" cellpadding=\"5\">\n<tbody>\n<tr>\n<td colspan=\"1\" rowspan=\"1\">\n<div align=\"justify\">\n<div>\n<div>\n<div>\n<div>\n<div>Du 23 au 26 octobre prochain, Battat Contemporary est fi\u00e8re de participer \u00e0 la premi\u00e8re \u00e9dition de la foire d&rsquo;art contemporain Feature qui se tiendra au Joey &amp; Toby Tenebaum Opera Centre de Toronto. Rendez-vous au kiosque 101 avec des oeuvres de\u00a0<strong>Jen Aitken, J<\/strong><strong>ean-Fran\u00e7ois Lauda<\/strong>\u00a0et\u00a0<strong>Beth Stuart.<\/strong><\/div>\n<\/div>\n<div><strong>\u00a0<\/strong><\/div>\n<div>\n<div>From October 23 to 26, Battat Contemporary is proud to be part of the first edition of Feature Contemporary Art Fair at the Joey &amp; Toby Tenebaum Opera Centre, Toronto. Come and meet us at kiosk 101 to see work from\u00a0<strong>Jen Aitken<\/strong>,\u00a0<strong>Jean-Fran\u00e7ois Lauda<\/strong>\u00a0&amp;\u00a0<strong>Beth Stuart.<\/strong><\/div>\n<div><strong>\u00a0<\/strong><\/div>\n<div><strong><a href=\"http:\/\/r20.rs6.net\/tn.jsp?f=001S91EMCV1tAMyi4S-qRdjoU6rKSP52LfFw7LlL-cbMs2jy9M4RnqBDt9zP8P_T2eBDYinWOvcc_kETpfzTN85c03lgA7dGJUzV2E43eDXmE8e4uKoDK9-vElxrc7jLMVEFgPUnUOGq617EJZXmyk3NwZ-ZnvUgCVhLL9B516HQhH-BwWXLSyirnoK4vg8aRlil-iSxZDgk3we7G6KXkQinVhzir4vwgaL2qDHeOWIpUjS9e0awpDQlxzpx7iXNGcDmv3sxbfIHgIe4O13Sg_aDO9cQYb0_DnPG4-9tNVnNCyd8TZwp7H2C5d1I3_zBK8CwUFUuyl0AfxdQnURvE_y695e4HB2oniLKZO_g6FOwYim8btPnoWMljIjLzgPzsSZO9lsCyuy8042PLwv4-IESA==&amp;c=iDUK97mJ44V80tYwyE1mc-X_e9FqNs_oaSsCLYq98X4CGwrBiIJuOg==&amp;ch=iwPqI5ciG8T8uvdbf0s5EesO1DSbHIlCsH3x0FxzYSIDgnC7ZeceiQ==\" target=\"_blank\" shape=\"rect\">Billets VIP \/ VIP Tickets<\/a><\/strong><\/div>\n<\/div>\n<\/div>\n<\/div>\n<\/div>\n<\/div>\n<\/td>\n<\/tr>\n<\/tbody>\n<\/table>\n<\/td>\n<\/tr>\n<\/tbody>\n<\/table>\n<p>&nbsp;<\/p>\n","protected":false},"excerpt":{"rendered":"<p>Mesure d\u2019une attitude sous forme adverbiale [Jen Aitken \/ Marie-Michelle Deschamps \/ Jean-Fran\u00e7ois Lauda] 19 f\u00e9vrier au 4 avril 2015 \u00a0 Vernissage : 19 f\u00e9vrier \u00e0 18 h &nbsp; &nbsp;&hellip; <\/p>\n","protected":false},"author":1,"featured_media":0,"comment_status":"open","ping_status":"open","sticky":false,"template":"","format":"standard","meta":{"_exactmetrics_skip_tracking":false,"_exactmetrics_sitenote_active":false,"_exactmetrics_sitenote_note":"","_exactmetrics_sitenote_category":0,"footnotes":""},"categories":[18,19],"tags":[34,43,514,931,433,940,6,67,66,935,432,431,936,932,934,938,939,933,937,37,40],"class_list":["post-2799","post","type-post","status-publish","format-standard","hentry","category-evenement","category-vernissage","tag-andre-becot","tag-arts-visuels","tag-battat","tag-battat-contemporary","tag-beth-stuart","tag-booth-e02","tag-club-des-collectionneurs-en-arts-visuels-de-quebec","tag-club-des-collectionneurs-en-arts-visuels-de-quebec-marc-bellemare","tag-club-des-collectionneurs-en-arts-visuels-de-quebec-studio-becot","tag-grier-edmundson","tag-jean-francois-lauda","tag-jen-aitken","tag-julie-favreau","tag-kiosque-e02","tag-marie-michelle-deschamps","tag-marion-wagschal","tag-papier16","tag-patrick-bernatchez","tag-sophie-jodoin","tag-studio-becot","tag-visuals-arts"],"_links":{"self":[{"href":"https:\/\/galeriebecot.com\/index.php?rest_route=\/wp\/v2\/posts\/2799","targetHints":{"allow":["GET"]}}],"collection":[{"href":"https:\/\/galeriebecot.com\/index.php?rest_route=\/wp\/v2\/posts"}],"about":[{"href":"https:\/\/galeriebecot.com\/index.php?rest_route=\/wp\/v2\/types\/post"}],"author":[{"embeddable":true,"href":"https:\/\/galeriebecot.com\/index.php?rest_route=\/wp\/v2\/users\/1"}],"replies":[{"embeddable":true,"href":"https:\/\/galeriebecot.com\/index.php?rest_route=%2Fwp%2Fv2%2Fcomments&post=2799"}],"version-history":[{"count":5,"href":"https:\/\/galeriebecot.com\/index.php?rest_route=\/wp\/v2\/posts\/2799\/revisions"}],"predecessor-version":[{"id":4779,"href":"https:\/\/galeriebecot.com\/index.php?rest_route=\/wp\/v2\/posts\/2799\/revisions\/4779"}],"wp:attachment":[{"href":"https:\/\/galeriebecot.com\/index.php?rest_route=%2Fwp%2Fv2%2Fmedia&parent=2799"}],"wp:term":[{"taxonomy":"category","embeddable":true,"href":"https:\/\/galeriebecot.com\/index.php?rest_route=%2Fwp%2Fv2%2Fcategories&post=2799"},{"taxonomy":"post_tag","embeddable":true,"href":"https:\/\/galeriebecot.com\/index.php?rest_route=%2Fwp%2Fv2%2Ftags&post=2799"}],"curies":[{"name":"wp","href":"https:\/\/api.w.org\/{rel}","templated":true}]}}