{"id":2714,"date":"2014-10-15T10:03:58","date_gmt":"2014-10-15T14:03:58","guid":{"rendered":"http:\/\/www.clubdescollectionneursenartsvisuelsdequebec.com\/?p=2714"},"modified":"2014-10-15T10:10:54","modified_gmt":"2014-10-15T14:10:54","slug":"vous-pensez-quil-est-impossible-de-collectionner-des-oeuvres-dart","status":"publish","type":"post","link":"https:\/\/galeriebecot.com\/?p=2714","title":{"rendered":"Vous pensez qu&rsquo;il est impossible de collectionner des oeuvres d&rsquo;art?"},"content":{"rendered":"<div class=\"excerpt\">\n<p class=\"amorce\"><a href=\"https:\/\/www.galeriebecot.com\/wp-content\/uploads\/2014\/10\/Eric.jpg\"><img loading=\"lazy\" decoding=\"async\" class=\"alignnone size-full wp-image-2710\" src=\"https:\/\/www.galeriebecot.com\/wp-content\/uploads\/2014\/10\/Eric.jpg\" alt=\"Eric\" width=\"104\" height=\"69\" \/><\/a>\u00a0Eric Cl\u00e9ment\/ La Presse<\/p>\n<p class=\"amorce\"><a title=\"Fran\u00e7ois Rochon\" href=\"http:\/\/www.lapresse.ca\/arts\/arts-visuels\/201105\/28\/01-4403801-devenir-collectionneur-dart.php\">Vous pensez qu&rsquo;il est impossible de collectionner des oeuvres d&rsquo;art? Trop cher? R\u00e9serv\u00e9 \u00e0 une \u00e9lite? Pas du tout. Plus que jamais, l&rsquo;art est accessible. \u00c7a ne prend qu&rsquo;une chose: de la passion.<\/a><\/p>\n<\/div>\n<div class=\"entry chapitre chapitreTexte\">\n<p><a title=\"Fran\u00e7ois Rochon\" href=\"http:\/\/www.lapresse.ca\/arts\/arts-visuels\/201105\/28\/01-4403801-devenir-collectionneur-dart.php\">Avant toute chose, il faut d\u00e9velopper un amour pourl&rsquo;art si on veut collectionner. Certains l&rsquo;ont depuis leur jeunesse. Ils ont baign\u00e9 dedans, comme Jean-Fran\u00e7ois B\u00e9lisle, fils du collectionneur Jean-Denis B\u00e9lisle, devenu directeur g\u00e9n\u00e9ral du lieu d&rsquo;exposition L&rsquo;Arsenal. D&rsquo;autres acqui\u00e8rent cet amour plus tard.<\/a><\/p>\n<p><a title=\"Fran\u00e7ois Rochon\" href=\"http:\/\/www.lapresse.ca\/arts\/arts-visuels\/201105\/28\/01-4403801-devenir-collectionneur-dart.php\">\u00abCollectionner, c&rsquo;est d&rsquo;abord savoir visiter en prenant son temps dans les mus\u00e9es et dans les galeries, mais le plus important est de savoir regarder\u00bb, lance V\u00e9ronique Lefebvre, guide-\u00e9ducatrice au Mus\u00e9e d&rsquo;art contemporain de Montr\u00e9al.<\/a><\/p>\n<p><a title=\"Fran\u00e7ois Rochon\" href=\"http:\/\/www.lapresse.ca\/arts\/arts-visuels\/201105\/28\/01-4403801-devenir-collectionneur-dart.php\">\u00abDans l&rsquo;art, il faut suivre sa passion\u00bb, rench\u00e9rit l&rsquo;homme d&rsquo;affaires Stephen Bronfman. Ma famille se passionne pour les arts depuis 40 ans.\u00bb<\/a><\/p>\n<p><a title=\"Fran\u00e7ois Rochon,Collectionneur\" href=\"http:\/\/www.lapresse.ca\/arts\/arts-visuels\/201105\/28\/01-4403801-devenir-collectionneur-dart.php\"><img loading=\"lazy\" decoding=\"async\" class=\"alignnone size-full wp-image-2711\" src=\"https:\/\/www.galeriebecot.com\/wp-content\/uploads\/2014\/10\/Collection.jpg\" alt=\"Collection\" width=\"640\" height=\"427\" srcset=\"https:\/\/galeriebecot.com\/wp-content\/uploads\/2014\/10\/Collection.jpg 640w, https:\/\/galeriebecot.com\/wp-content\/uploads\/2014\/10\/Collection-300x200.jpg 300w\" sizes=\"auto, (max-width: 640px) 100vw, 640px\" \/><\/a><\/p>\n<p id=\"articleMainImageDesc\" class=\"desc\"><a title=\"Fran\u00e7ois Rochon\" href=\"http:\/\/www.lapresse.ca\/arts\/arts-visuels\/201105\/28\/01-4403801-devenir-collectionneur-dart.php\">Fran\u00e7ois Rochon, pr\u00e9sident de Giverny Capital, devant son Monologue (2000), une oeuvre de Marc S\u00e9guin.<\/a><\/p>\n<p id=\"articleMainImageAuteur\" class=\"auteur\"><a title=\"Fran\u00e7ois Rochon\" href=\"http:\/\/www.lapresse.ca\/arts\/arts-visuels\/201105\/28\/01-4403801-devenir-collectionneur-dart.php\">PHOTO: MARCO CAMPANOZZI, LA PRESSE<\/a><\/p>\n<p>&nbsp;<\/p>\n<div><\/div>\n<\/div>\n<p>&nbsp;<\/p>\n","protected":false},"excerpt":{"rendered":"<p>\u00a0Eric Cl\u00e9ment\/ La Presse Vous pensez qu&rsquo;il est impossible de collectionner des oeuvres d&rsquo;art? Trop cher? R\u00e9serv\u00e9 \u00e0 une \u00e9lite? Pas du tout. Plus que jamais, l&rsquo;art est accessible. \u00c7a&hellip; <\/p>\n","protected":false},"author":1,"featured_media":0,"comment_status":"open","ping_status":"open","sticky":false,"template":"","format":"standard","meta":{"_exactmetrics_skip_tracking":false,"_exactmetrics_sitenote_active":false,"_exactmetrics_sitenote_note":"","_exactmetrics_sitenote_category":0,"footnotes":""},"categories":[20,29],"tags":[34,66,421,35,422,423,58,40],"class_list":["post-2714","post","type-post","status-publish","format-standard","hentry","category-article-descriptif","category-journaux","tag-andre-becot","tag-club-des-collectionneurs-en-arts-visuels-de-quebec-studio-becot","tag-eric-clement","tag-foire-en-arts-actuel","tag-francois-rochon","tag-ginervy-capital","tag-marc-bellemare-collectionneur","tag-visuals-arts"],"_links":{"self":[{"href":"https:\/\/galeriebecot.com\/index.php?rest_route=\/wp\/v2\/posts\/2714","targetHints":{"allow":["GET"]}}],"collection":[{"href":"https:\/\/galeriebecot.com\/index.php?rest_route=\/wp\/v2\/posts"}],"about":[{"href":"https:\/\/galeriebecot.com\/index.php?rest_route=\/wp\/v2\/types\/post"}],"author":[{"embeddable":true,"href":"https:\/\/galeriebecot.com\/index.php?rest_route=\/wp\/v2\/users\/1"}],"replies":[{"embeddable":true,"href":"https:\/\/galeriebecot.com\/index.php?rest_route=%2Fwp%2Fv2%2Fcomments&post=2714"}],"version-history":[{"count":5,"href":"https:\/\/galeriebecot.com\/index.php?rest_route=\/wp\/v2\/posts\/2714\/revisions"}],"predecessor-version":[{"id":2723,"href":"https:\/\/galeriebecot.com\/index.php?rest_route=\/wp\/v2\/posts\/2714\/revisions\/2723"}],"wp:attachment":[{"href":"https:\/\/galeriebecot.com\/index.php?rest_route=%2Fwp%2Fv2%2Fmedia&parent=2714"}],"wp:term":[{"taxonomy":"category","embeddable":true,"href":"https:\/\/galeriebecot.com\/index.php?rest_route=%2Fwp%2Fv2%2Fcategories&post=2714"},{"taxonomy":"post_tag","embeddable":true,"href":"https:\/\/galeriebecot.com\/index.php?rest_route=%2Fwp%2Fv2%2Ftags&post=2714"}],"curies":[{"name":"wp","href":"https:\/\/api.w.org\/{rel}","templated":true}]}}