{"id":2703,"date":"2015-05-29T13:44:33","date_gmt":"2015-05-29T17:44:33","guid":{"rendered":"http:\/\/www.clubdescollectionneursenartsvisuelsdequebec.com\/?p=2703"},"modified":"2015-06-02T11:23:23","modified_gmt":"2015-06-02T15:23:23","slug":"canadian-bacon-stripes-back","status":"publish","type":"post","link":"https:\/\/galeriebecot.com\/?p=2703","title":{"rendered":"Canadian Bacon Stripes Back !!!"},"content":{"rendered":"<p><iframe loading=\"lazy\" src=\"https:\/\/player.vimeo.com\/video\/129473665\" width=\"499\" height=\"281\" frameborder=\"0\" allowfullscreen=\"allowfullscreen\"><\/iframe><\/p>\n<p><a href=\"https:\/\/vimeo.com\/129473665\">CANADIAN BACON IV : THE PREVIEW<\/a> from <a href=\"https:\/\/vimeo.com\/plentyhumanwear\">Plenty Humanwear<\/a> on <a href=\"https:\/\/vimeo.com\">Vimeo<\/a>.<\/p>\n<p><a href=\"https:\/\/www.galeriebecot.com\/wp-content\/uploads\/2014\/10\/canadian-bacon.jpg\"><img loading=\"lazy\" decoding=\"async\" class=\"alignnone  wp-image-3672\" src=\"https:\/\/www.galeriebecot.com\/wp-content\/uploads\/2014\/10\/canadian-bacon.jpg\" alt=\"canadian bacon\" width=\"501\" height=\"281\" \/><\/a><\/p>\n<p>Canadian Bacon a l&rsquo;heureux plaisir de vous convier les 5-6-7 juin 2015, \u00e0 sa quatri\u00e8me \u00e9dition qui aura lieu sur l&rsquo;\u00eele de Montr\u00e9al. C&rsquo;est au 620 Saint-Paul Ouest que se tiendra l&rsquo;exposition \u00e9v\u00e9nementielle qui r\u00e9unit plus de trente artistes, dont une vingtaine est originaire de la ville de Qu\u00e9bec.<\/p>\n<p><span class=\"Apple-style-span\"> Le tout est rendu possible gr\u00e2ce \u00e0 la g\u00e9n\u00e9rosit\u00e9 de nos partenaires.<br \/>\nUne mention sp\u00e9ciale \u00e0 Mr. Vincent Chiara du Groupe Mach pour la location de l&rsquo;\u00e9difice qui nous permet de transporter l&rsquo;\u00e9v\u00e9nement dans la m\u00e9tropole.<\/span><\/p>\n<p>Le vernissage de l&rsquo;exposition aura lieu le vendredi 5 Juin de 17h00 \u00e0 23h00 au 620 rue Saint-Paul Ouest.<br \/>\nSoir\u00e9e festive avec DJ invit\u00e9s.<br \/>\nLancement de l&rsquo;album Duff&rsquo;s Motel d\u00e8s 22h00.<\/p>\n<p>L&rsquo;exposition sera \u00e9galement ouverte le samedi et dimanche 6 et 7 Juin de midi \u00e0 19h00.<\/p>\n<p><span class=\"Apple-style-span\"><a href=\"https:\/\/www.facebook.com\/canadianbaconart\" data-hovercard=\"\/ajax\/hovercard\/page.php?id=1487858428095560\">Canadian Bacon<\/a>\u00a0est une exposition biannuelle pr\u00e9sentant une s\u00e9lection m\u00e9rite d&rsquo;artistes de la rel\u00e8ve Qu\u00e9b\u00e9coise.\u00a0<\/span><\/p>\n<p>Notre premi\u00e8re \u00e9dition&#8230;cliquez sur l&rsquo;image suivante \ud83d\ude42<\/p>\n<p><a title=\"Canadian Bacon exhibition\" href=\"http:\/\/vimeo.com\/98856201\"><img loading=\"lazy\" decoding=\"async\" class=\"alignnone size-full wp-image-2707\" src=\"https:\/\/www.galeriebecot.com\/wp-content\/uploads\/2014\/10\/baconn.jpg\" alt=\"baconn\" width=\"579\" height=\"898\" srcset=\"https:\/\/galeriebecot.com\/wp-content\/uploads\/2014\/10\/baconn.jpg 579w, https:\/\/galeriebecot.com\/wp-content\/uploads\/2014\/10\/baconn-193x300.jpg 193w\" sizes=\"auto, (max-width: 579px) 100vw, 579px\" \/><\/a><br \/>\n<iframe loading=\"lazy\" width=\"700\" height=\"394\" src=\"https:\/\/www.youtube.com\/embed\/JCp01SIj0g4?feature=oembed\" frameborder=\"0\" allowfullscreen><\/iframe><\/p>\n<p>Canadian Bacon Stripes Back! On est de retour en force pour la deuxi\u00e8me \u00e9dition. Orchestr\u00e9 par Phelipe Soldevila et sa GDC, l&rsquo;\u00e9v\u00e9nement regroupera plus de 25 artistes de la r\u00e9gion de Qu\u00e9bec et de Montr\u00e9al. Les locaux de productions de la marque de linge de\u00a0<a href=\"https:\/\/www.facebook.com\/PlentyHumanwear\" data-hovercard=\"\/ajax\/hovercard\/page.php?id=181663315218872\">Plenty Humanwear<\/a>, seront de nouveau transform\u00e9s en galerie d&rsquo;art le temps d&rsquo;une fin de semaine.<\/p>\n<p>L&rsquo;exposition se d\u00e9roulera au coeur de la basse-ville de Qu\u00e9bec, au 280 Arago Est, le vendredi 17 octobre et samedi 18 octobre 2014. Le vernissage se d\u00e9roulera le vendredi 17 Octobre \u00e0 partir de 17h00. On se refait une soir\u00e9e digne de la premi\u00e8re \u00e9dit<span class=\"text_exposed_show\">ion.<\/span><\/p>\n<p><span class=\"text_exposed_show\"> Dj Don Dazzle sera de retour derri\u00e8re les platines.<\/span><\/p>\n<p>Pour cette deuxi\u00e8me \u00e9dition, on est heureux d&rsquo;accueillir des nouveaux visages au sein de notre s\u00e9l\u00e9ction.\u00a0<a href=\"https:\/\/www.facebook.com\/laurence.vallieres.7\" data-hovercard=\"\/ajax\/hovercard\/user.php?id=675594316\">Laurence Valli\u00e8res<\/a>,<a href=\"https:\/\/www.facebook.com\/zoltan.veevaete.7\" data-hovercard=\"\/ajax\/hovercard\/user.php?id=701180142\">Zoltan Veevaete<\/a>,<a href=\"https:\/\/www.facebook.com\/eloise.plamondon.page\" data-hovercard=\"\/ajax\/hovercard\/user.php?id=580225505\">\u00c9lo\u00efse Plamondon-Pag\u00e9<\/a>,<a href=\"https:\/\/www.facebook.com\/c.catherinemcinnis\" data-hovercard=\"\/ajax\/hovercard\/user.php?id=682530205\">Catherine McInnis<\/a>,<a href=\"https:\/\/www.facebook.com\/xlapointe\" data-hovercard=\"\/ajax\/hovercard\/user.php?id=623356608\">Xavier Lapointe<\/a>,<a href=\"https:\/\/www.facebook.com\/pierre.girard.944\" data-hovercard=\"\/ajax\/hovercard\/user.php?id=555572022\">Pierre Girard<\/a>,<a href=\"https:\/\/www.facebook.com\/nate.vybz\" data-hovercard=\"\/ajax\/hovercard\/user.php?id=100001610684431\">Nate Vybz<\/a>,<br \/>\nLes revenants seront\u00a0<a href=\"https:\/\/www.facebook.com\/francois.raymond.9279\" data-hovercard=\"\/ajax\/hovercard\/user.php?id=100004254420660\">Fran\u00e7ois Raymond<\/a>,<a href=\"https:\/\/www.facebook.com\/louisdavid.letourneaugagnon\" data-hovercard=\"\/ajax\/hovercard\/user.php?id=100005180490736\">Louis-David Letourneau-Gagnon<\/a>,<a href=\"https:\/\/www.facebook.com\/mireille.bouchard.31\" data-hovercard=\"\/ajax\/hovercard\/user.php?id=614922589\">Mireille Bouchard<\/a>,<a href=\"https:\/\/www.facebook.com\/sarah.booth.1675\" data-hovercard=\"\/ajax\/hovercard\/user.php?id=576310536\">Sarah Boot<\/a>,\u00a0<a href=\"https:\/\/www.facebook.com\/francklaps\" data-hovercard=\"\/ajax\/hovercard\/user.php?id=772690692\">Francois Lapierre<\/a>,<a href=\"https:\/\/www.facebook.com\/grosse.douceur.5\" data-hovercard=\"\/ajax\/hovercard\/user.php?id=637890537\">Grosse Douceur<\/a>,<a href=\"https:\/\/www.facebook.com\/illWG\" data-hovercard=\"\/ajax\/hovercard\/user.php?id=631993454\">William Gilbert<\/a>,<a href=\"https:\/\/www.facebook.com\/phildangerdore\" data-hovercard=\"\/ajax\/hovercard\/user.php?id=638120260\">Philippe Dore<\/a>\u00a0Young Sovitch\u00a0<a href=\"https:\/\/www.facebook.com\/mrmatel\" data-hovercard=\"\/ajax\/hovercard\/page.php?id=243313405873013\">Matel<\/a>\u00a0<a href=\"https:\/\/www.facebook.com\/patrick.beaulieu.524\" data-hovercard=\"\/ajax\/hovercard\/user.php?id=100003042884413\">Patrick Beaulieu<\/a>,<a href=\"https:\/\/www.facebook.com\/T.roriste\" data-hovercard=\"\/ajax\/hovercard\/user.php?id=678060551\">T.ro Riste<\/a>,<a href=\"https:\/\/www.facebook.com\/olivierdeserres\" data-hovercard=\"\/ajax\/hovercard\/user.php?id=613972453\">Old Ster<\/a>,\u00a0<a href=\"https:\/\/www.facebook.com\/guillaume.tardif.75\" data-hovercard=\"\/ajax\/hovercard\/user.php?id=771529921\">Guillaume Tardif<\/a>,\u00a0et\u00a0<a href=\"https:\/\/www.facebook.com\/phelipesd\" data-hovercard=\"\/ajax\/hovercard\/page.php?id=387705721381458\">Phelipe Soldevila<\/a>\u00a0.<\/p>\n<p>Que tu viennes de Qu\u00e9bec, Trois-Rivi\u00e8re, Montr\u00e9al, Terre-Neuve ou Bordeaux&#8230; Bouge tes fesses et ne manque pas \u00e7a!<\/p>\n","protected":false},"excerpt":{"rendered":"<p>CANADIAN BACON IV : THE PREVIEW from Plenty Humanwear on Vimeo. Canadian Bacon a l&rsquo;heureux plaisir de vous convier les 5-6-7 juin 2015, \u00e0 sa quatri\u00e8me \u00e9dition qui aura lieu&hellip; <\/p>\n","protected":false},"author":1,"featured_media":0,"comment_status":"open","ping_status":"open","sticky":false,"template":"","format":"standard","meta":{"_exactmetrics_skip_tracking":false,"_exactmetrics_sitenote_active":false,"_exactmetrics_sitenote_note":"","_exactmetrics_sitenote_category":0,"footnotes":""},"categories":[18,19],"tags":[34,417,6,66,416,408,405,409,307,414,373,33,406,420,413,87,404,411,419,407,412,45,40,410,418,415],"class_list":["post-2703","post","type-post","status-publish","format-standard","hentry","category-evenement","category-vernissage","tag-andre-becot","tag-catherine-mcinnis","tag-club-des-collectionneurs-en-arts-visuels-de-quebec","tag-club-des-collectionneurs-en-arts-visuels-de-quebec-studio-becot","tag-eloise-plamondon-page","tag-francois-lapierre","tag-francois-raymond","tag-grosse-douceur","tag-guillaume-tardif","tag-laurence-vallieres","tag-louis-david-letourneau-gagnon","tag-marc-bellemare","tag-mireille-bouchard","tag-nate-vybz","tag-old-ster","tag-phelipe-soldevila","tag-phelipe-soldevilla","tag-philippe-dore-young-sovitch-matel-patrick-beaulieu","tag-pierre-girard","tag-sarah-boot","tag-t-ro-riste","tag-visual-art","tag-visuals-arts","tag-william-gilbert","tag-xavier-lapointe","tag-zoltan-veevaete"],"_links":{"self":[{"href":"https:\/\/galeriebecot.com\/index.php?rest_route=\/wp\/v2\/posts\/2703","targetHints":{"allow":["GET"]}}],"collection":[{"href":"https:\/\/galeriebecot.com\/index.php?rest_route=\/wp\/v2\/posts"}],"about":[{"href":"https:\/\/galeriebecot.com\/index.php?rest_route=\/wp\/v2\/types\/post"}],"author":[{"embeddable":true,"href":"https:\/\/galeriebecot.com\/index.php?rest_route=\/wp\/v2\/users\/1"}],"replies":[{"embeddable":true,"href":"https:\/\/galeriebecot.com\/index.php?rest_route=%2Fwp%2Fv2%2Fcomments&post=2703"}],"version-history":[{"count":16,"href":"https:\/\/galeriebecot.com\/index.php?rest_route=\/wp\/v2\/posts\/2703\/revisions"}],"predecessor-version":[{"id":3761,"href":"https:\/\/galeriebecot.com\/index.php?rest_route=\/wp\/v2\/posts\/2703\/revisions\/3761"}],"wp:attachment":[{"href":"https:\/\/galeriebecot.com\/index.php?rest_route=%2Fwp%2Fv2%2Fmedia&parent=2703"}],"wp:term":[{"taxonomy":"category","embeddable":true,"href":"https:\/\/galeriebecot.com\/index.php?rest_route=%2Fwp%2Fv2%2Fcategories&post=2703"},{"taxonomy":"post_tag","embeddable":true,"href":"https:\/\/galeriebecot.com\/index.php?rest_route=%2Fwp%2Fv2%2Ftags&post=2703"}],"curies":[{"name":"wp","href":"https:\/\/api.w.org\/{rel}","templated":true}]}}