{"id":2698,"date":"2019-11-06T11:02:04","date_gmt":"2019-11-06T16:02:04","guid":{"rendered":"http:\/\/www.clubdescollectionneursenartsvisuelsdequebec.com\/?p=2698"},"modified":"2019-11-15T13:30:43","modified_gmt":"2019-11-15T18:30:43","slug":"ann-warren-retrospective","status":"publish","type":"post","link":"https:\/\/galeriebecot.com\/?p=2698","title":{"rendered":"Adieu \u00e0 notre amie artiste peintre, Ann Warren &#038; Retrospective"},"content":{"rendered":"<p>Chers amis, ch\u00e8res amies,<\/p>\n<p>Il y aura une c\u00e9r\u00e9monie en hommage \u00e0 ma compagne Ann Warren r\u00e9cemment d\u00e9c\u00e9d\u00e9e.<\/p>\n<p>Cette rencontre aura lieu samedi le 30 novembre entre 10;30 &#8211; 13,30 h au Domaine Maizerets \u00e0 Qu\u00e9bec.<\/p>\n<p>Merci.<\/p>\n<p><a href=\"https:\/\/www.galeriebecot.com\/wp-content\/uploads\/2019\/11\/Warren-Ann.jpg\"><img loading=\"lazy\" decoding=\"async\" class=\"alignnone wp-image-11863\" src=\"https:\/\/www.galeriebecot.com\/wp-content\/uploads\/2019\/11\/Warren-Ann.jpg\" alt=\"\" width=\"227\" height=\"264\" \/><\/a><\/p>\n<p>Ann Warren, artiste peintre.<\/p>\n<p><a title=\"Ann Warren\" href=\"http:\/\/www.museedecharlevoix.qc.ca\/\"><img loading=\"lazy\" decoding=\"async\" class=\"alignnone size-large wp-image-2699\" src=\"https:\/\/www.galeriebecot.com\/wp-content\/uploads\/2014\/10\/warren-communique-787x1024.jpg\" alt=\"warren communique\" width=\"700\" height=\"910\" srcset=\"https:\/\/galeriebecot.com\/wp-content\/uploads\/2014\/10\/warren-communique-787x1024.jpg 787w, https:\/\/galeriebecot.com\/wp-content\/uploads\/2014\/10\/warren-communique-230x300.jpg 230w, https:\/\/galeriebecot.com\/wp-content\/uploads\/2014\/10\/warren-communique.jpg 1692w\" sizes=\"auto, (max-width: 700px) 100vw, 700px\" \/><\/a><\/p>\n<p>Source: Julie C\u00f4t\u00e9,conservatrice_418-665-4411_ Madame Annie Breton,directrice.<\/p>\n<p>Le dimanche 5 octobre prochain \u00e0 14h aura lieu le vernissage de l&rsquo;exposition <i>Ann Warren &#8211; Retrospective <\/i>au Mus\u00e9e de Charlevoix en pr\u00e9sence de l&rsquo;artiste. L&rsquo;exposition permettant de d\u00e9couvrir ou de red\u00e9couvrir le travail d&rsquo;Ann Warren r\u00e9unit une vingtaine d\u2019oeuvres.<\/p>\n<p>Native de Pointe-au-Pic, Ann Warren cr\u00e9e d\u00e8s sa jeunesse des oeuvres o\u00f9 on trouve les \u00eatres peuplant son imagination. \u00c0 l\u2019adolescence, elle d\u00e9cide que sa carri\u00e8re lui permettra de s\u2019exprimer par l\u2019image. Dipl\u00f4m\u00e9e en arts plastiques au niveau coll\u00e9gial, elle rencontre Albert Rousseau qui la prend sous son aile. Elle revient ensuite vivre dans Charlevoix o\u00f9 elle peint d\u2019abord des paysages, avant de d\u00e9couvrir les techniques de peinture \u00e0 l\u2019huile et l\u2019aquarelle. Elle adopte ensuite l\u2019acrylique sur papier qui correspond davantage au style de ses oeuvres.<\/p>\n<p>Les oeuvres d\u2019Ann Warren sont caract\u00e9ris\u00e9es par la lumi\u00e8re, l\u2019atmosph\u00e8re et les personnages. Elle explore toujours de nouvelles avenues et cr\u00e9e des images o\u00f9 s\u2019unissent la r\u00e9alit\u00e9 et l\u2019abstraction des \u00eatres et des choses.<\/p>\n<p>L&rsquo;exposition est pr\u00e9sent\u00e9e du 5 octobre 2014 au 4 janvier 2015. Bienvenue \u00e0 tous ! L\u2019exposition est accessible gratuitement pour les Charlevoisiens en tout temps. Profitez de l\u2019occasion pour visiter \u00e9galement nos expositions : <i>Gabrielle Roy \u2013 Des amiti\u00e9s en Charlevoix <\/i>et <i>Charlevoix racont\u00e9 \u2013 fabuleux familier<\/i>.<\/p>\n<p><a href=\"https:\/\/www.galeriebecot.com\/wp-content\/uploads\/2014\/10\/Warren.jpg\"><img loading=\"lazy\" decoding=\"async\" class=\"alignnone size-full wp-image-2700\" src=\"https:\/\/www.galeriebecot.com\/wp-content\/uploads\/2014\/10\/Warren.jpg\" alt=\"Warren\" width=\"784\" height=\"488\" srcset=\"https:\/\/galeriebecot.com\/wp-content\/uploads\/2014\/10\/Warren.jpg 784w, https:\/\/galeriebecot.com\/wp-content\/uploads\/2014\/10\/Warren-300x186.jpg 300w\" sizes=\"auto, (max-width: 784px) 100vw, 784px\" \/><\/a><\/p>\n<p>&nbsp;<\/p>\n<p>Le Mus\u00e9e de Charlevoix pr\u00e9sente l\u2019exposition Ann Warren R\u00e9trospective, mettant en lumi\u00e8re les quarante ans de carri\u00e8re dans son monde imaginaire.<\/p>\n<p><a href=\"https:\/\/www.galeriebecot.com\/wp-content\/uploads\/2019\/11\/Warren-Charlevois.jpg\"><img loading=\"lazy\" decoding=\"async\" class=\"alignnone size-full wp-image-11827\" src=\"https:\/\/www.galeriebecot.com\/wp-content\/uploads\/2019\/11\/Warren-Charlevois.jpg\" alt=\"\" width=\"256\" height=\"62\" \/><\/a><\/p>\n<p>C\u2019est un retour aux sources pour Ann Warren qui est n\u00e9e \u00e0 Pointe-au-Pic et qui a pass\u00e9 une bonne partie de sa vie dans la r\u00e9gion avant de d\u00e9m\u00e9nager ses p\u00e9nates dans le secteur de Limoilou, \u00e0 Qu\u00e9bec.<\/p>\n<p>&nbsp;<\/p>\n<p>L\u2019artiste peintre am\u00e8ne le visiteur dans un autre univers\u00a0:<\/p>\n<p>&nbsp;<\/p>\n<p>\u00ab Un univers par contre accessible, figuratif et facile \u00e0 embarquer dans son imaginaire \u00bb, raconte Annie Breton, directrice du mus\u00e9e.<\/p>\n<p>&nbsp;<\/p>\n<p>Chacune des \u0153uvres expos\u00e9es met en valeur un personnage fantaisiste ou un paysage fantastique, avec un rendu r\u00e9aliste et touchant\u00a0:<\/p>\n<p>&nbsp;<\/p>\n<p>\u00ab Toute jeune, confie Mme Warren, j\u2019observais la mer et les montagnes \u00e0 travers la fen\u00eatre de ma chambre \u00e0 coucher, ce qui m\u2019a incit\u00e9e \u00e0 barbouiller tr\u00e8s t\u00f4t. Je tenais alors \u00e0 tenir ma r\u00e9trospective de 40 ans de carri\u00e8re dans le milieu o\u00f9 tout a commenc\u00e9 \u00bb.<\/p>\n<p>L\u2019exposition Ann Warren R\u00e9trospective tient l\u2019affiche jusqu\u2019au 3 janvier 2015, dans la mezzanine du Mus\u00e9e de Charlevoix.<\/p>\n<p>&nbsp;<\/p>\n<p>Une activit\u00e9 culturelle \u00e0 voir absolument!<\/p>\n","protected":false},"excerpt":{"rendered":"<p>Chers amis, ch\u00e8res amies, Il y aura une c\u00e9r\u00e9monie en hommage \u00e0 ma compagne Ann Warren r\u00e9cemment d\u00e9c\u00e9d\u00e9e. Cette rencontre aura lieu samedi le 30 novembre entre 10;30 &#8211; 13,30&hellip; <\/p>\n","protected":false},"author":1,"featured_media":0,"comment_status":"open","ping_status":"open","sticky":false,"template":"","format":"standard","meta":{"_exactmetrics_skip_tracking":false,"_exactmetrics_sitenote_active":false,"_exactmetrics_sitenote_note":"","_exactmetrics_sitenote_category":0,"footnotes":""},"categories":[18,19],"tags":[34,401,427,43,67,66,402,58,403,40],"class_list":["post-2698","post","type-post","status-publish","format-standard","hentry","category-evenement","category-vernissage","tag-andre-becot","tag-ann-warren","tag-annie-breton","tag-arts-visuels","tag-club-des-collectionneurs-en-arts-visuels-de-quebec-marc-bellemare","tag-club-des-collectionneurs-en-arts-visuels-de-quebec-studio-becot","tag-julie-cote","tag-marc-bellemare-collectionneur","tag-musee-de-charlevoix","tag-visuals-arts"],"_links":{"self":[{"href":"https:\/\/galeriebecot.com\/index.php?rest_route=\/wp\/v2\/posts\/2698","targetHints":{"allow":["GET"]}}],"collection":[{"href":"https:\/\/galeriebecot.com\/index.php?rest_route=\/wp\/v2\/posts"}],"about":[{"href":"https:\/\/galeriebecot.com\/index.php?rest_route=\/wp\/v2\/types\/post"}],"author":[{"embeddable":true,"href":"https:\/\/galeriebecot.com\/index.php?rest_route=\/wp\/v2\/users\/1"}],"replies":[{"embeddable":true,"href":"https:\/\/galeriebecot.com\/index.php?rest_route=%2Fwp%2Fv2%2Fcomments&post=2698"}],"version-history":[{"count":12,"href":"https:\/\/galeriebecot.com\/index.php?rest_route=\/wp\/v2\/posts\/2698\/revisions"}],"predecessor-version":[{"id":11865,"href":"https:\/\/galeriebecot.com\/index.php?rest_route=\/wp\/v2\/posts\/2698\/revisions\/11865"}],"wp:attachment":[{"href":"https:\/\/galeriebecot.com\/index.php?rest_route=%2Fwp%2Fv2%2Fmedia&parent=2698"}],"wp:term":[{"taxonomy":"category","embeddable":true,"href":"https:\/\/galeriebecot.com\/index.php?rest_route=%2Fwp%2Fv2%2Fcategories&post=2698"},{"taxonomy":"post_tag","embeddable":true,"href":"https:\/\/galeriebecot.com\/index.php?rest_route=%2Fwp%2Fv2%2Ftags&post=2698"}],"curies":[{"name":"wp","href":"https:\/\/api.w.org\/{rel}","templated":true}]}}