{"id":2619,"date":"2014-09-30T09:47:11","date_gmt":"2014-09-30T13:47:11","guid":{"rendered":"http:\/\/www.clubdescollectionneursenartsvisuelsdequebec.com\/?p=2619"},"modified":"2014-10-24T23:34:57","modified_gmt":"2014-10-25T03:34:57","slug":"la-pente-douce-se-fait-belle","status":"publish","type":"post","link":"https:\/\/galeriebecot.com\/?p=2619","title":{"rendered":"La Pente-Douce se fait belle"},"content":{"rendered":"<p>&nbsp;<\/p>\n<p><a href=\"https:\/\/www.galeriebecot.com\/wp-content\/uploads\/2014\/09\/777271-patricia-cloutier.jpg\"><img loading=\"lazy\" decoding=\"async\" class=\"alignnone size-full wp-image-2629\" src=\"https:\/\/www.galeriebecot.com\/wp-content\/uploads\/2014\/09\/777271-patricia-cloutier.jpg\" alt=\"777271-patricia-cloutier\" width=\"104\" height=\"69\" \/><\/a><span class=\"Apple-style-span\"><strong style=\"color: #003399;\"><a style=\"color: #003399;\" title=\"Patricia Cloutier\" href=\"http:\/\/recherche.lapresse.ca\/cyberpresse\/search\/theme\/cyberpresse\/template\/result?q=&amp;fq[]=author%3APatricia+Cloutier&amp;sort=recent\">PATRICIA CLOUTIER<\/a>\u00a0<\/strong>Le Soleil:<\/span><\/p>\n<p><a title=\"Pente Douce\" href=\"http:\/\/www.lapresse.ca\/le-soleil\/arts-et-spectacles\/expositions\/201410\/02\/01-4805787-une-galerie-dart-a-ciel-ouvert-cote-de-la-pente-douce.php\"><img loading=\"lazy\" decoding=\"async\" class=\"alignnone size-full wp-image-2620\" src=\"https:\/\/www.galeriebecot.com\/wp-content\/uploads\/2014\/10\/pente-douce.jpg\" alt=\"pente douce\" width=\"641\" height=\"427\" srcset=\"https:\/\/galeriebecot.com\/wp-content\/uploads\/2014\/10\/pente-douce.jpg 641w, https:\/\/galeriebecot.com\/wp-content\/uploads\/2014\/10\/pente-douce-300x199.jpg 300w\" sizes=\"auto, (max-width: 641px) 100vw, 641px\" \/><\/a><\/p>\n<p style=\"font-weight: inherit; font-style: inherit; color: #1a1a1a;\"><strong style=\"font-weight: bold; font-style: inherit;\">Artistes de Contre-Pente:<\/strong><\/p>\n<p style=\"font-weight: inherit; font-style: inherit; color: #1a1a1a;\">Dan Brault,<\/p>\n<p style=\"font-weight: inherit; font-style: inherit; color: #1a1a1a;\">Martin Bureau,<\/p>\n<p style=\"font-weight: inherit; font-style: inherit; color: #1a1a1a;\">Serge Cl\u00e9ment,<\/p>\n<p style=\"font-weight: inherit; font-style: inherit; color: #1a1a1a;\">Isabelle Demers,<\/p>\n<p style=\"font-weight: inherit; font-style: inherit; color: #1a1a1a;\">Janine Fortin,<\/p>\n<p style=\"font-weight: inherit; font-style: inherit; color: #1a1a1a;\">F\u00e9lix LeBlanc (flexiB),<\/p>\n<p style=\"font-weight: inherit; font-style: inherit; color: #1a1a1a;\">Louis-David L\u00e9tourneau-Gagnon,<\/p>\n<p style=\"font-weight: inherit; font-style: inherit; color: #1a1a1a;\">Patrick (Avive),<\/p>\n<p style=\"font-weight: inherit; font-style: inherit; color: #1a1a1a;\">Justin Roy,<\/p>\n<p style=\"font-weight: inherit; font-style: inherit; color: #1a1a1a;\">Carole-Anne Turcotte,<\/p>\n<p><a href=\"https:\/\/www.galeriebecot.com\/wp-content\/uploads\/2014\/09\/680138-annie-mathieu-journaliste-surnumeraire-soleil.jpg\"><img loading=\"lazy\" decoding=\"async\" class=\"alignnone size-full wp-image-2627\" src=\"https:\/\/www.galeriebecot.com\/wp-content\/uploads\/2014\/09\/680138-annie-mathieu-journaliste-surnumeraire-soleil.jpg\" alt=\"680138-annie-mathieu-journaliste-surnumeraire-soleil\" width=\"104\" height=\"65\" \/><\/a><span class=\"Apple-style-span\"><strong style=\"color: #003399;\"><a style=\"color: #003399;\" title=\"Annie Mathieu\" href=\"http:\/\/recherche.lapresse.ca\/cyberpresse\/search\/theme\/cyberpresse\/template\/result?q=&amp;fq[]=author%3AAnnie+Mathieu&amp;sort=recent\">ANNIE MATHIEU<\/a>\u00a0<\/strong>Le Soleil<\/span><\/p>\n<div class=\"excerpt\">\n<p class=\"amorce\" style=\"font-weight: bold;\"><a title=\"La pente douce se fait belle\" href=\"http:\/\/www.lapresse.ca\/le-soleil\/actualites\/la-capitale\/201409\/13\/01-4800001-la-pente-douce-se-fait-belle.php\">(Qu\u00e9bec) La c\u00f4te de la Pente-Douce se transforme en galerie d&rsquo;art \u00e0 ciel ouvert. Gr\u00e2ce \u00e0 EXMURO, son mur \u00abtr\u00e8s laid\u00bb deviendra un lieu d&rsquo;expositions qui se renouvelleront chaque ann\u00e9e ou tous les deux ans.<\/a><\/p>\n<\/div>\n<div class=\"entry chapitre chapitreTexte\">\n<p><a title=\"La pente douce se fait belle\" href=\"http:\/\/www.lapresse.ca\/le-soleil\/actualites\/la-capitale\/201409\/13\/01-4800001-la-pente-douce-se-fait-belle.php\">\u00abEnfin!\u00bb lance Vincent Roy, le directeur g\u00e9n\u00e9ral et artistique de l&rsquo;organisme. Et il n&rsquo;est pas le seul, dit-il, \u00e0 \u00eatre soulag\u00e9 de savoir que l&rsquo;espace peu attrayant fera place \u00e0 des oeuvres artistiques. \u00abQuand elles ont \u00e9t\u00e9 mises au courant de mon projet, plusieurs personnes sont venues me voir et ont eu la m\u00eame r\u00e9action!\u00bb<\/a><\/p>\n<p><a title=\"La pente douce se fait belle\" href=\"http:\/\/www.lapresse.ca\/le-soleil\/actualites\/la-capitale\/201409\/13\/01-4800001-la-pente-douce-se-fait-belle.php\">Cela fait des ann\u00e9es qu&rsquo;EXMURO a dans l&rsquo;oeil la surface qui fait pr\u00e8s de 100 pieds de long et jusqu&rsquo;\u00e0 30 pieds de large. En 2011, l&rsquo;organisme avait r\u00e9alis\u00e9 une exposition photo temporaire Nous, vous, ils, une exp\u00e9rience qui a connu beaucoup de succ\u00e8s. Mais Vincent Roy en voulait plus, soit un endroit permanent pour mettre en valeur le travail d&rsquo;artistes du coin et de la rel\u00e8ve.<\/a><\/p>\n<p><a title=\"La pente douce se fait belle\" href=\"http:\/\/www.lapresse.ca\/le-soleil\/actualites\/la-capitale\/201409\/13\/01-4800001-la-pente-douce-se-fait-belle.php\">Gr\u00e2ce \u00e0 la Ville de Qu\u00e9bec, le soutien financier de l&rsquo;Entente de d\u00e9veloppement culturel et du Forum jeunesse, la galerie \u00e0 ciel ouvert qu&rsquo;il avait imagin\u00e9e verra le jour sous le nom de L&rsquo;espace Pente douce. Elle sera agr\u00e9ment\u00e9e de cadres et de bo\u00eetes de lumi\u00e8re. Une premi\u00e8re oeuvre, intitul\u00e9e Contre-pente, est en cours de r\u00e9alisation et sera d\u00e9voil\u00e9e officiellement le 3 octobre<\/a>&#8230;..<\/p>\n<p>&nbsp;<\/p>\n<\/div>\n","protected":false},"excerpt":{"rendered":"<p>&nbsp; PATRICIA CLOUTIER\u00a0Le Soleil: Artistes de Contre-Pente: Dan Brault, Martin Bureau, Serge Cl\u00e9ment, Isabelle Demers, Janine Fortin, F\u00e9lix LeBlanc (flexiB), Louis-David L\u00e9tourneau-Gagnon, Patrick (Avive), Justin Roy, Carole-Anne Turcotte, ANNIE MATHIEU\u00a0Le&hellip; <\/p>\n","protected":false},"author":1,"featured_media":0,"comment_status":"open","ping_status":"open","sticky":false,"template":"","format":"standard","meta":{"_exactmetrics_skip_tracking":false,"_exactmetrics_sitenote_active":false,"_exactmetrics_sitenote_note":"","_exactmetrics_sitenote_category":0,"footnotes":""},"categories":[20,27,29,30],"tags":[34,43,227,376,6,66,368,372,35,370,371,375,373,58,211,374,369,37,296,40],"class_list":["post-2619","post","type-post","status-publish","format-standard","hentry","category-article-descriptif","category-artistes","category-journaux","category-le-soleil","tag-andre-becot","tag-arts-visuels","tag-bellemare-marc-avocat","tag-carole-anne-turcotte","tag-club-des-collectionneurs-en-arts-visuels-de-quebec","tag-club-des-collectionneurs-en-arts-visuels-de-quebec-studio-becot","tag-dan-brault","tag-felix-leblancflexib","tag-foire-en-arts-actuel","tag-isabelle-demers","tag-janine-fortin","tag-justin-roy","tag-louis-david-letourneau-gagnon","tag-marc-bellemare-collectionneur","tag-martin-bureau","tag-patrickavive","tag-serge-clement","tag-studio-becot","tag-vincent-roy","tag-visuals-arts"],"_links":{"self":[{"href":"https:\/\/galeriebecot.com\/index.php?rest_route=\/wp\/v2\/posts\/2619","targetHints":{"allow":["GET"]}}],"collection":[{"href":"https:\/\/galeriebecot.com\/index.php?rest_route=\/wp\/v2\/posts"}],"about":[{"href":"https:\/\/galeriebecot.com\/index.php?rest_route=\/wp\/v2\/types\/post"}],"author":[{"embeddable":true,"href":"https:\/\/galeriebecot.com\/index.php?rest_route=\/wp\/v2\/users\/1"}],"replies":[{"embeddable":true,"href":"https:\/\/galeriebecot.com\/index.php?rest_route=%2Fwp%2Fv2%2Fcomments&post=2619"}],"version-history":[{"count":16,"href":"https:\/\/galeriebecot.com\/index.php?rest_route=\/wp\/v2\/posts\/2619\/revisions"}],"predecessor-version":[{"id":2638,"href":"https:\/\/galeriebecot.com\/index.php?rest_route=\/wp\/v2\/posts\/2619\/revisions\/2638"}],"wp:attachment":[{"href":"https:\/\/galeriebecot.com\/index.php?rest_route=%2Fwp%2Fv2%2Fmedia&parent=2619"}],"wp:term":[{"taxonomy":"category","embeddable":true,"href":"https:\/\/galeriebecot.com\/index.php?rest_route=%2Fwp%2Fv2%2Fcategories&post=2619"},{"taxonomy":"post_tag","embeddable":true,"href":"https:\/\/galeriebecot.com\/index.php?rest_route=%2Fwp%2Fv2%2Ftags&post=2619"}],"curies":[{"name":"wp","href":"https:\/\/api.w.org\/{rel}","templated":true}]}}