{"id":2462,"date":"2014-09-23T12:20:37","date_gmt":"2014-09-23T16:20:37","guid":{"rendered":"http:\/\/www.clubdescollectionneursenartsvisuelsdequebec.com\/?p=2462"},"modified":"2014-10-15T13:15:36","modified_gmt":"2014-10-15T17:15:36","slug":"les-journees-de-la-culture27-et-28-septembre","status":"publish","type":"post","link":"https:\/\/galeriebecot.com\/?p=2462","title":{"rendered":"Les journ\u00e9es de la culture,27 et 28 septembre 2014"},"content":{"rendered":"<p><a href=\"https:\/\/www.galeriebecot.com\/wp-content\/uploads\/2014\/09\/Journ\u00e9e_ok_ok.jpg\"><img loading=\"lazy\" decoding=\"async\" class=\"alignnone size-full wp-image-2463\" src=\"https:\/\/www.galeriebecot.com\/wp-content\/uploads\/2014\/09\/Journ\u00e9e_ok_ok.jpg\" alt=\"Journ\u00e9e_ok_ok\" width=\"525\" height=\"300\" srcset=\"https:\/\/galeriebecot.com\/wp-content\/uploads\/2014\/09\/Journ\u00e9e_ok_ok.jpg 525w, https:\/\/galeriebecot.com\/wp-content\/uploads\/2014\/09\/Journ\u00e9e_ok_ok-300x171.jpg 300w\" sizes=\"auto, (max-width: 525px) 100vw, 525px\" \/><\/a><\/p>\n<p><strong>Andr\u00e9 B\u00e9cot,Don Darby,Aristide Gagnon,Richard \u00c9mond,Roger Fournier,R\u00e9jeanne Lizotte,Marie Rioux,Jacques Sylvain.<\/strong><\/p>\n<p><span class=\"activityDescription\" style=\"font-weight: inherit; font-style: inherit;\">Cr\u00e9ations libres et inspirantes d&rsquo;artistes \u00e0 l&rsquo;atelier galerie B\u00e9cot.\u00a0<\/span><span class=\"activityAudience\" style=\"font-weight: inherit; font-style: inherit;\">Pour tous<\/span>\u00a0!!!<\/p>\n<p>Sam. de 14:00 \u00e0 17:00 ( projection documentaires _Marie Rioux_Aristide Gagnon_<\/p>\n<p>Rusdi Genest_Don Darby_Andr\u00e9 B\u00e9cot)<\/p>\n<div style=\"font-weight: inherit; font-style: inherit;\"><span class=\"activityTime\" style=\"font-weight: inherit; font-style: inherit;\">Dim. de 14:00 \u00e0 17:00 ( projection documentaires_Marie Rioux_Aristide Gagnon_<\/span><\/div>\n<div style=\"font-weight: inherit; font-style: inherit;\"><\/div>\n<div style=\"font-weight: inherit; font-style: inherit;\">Rusdi Genest_Don Darby_Andr\u00e9 B\u00e9cot)<\/div>\n<div style=\"font-weight: inherit; font-style: inherit;\"><\/div>\n<p>&nbsp;<\/p>\n<p><iframe loading=\"lazy\" width=\"700\" height=\"394\" src=\"http:\/\/www.youtube.com\/embed\/yhCsIQS6bOE?feature=oembed\" frameborder=\"0\" allowfullscreen><\/iframe><\/p>\n<p>&nbsp;<\/p>\n<div style=\"font-weight: inherit; font-style: inherit; color: #222222;\">\n<div style=\"font-weight: inherit; font-style: inherit;\"><a title=\"Journ\u00e9es de la culture\" href=\"http:\/\/www.journeesdelaculture.qc.ca\/\"><img loading=\"lazy\" decoding=\"async\" class=\"alignnone size-full wp-image-2473\" src=\"https:\/\/www.galeriebecot.com\/wp-content\/uploads\/2014\/09\/cultur1OK.jpg\" alt=\"cultur1OK\" width=\"525\" height=\"300\" srcset=\"https:\/\/galeriebecot.com\/wp-content\/uploads\/2014\/09\/cultur1OK.jpg 525w, https:\/\/galeriebecot.com\/wp-content\/uploads\/2014\/09\/cultur1OK-300x171.jpg 300w\" sizes=\"auto, (max-width: 525px) 100vw, 525px\" \/><\/a><\/div>\n<div style=\"font-weight: inherit; font-style: inherit;\"><\/div>\n<div style=\"font-weight: inherit; font-style: inherit;\"><\/div>\n<div style=\"font-weight: inherit; font-style: inherit;\"><\/div>\n<div style=\"font-weight: inherit; font-style: inherit;\"><\/div>\n<div style=\"font-weight: inherit; font-style: inherit;\"><a title=\"Marie Rioux\" href=\"https:\/\/www.galeriebecot.com\/?p=1475\"><img loading=\"lazy\" decoding=\"async\" class=\"alignnone size-full wp-image-2590\" src=\"https:\/\/www.galeriebecot.com\/wp-content\/uploads\/2014\/09\/Marie-Marie.jpg\" alt=\"Marie Marie\" width=\"488\" height=\"308\" srcset=\"https:\/\/galeriebecot.com\/wp-content\/uploads\/2014\/09\/Marie-Marie.jpg 488w, https:\/\/galeriebecot.com\/wp-content\/uploads\/2014\/09\/Marie-Marie-300x189.jpg 300w\" sizes=\"auto, (max-width: 488px) 100vw, 488px\" \/><\/a><\/div>\n<div style=\"font-weight: inherit; font-style: inherit;\"><\/div>\n<div style=\"font-weight: inherit; font-style: inherit;\"><\/div>\n<div style=\"font-weight: inherit; font-style: inherit;\"><\/div>\n<div style=\"font-weight: inherit; font-style: inherit;\"><\/div>\n<div style=\"font-weight: inherit; font-style: inherit;\"><a title=\"Jacques Sylvain\" href=\"https:\/\/www.galeriebecot.com\/?p=2167\"><img loading=\"lazy\" decoding=\"async\" class=\"alignnone size-full wp-image-2572\" src=\"https:\/\/www.galeriebecot.com\/wp-content\/uploads\/2014\/09\/Sylvain-Champagne.jpg\" alt=\"Sylvain Champagne\" width=\"340\" height=\"455\" srcset=\"https:\/\/galeriebecot.com\/wp-content\/uploads\/2014\/09\/Sylvain-Champagne.jpg 340w, https:\/\/galeriebecot.com\/wp-content\/uploads\/2014\/09\/Sylvain-Champagne-224x300.jpg 224w\" sizes=\"auto, (max-width: 340px) 100vw, 340px\" \/><\/a><\/div>\n<div style=\"font-weight: inherit; font-style: inherit;\"><\/div>\n<div style=\"font-weight: inherit; font-style: inherit;\"><\/div>\n<div style=\"font-weight: inherit; font-style: inherit;\"><\/div>\n<div style=\"font-weight: inherit; font-style: inherit;\"><\/div>\n<\/div>\n<p><a href=\"http:\/\/journeesdelaculture.qc.ca\/activite\/9773\/art-et-liberte-4.html\" target=\"_blank\"><img decoding=\"async\" src=\"http:\/\/journeesdelaculture.qc.ca\/images\/promo\/728x90.jpg\" alt=\"Je participe aux Journ\u00e9es de la culture\" border=\"0\" \/><\/a><\/p>\n<p>&nbsp;<\/p>\n","protected":false},"excerpt":{"rendered":"<p>Andr\u00e9 B\u00e9cot,Don Darby,Aristide Gagnon,Richard \u00c9mond,Roger Fournier,R\u00e9jeanne Lizotte,Marie Rioux,Jacques Sylvain. Cr\u00e9ations libres et inspirantes d&rsquo;artistes \u00e0 l&rsquo;atelier galerie B\u00e9cot.\u00a0Pour tous\u00a0!!! Sam. de 14:00 \u00e0 17:00 ( projection documentaires _Marie Rioux_Aristide Gagnon_&hellip; <\/p>\n","protected":false},"author":1,"featured_media":0,"comment_status":"open","ping_status":"open","sticky":false,"template":"","format":"standard","meta":{"_exactmetrics_skip_tracking":false,"_exactmetrics_sitenote_active":false,"_exactmetrics_sitenote_note":"","_exactmetrics_sitenote_category":0,"footnotes":""},"categories":[18,19],"tags":[43,5,279,6,120,349,350,112,276,352,33,362,351,358,78,122,40],"class_list":["post-2462","post","type-post","status-publish","format-standard","hentry","category-evenement","category-vernissage","tag-arts-visuels","tag-becot","tag-bruno-champagne","tag-club-des-collectionneurs-en-arts-visuels-de-quebec","tag-darby","tag-emond","tag-fournier","tag-gagnon","tag-galerie-lacerte","tag-les-journees-de-la-culture","tag-marc-bellemare","tag-marc-robert","tag-rioux","tag-rusdi-genest","tag-studio-galerie-becot","tag-sylvain","tag-visuals-arts"],"_links":{"self":[{"href":"https:\/\/galeriebecot.com\/index.php?rest_route=\/wp\/v2\/posts\/2462","targetHints":{"allow":["GET"]}}],"collection":[{"href":"https:\/\/galeriebecot.com\/index.php?rest_route=\/wp\/v2\/posts"}],"about":[{"href":"https:\/\/galeriebecot.com\/index.php?rest_route=\/wp\/v2\/types\/post"}],"author":[{"embeddable":true,"href":"https:\/\/galeriebecot.com\/index.php?rest_route=\/wp\/v2\/users\/1"}],"replies":[{"embeddable":true,"href":"https:\/\/galeriebecot.com\/index.php?rest_route=%2Fwp%2Fv2%2Fcomments&post=2462"}],"version-history":[{"count":33,"href":"https:\/\/galeriebecot.com\/index.php?rest_route=\/wp\/v2\/posts\/2462\/revisions"}],"predecessor-version":[{"id":2596,"href":"https:\/\/galeriebecot.com\/index.php?rest_route=\/wp\/v2\/posts\/2462\/revisions\/2596"}],"wp:attachment":[{"href":"https:\/\/galeriebecot.com\/index.php?rest_route=%2Fwp%2Fv2%2Fmedia&parent=2462"}],"wp:term":[{"taxonomy":"category","embeddable":true,"href":"https:\/\/galeriebecot.com\/index.php?rest_route=%2Fwp%2Fv2%2Fcategories&post=2462"},{"taxonomy":"post_tag","embeddable":true,"href":"https:\/\/galeriebecot.com\/index.php?rest_route=%2Fwp%2Fv2%2Ftags&post=2462"}],"curies":[{"name":"wp","href":"https:\/\/api.w.org\/{rel}","templated":true}]}}