{"id":2426,"date":"2023-04-15T16:42:00","date_gmt":"2023-04-15T20:42:00","guid":{"rendered":"http:\/\/www.clubdescollectionneursenartsvisuelsdequebec.com\/?p=2426"},"modified":"2023-04-20T18:21:33","modified_gmt":"2023-04-20T22:21:33","slug":"colette-matte-expose","status":"publish","type":"post","link":"https:\/\/galeriebecot.com\/?p=2426","title":{"rendered":"Colette Matte expose&#8230;.au centre national d&rsquo;exposition."},"content":{"rendered":"\n<figure class=\"wp-block-image size-large\"><a href=\"https:\/\/www.centrenationalexposition.com\/exp_venir\"><img loading=\"lazy\" decoding=\"async\" width=\"887\" height=\"1024\" src=\"https:\/\/www.galeriebecot.com\/wp-content\/uploads\/2023\/04\/Lumiere-dhiver-C.-Matte-887x1024.jpg\" alt=\"\" class=\"wp-image-17316\" srcset=\"https:\/\/galeriebecot.com\/wp-content\/uploads\/2023\/04\/Lumiere-dhiver-C.-Matte-887x1024.jpg 887w, https:\/\/galeriebecot.com\/wp-content\/uploads\/2023\/04\/Lumiere-dhiver-C.-Matte-260x300.jpg 260w, https:\/\/galeriebecot.com\/wp-content\/uploads\/2023\/04\/Lumiere-dhiver-C.-Matte-768x886.jpg 768w, https:\/\/galeriebecot.com\/wp-content\/uploads\/2023\/04\/Lumiere-dhiver-C.-Matte.jpg 1051w\" sizes=\"auto, (max-width: 887px) 100vw, 887px\" \/><\/a><\/figure>\n\n\n\n<p class=\"wp-block-paragraph\">Vernissage : Jeudi le 27 avril \u00e0 17h<\/p>\n\n\n\n<p class=\"wp-block-paragraph\">Du 27 avril au 2 juillet 2023. Bienvenue \u00e0 tous !<\/p>\n\n\n<p><a href=\"https:\/\/www.galeriebecot.com\/wp-content\/uploads\/2017\/10\/Matte1.jpg\"><img loading=\"lazy\" decoding=\"async\" class=\"alignnone size-full wp-image-7838\" src=\"https:\/\/www.galeriebecot.com\/wp-content\/uploads\/2017\/10\/Matte1.jpg\" alt=\"\" width=\"576\" height=\"391\" srcset=\"https:\/\/galeriebecot.com\/wp-content\/uploads\/2017\/10\/Matte1.jpg 576w, https:\/\/galeriebecot.com\/wp-content\/uploads\/2017\/10\/Matte1-300x204.jpg 300w\" sizes=\"auto, (max-width: 576px) 100vw, 576px\" \/><\/a><\/p>\n<p><a href=\"https:\/\/www.galeriebecot.com\/wp-content\/uploads\/2017\/10\/matte2.jpg\"><img loading=\"lazy\" decoding=\"async\" class=\"alignnone size-full wp-image-7839\" src=\"https:\/\/www.galeriebecot.com\/wp-content\/uploads\/2017\/10\/matte2.jpg\" alt=\"\" width=\"576\" height=\"383\" srcset=\"https:\/\/galeriebecot.com\/wp-content\/uploads\/2017\/10\/matte2.jpg 576w, https:\/\/galeriebecot.com\/wp-content\/uploads\/2017\/10\/matte2-300x199.jpg 300w\" sizes=\"auto, (max-width: 576px) 100vw, 576px\" \/><\/a><\/p>\n<p>Colette Matte.<\/p>\n<p>Vernissage, le dimanche 29 octobre, \u00e0 14 h. \u00e0 la Place de l&rsquo;\u00c9glise de Cap-Sant\u00e9.<\/p>\n<p>Projet-artiste-communaut\u00e9, Place de l&rsquo;\u00c9glise de Cap-Sant\u00e9 du 21 au 29 octobre 2017<\/p>\n<p>&nbsp;<\/p>\n<p><a href=\"https:\/\/www.galeriebecot.com\/wp-content\/uploads\/2014\/09\/Colette-Matte.jpg\"><img loading=\"lazy\" decoding=\"async\" class=\"alignnone size-large wp-image-2427\" src=\"https:\/\/www.galeriebecot.com\/wp-content\/uploads\/2014\/09\/Colette-Matte-742x1024.jpg\" alt=\"Colette Matte\" width=\"700\" height=\"966\" srcset=\"https:\/\/galeriebecot.com\/wp-content\/uploads\/2014\/09\/Colette-Matte-742x1024.jpg 742w, https:\/\/galeriebecot.com\/wp-content\/uploads\/2014\/09\/Colette-Matte-217x300.jpg 217w, https:\/\/galeriebecot.com\/wp-content\/uploads\/2014\/09\/Colette-Matte.jpg 1070w\" sizes=\"auto, (max-width: 700px) 100vw, 700px\" \/><\/a><\/p>\n<p>&nbsp;<\/p>\n<p>Les expositions se tiendront:<\/p>\n<p>Dates: les 26,27 et 28 septembre 2014<\/p>","protected":false},"excerpt":{"rendered":"<p>Vernissage : Jeudi le 27 avril \u00e0 17h Du 27 avril au 2 juillet 2023. Bienvenue \u00e0 tous ! Colette Matte. Vernissage, le dimanche 29 octobre, \u00e0 14 h. \u00e0&hellip; <\/p>\n","protected":false},"author":1,"featured_media":0,"comment_status":"open","ping_status":"open","sticky":false,"template":"","format":"standard","meta":{"_exactmetrics_skip_tracking":false,"_exactmetrics_sitenote_active":false,"_exactmetrics_sitenote_note":"","_exactmetrics_sitenote_category":0,"footnotes":""},"categories":[21,19],"tags":[34,1877,4427,4424,67,66,786,345,38,1840,58,4426,346,37,4425,40],"class_list":["post-2426","post","type-post","status-publish","format-standard","hentry","category-vente-aux-encheres-doeuvres-dart","category-vernissage","tag-andre-becot","tag-calq","tag-canadian-heritage","tag-centre-national-dexposition-de-jonquiere","tag-club-des-collectionneurs-en-arts-visuels-de-quebec-marc-bellemare","tag-club-des-collectionneurs-en-arts-visuels-de-quebec-studio-becot","tag-cne","tag-colette-matte","tag-galerie-becot","tag-le-pave-des-rendez-vous","tag-marc-bellemare-collectionneur","tag-patrimoine-canadien","tag-raynald-bilodeau-conferencier","tag-studio-becot","tag-ville-de-saguenay","tag-visuals-arts"],"_links":{"self":[{"href":"https:\/\/galeriebecot.com\/index.php?rest_route=\/wp\/v2\/posts\/2426","targetHints":{"allow":["GET"]}}],"collection":[{"href":"https:\/\/galeriebecot.com\/index.php?rest_route=\/wp\/v2\/posts"}],"about":[{"href":"https:\/\/galeriebecot.com\/index.php?rest_route=\/wp\/v2\/types\/post"}],"author":[{"embeddable":true,"href":"https:\/\/galeriebecot.com\/index.php?rest_route=\/wp\/v2\/users\/1"}],"replies":[{"embeddable":true,"href":"https:\/\/galeriebecot.com\/index.php?rest_route=%2Fwp%2Fv2%2Fcomments&post=2426"}],"version-history":[{"count":10,"href":"https:\/\/galeriebecot.com\/index.php?rest_route=\/wp\/v2\/posts\/2426\/revisions"}],"predecessor-version":[{"id":17321,"href":"https:\/\/galeriebecot.com\/index.php?rest_route=\/wp\/v2\/posts\/2426\/revisions\/17321"}],"wp:attachment":[{"href":"https:\/\/galeriebecot.com\/index.php?rest_route=%2Fwp%2Fv2%2Fmedia&parent=2426"}],"wp:term":[{"taxonomy":"category","embeddable":true,"href":"https:\/\/galeriebecot.com\/index.php?rest_route=%2Fwp%2Fv2%2Fcategories&post=2426"},{"taxonomy":"post_tag","embeddable":true,"href":"https:\/\/galeriebecot.com\/index.php?rest_route=%2Fwp%2Fv2%2Ftags&post=2426"}],"curies":[{"name":"wp","href":"https:\/\/api.w.org\/{rel}","templated":true}]}}