{"id":2421,"date":"2014-10-22T14:30:14","date_gmt":"2014-10-22T18:30:14","guid":{"rendered":"http:\/\/www.clubdescollectionneursenartsvisuelsdequebec.com\/?p=2421"},"modified":"2014-10-27T03:54:40","modified_gmt":"2014-10-27T07:54:40","slug":"foire-en-art-actuel-de-quebec-deuxieme-edition","status":"publish","type":"post","link":"https:\/\/galeriebecot.com\/?p=2421","title":{"rendered":"De l\u2019art oratoire \u00e0 l\u2019art actuel | Marc Bellemare, collectionneur engag\u00e9  Rencontre avec Marc Bellemare."},"content":{"rendered":"<p><a href=\"https:\/\/www.galeriebecot.com\/wp-content\/uploads\/2014\/10\/La-fabrique-culturelle.jpg\"><img loading=\"lazy\" decoding=\"async\" class=\"alignnone size-full wp-image-2881\" src=\"https:\/\/www.galeriebecot.com\/wp-content\/uploads\/2014\/10\/La-fabrique-culturelle.jpg\" alt=\"La fabrique culturelle\" width=\"150\" height=\"150\" \/><\/a><\/p>\n<p><a title=\"Marc Bellemare\" href=\"http:\/\/www.lafabriqueculturelle.tv\/capsules\/2623\/de-l-art-oratoire-a-l-art-actuel-marc-bellemare-collectionneur-engage\"><strong>De l\u2019art oratoire \u00e0 l\u2019art actuel | Marc Bellemare, collectionneur engag\u00e9<\/strong><\/a><\/p>\n<p><strong><a title=\"Marc Bellemare\" href=\"http:\/\/www.lafabriqueculturelle.tv\/capsules\/2623\/de-l-art-oratoire-a-l-art-actuel-marc-bellemare-collectionneur-engage\">Rencontre avec<\/a>\u00a0<a title=\"Fabrique culturelle\" href=\"http:\/\/www.lafabriqueculturelle.tv\/capsules\/2623\/de-l-art-oratoire-a-l-art-actuel-marc-bellemare-collectionneur-engage\">Marc Bellemare.<\/a><\/strong><\/p>\n<p>___________________________________<\/p>\n<p><a title=\"Art Actuel(1er \u00e9dition)\" href=\"https:\/\/www.galeriebecot.com\/?p=832\"><strong>(Lien vers la 1er \u00e9dition,\u00e9galement sous la pr\u00e9sidence d&rsquo;honneur de Marc Bellemare)<\/strong><\/a><\/p>\n<p><a title=\"Foire en art actuel\" href=\"http:\/\/matv.ca\/quebec\/mes-emissions\/lezarts-quebec\/videos\/3844666652001\"><img loading=\"lazy\" decoding=\"async\" class=\"alignnone size-full wp-image-2777\" src=\"https:\/\/www.galeriebecot.com\/wp-content\/uploads\/2014\/10\/foire.jpg\" alt=\"OLYMPUS DIGITAL CAMERA\" width=\"576\" height=\"462\" srcset=\"https:\/\/galeriebecot.com\/wp-content\/uploads\/2014\/10\/foire.jpg 576w, https:\/\/galeriebecot.com\/wp-content\/uploads\/2014\/10\/foire-300x240.jpg 300w\" sizes=\"auto, (max-width: 576px) 100vw, 576px\" \/><\/a><\/p>\n<p><a title=\"Foire en arts actuel\" href=\"http:\/\/matv.ca\/quebec\/mes-emissions\/lezarts-quebec\/videos\/3844666652001\">LEZARTS QU\u00c9BEC (16-10-14) LA FOIRE EN ART ACTUEL \u00a0(8 premi\u00e8res minutes en diffusion)<\/a><\/p>\n<p><strong>D\u00e9finition art Actuel:<\/strong><\/p>\n<p><span class=\"Apple-style-span\"><span class=\"fiche_mot_lien_sens\">Forme\u00a0contemporaine\u00a0de\u00a0l&rsquo;art\u00a0qui\u00a0regroupe\u00a0les\u00a0oeuvres\u00a0produites\u00a0\u00e0\u00a0partir\u00a0de\u00a0la\u00a0deuxi\u00e8me\u00a0moiti\u00e9\u00a0du\u00a0XXe\u00a0si\u00e8cle.(<em><b>d\u00e9finition<\/b>\u00a0du dictionnaire &#8211; L&rsquo;internaute)<\/em><\/span><\/span><\/p>\n<p>&#8212;&#8212;&#8212;&#8212;&#8212;&#8212;&#8212;&#8212;&#8212;&#8212;&#8212;&#8212;&#8212;&#8212;&#8212;&#8212;&#8212;&#8212;&#8212;&#8212;&#8212;&#8211;<\/p>\n<p><strong>Beaucoup de personnes nous demandent comment nous proc\u00e9dons \u00e0 la s\u00e9lection des artistes de la Foire.<\/strong><\/p>\n<p>Celle-ci se fait par les quatre commissaires et sur invitation.<\/p>\n<p>Le d\u00e9fi ?<\/p>\n<p>\u00ab Commissarier \u00bb une foire de vente n\u2019est pas chose \u00e9vidente, il n\u2019y a pas de th\u00e9matique pr\u00e9cise, pas de fil conducteur apparent entre chacune des oeuvres. Toutefois, le travail de commissaire s\u2019op\u00e8re en s\u00e9lectionnant les oeuvres que nous pensons percutantes, de qualit\u00e9 formelle et repr\u00e9sentant au mieux la d\u00e9marche de l\u2019artiste. Dans une sorte de \u00ab In situ \u00bb du commissaire, chaque oeuvre est choisie dans un dialogue avec l\u2019artiste comme ici avec Thierry Arcand-Boss\u00e9 dans son atelier. \u2013 avec Fnoune Taha,Jeanne Couture, Marie-Pier April et Gabrielle Bouchard.<\/p>\n<p><a href=\"https:\/\/www.galeriebecot.com\/wp-content\/uploads\/2014\/10\/Marc.jpg\"><img loading=\"lazy\" decoding=\"async\" class=\"alignnone size-full wp-image-2766\" src=\"https:\/\/www.galeriebecot.com\/wp-content\/uploads\/2014\/10\/Marc.jpg\" alt=\"Marc\" width=\"566\" height=\"467\" srcset=\"https:\/\/galeriebecot.com\/wp-content\/uploads\/2014\/10\/Marc.jpg 566w, https:\/\/galeriebecot.com\/wp-content\/uploads\/2014\/10\/Marc-300x247.jpg 300w\" sizes=\"auto, (max-width: 566px) 100vw, 566px\" \/><\/a><\/p>\n<p><strong>PHOTOT\u00c8QUE :\u00a0<\/strong><em>Serge-Philippe Tremblay<\/em><\/p>\n<p><a href=\"https:\/\/www.galeriebecot.com\/wp-content\/uploads\/2014\/10\/Foire_Succ\u00e8s.jpg\"><img loading=\"lazy\" decoding=\"async\" class=\"alignnone size-large wp-image-2825\" src=\"https:\/\/www.galeriebecot.com\/wp-content\/uploads\/2014\/10\/Foire_Succ\u00e8s-752x1024.jpg\" alt=\"Foire_Succ\u00e8s\" width=\"700\" height=\"953\" srcset=\"https:\/\/galeriebecot.com\/wp-content\/uploads\/2014\/10\/Foire_Succ\u00e8s-752x1024.jpg 752w, https:\/\/galeriebecot.com\/wp-content\/uploads\/2014\/10\/Foire_Succ\u00e8s-220x300.jpg 220w, https:\/\/galeriebecot.com\/wp-content\/uploads\/2014\/10\/Foire_Succ\u00e8s.jpg 1199w\" sizes=\"auto, (max-width: 700px) 100vw, 700px\" \/><\/a><\/p>\n<p><iframe loading=\"lazy\" width=\"700\" height=\"394\" src=\"http:\/\/www.youtube.com\/embed\/Ll0ba-7yaBc?feature=oembed\" frameborder=\"0\" allowfullscreen><\/iframe><\/p>\n<p><img loading=\"lazy\" decoding=\"async\" class=\"alignnone  wp-image-2422\" src=\"https:\/\/www.galeriebecot.com\/wp-content\/uploads\/2014\/09\/Comm-artiste-V2-807x1024.jpg\" alt=\"Comm artiste V2\" width=\"578\" height=\"831\" \/><\/p>\n<p><img loading=\"lazy\" decoding=\"async\" class=\"alignnone  wp-image-2611\" src=\"https:\/\/www.galeriebecot.com\/wp-content\/uploads\/2014\/09\/QuebecScoop-copy.jpg\" alt=\"QuebecScoop copy\" width=\"596\" height=\"381\" \/><\/p>\n<p>(Image de Qu\u00e9bec Scope)<\/p>\n<p><img loading=\"lazy\" decoding=\"async\" class=\"alignnone  wp-image-2669\" src=\"https:\/\/www.galeriebecot.com\/wp-content\/uploads\/2014\/10\/pub-art-actuel1-628x1024.jpg\" alt=\"3477591.pdf\" width=\"612\" height=\"1018\" \/><\/p>\n<p><a href=\"https:\/\/www.galeriebecot.com\/wp-content\/uploads\/2014\/09\/Lab-vivant.jpg\"><img loading=\"lazy\" decoding=\"async\" class=\"alignnone size-large wp-image-2451\" src=\"https:\/\/www.galeriebecot.com\/wp-content\/uploads\/2014\/09\/Lab-vivant-1024x386.jpg\" alt=\"Lab vivant\" width=\"700\" height=\"263\" srcset=\"https:\/\/galeriebecot.com\/wp-content\/uploads\/2014\/09\/Lab-vivant-1024x386.jpg 1024w, https:\/\/galeriebecot.com\/wp-content\/uploads\/2014\/09\/Lab-vivant-300x113.jpg 300w, https:\/\/galeriebecot.com\/wp-content\/uploads\/2014\/09\/Lab-vivant.jpg 1083w\" sizes=\"auto, (max-width: 700px) 100vw, 700px\" \/><\/a><\/p>\n<p><span class=\"Apple-style-span\" style=\"color: #606060;\"><strong><span class=\"s1\">La\u00a0<\/span>Foire en art actuel de Qu\u00e9bec<\/strong>\u00a0<span class=\"s1\">est fi\u00e8re de s\u2019associer, pour sa deuxi\u00e8me \u00e9dition, avec\u00a0<\/span><strong>Le Cercle &#8211; Lab vivant<\/strong><span class=\"s1\">. Nos mandats respectifs de\u00a0<\/span><strong>soutien \u00e0 la rel\u00e8ve artistique et de cr\u00e9ation de contextes d\u2019exposition innovants<\/strong>\u00a0<span class=\"s1\">nous ont r\u00e9uni cette ann\u00e9e afin de pr\u00e9senter une\u00a0<\/span><strong>programmation annuelle conjointe<\/strong>\u00a0<span class=\"s1\">dans les locaux du Cercle.<\/span><br \/>\n<\/span><\/p>\n<p class=\"p1\" style=\"color: #606060;\">\u00c0 partir de l\u2019hiver 2015, la Foire en art actuel de Qu\u00e9bec pr\u00e9sentera, conjointement avec le Cercle, le travail d\u2019artistes ayant particip\u00e9 \u00e0 l\u2019une des \u00e9ditions de la Foire. Tout au long de l\u2019ann\u00e9e, l\u2019organisme travaillera autour des th\u00e9matiques de direction artistique d\u00e9velopp\u00e9es par Le Cercle : Inqui\u00e9tante \u00c9tranget\u00e9, Nordicit\u00e9, F\u00e9minin et Premi\u00e8res Nations.<\/p>\n<p class=\"p1\" style=\"color: #606060;\">La Foire en art actuel de Qu\u00e9bec, en plus de pr\u00e9senter le travail de vingt artistes du 16 au 19 octobre prochain, \u00e9tend son champ d\u2019action. Cette pr\u00e9sence au Cercle est un autre pas pour soutenir les artistes non-repr\u00e9sent\u00e9s en galerie \u00e0 l\u2019ann\u00e9e. Ce sera l\u2019occasion pour ceux-ci d\u2019exposer et de vendre de nouveau leur travail \u00e0 Qu\u00e9bec. Surveillez nos communications dans les prochains mois qui annonceront les artistes s\u00e9lectionn\u00e9s dans le cadre de ce nouveau partenariat.<\/p>\n<p class=\"p2\" style=\"color: #606060;\">Ainsi, la Foire et Le Cercle &#8211; Lab vivant b\u00e9n\u00e9ficient d\u2019une vitrine suppl\u00e9mentaire de diffusion tout en bonifiant et en faisant collaborer leurs r\u00e9seaux d\u2019artistes. C\u2019est le cas de Rapha\u00ebl B\u00e9n\u00e9dict dont les oeuvres seront pr\u00e9sent\u00e9es simultan\u00e9ment au Cercle et \u00e0 la Foire.\u00a0<strong>Pour connaitre tous les d\u00e9tails, rendez-vous \u00e0 la\u00a0<span class=\"s1\">conf\u00e9rence de presse de la Foire en art actuel de Qu\u00e9bec, le 24 septembre au Cercle \u00e0 10h<\/span>.<\/strong><\/p>\n<p class=\"p2\" style=\"color: #606060;\"><b>\u00a0<img loading=\"lazy\" decoding=\"async\" class=\"alignnone size-large wp-image-2455\" src=\"https:\/\/www.galeriebecot.com\/wp-content\/uploads\/2014\/09\/foire2-1024x442.jpg\" alt=\"foire2\" width=\"700\" height=\"302\" srcset=\"https:\/\/galeriebecot.com\/wp-content\/uploads\/2014\/09\/foire2-1024x442.jpg 1024w, https:\/\/galeriebecot.com\/wp-content\/uploads\/2014\/09\/foire2-300x129.jpg 300w, https:\/\/galeriebecot.com\/wp-content\/uploads\/2014\/09\/foire2.jpg 1115w\" sizes=\"auto, (max-width: 700px) 100vw, 700px\" \/><\/b><\/p>\n<p><strong>Andr\u00e9 B\u00e9cot<\/strong> a \u00e9tudi\u00e9 \u00e0 l\u2019\u00c9cole des beaux-arts de Montr\u00e9al et \u00e0 l\u2019Universit\u00e9 de Qu\u00e9bec \u00e0 Montr\u00e9al.Depuis 1970,il participe \u00e0 de nombreuses expositions individuelles et collectives et il effectue de nombreux stages au Qu\u00e9bec,aux Etats-Unis,en France et en Italie.Dans la cr\u00e9ation de ses \u0153uvres,il utilise \u00e0 l\u2019occasion les nouvelles technologies.De plus,depuis plusieurs ann\u00e9es,il organise de nombreux \u00e9v\u00e9nements dans le domaine des arts visuels,notamment pour le Club des collectionneurs en arts visuels de Qu\u00e9bec.Son travail actuel est concentr\u00e9 sur la repr\u00e9sentation de symboles et d\u2019ic\u00f4nes politiques,sociales et \u00e9conomiques.<\/p>\n<p class=\"p2\" style=\"color: #606060;\">\n","protected":false},"excerpt":{"rendered":"<p>De l\u2019art oratoire \u00e0 l\u2019art actuel | Marc Bellemare, collectionneur engag\u00e9 Rencontre avec\u00a0Marc Bellemare. ___________________________________ (Lien vers la 1er \u00e9dition,\u00e9galement sous la pr\u00e9sidence d&rsquo;honneur de Marc Bellemare) LEZARTS QU\u00c9BEC (16-10-14)&hellip; <\/p>\n","protected":false},"author":1,"featured_media":0,"comment_status":"open","ping_status":"open","sticky":false,"template":"","format":"standard","meta":{"_exactmetrics_skip_tracking":false,"_exactmetrics_sitenote_active":false,"_exactmetrics_sitenote_note":"","_exactmetrics_sitenote_category":0,"footnotes":""},"categories":[22,17,18,21,19],"tags":[388,34,384,385,386,429,382,67,118,387,377,35,379,344,381,58,383,378,394,430,395,392,390,367,380,393,356,37,389,391,40],"class_list":["post-2421","post","type-post","status-publish","format-standard","hentry","category-catalogues","category-conference","category-evenement","category-vente-aux-encheres-doeuvres-dart","category-vernissage","tag-amelie-laurence-fortin","tag-andre-becot","tag-andree-demers-roberge","tag-annie-descoteaux","tag-anouk-desloges","tag-catherine-eve-gadoury","tag-charles-etienne-brochu","tag-club-des-collectionneurs-en-arts-visuels-de-quebec-marc-bellemare","tag-cooke-sasseville","tag-cynthia-dinan-mitchell","tag-fnoune-taha","tag-foire-en-arts-actuel","tag-gabrielle-bouchard","tag-jeanne-couture","tag-louis-bouvier","tag-marc-bellemare-collectionneur","tag-marc-antoine-cote","tag-marie-pierre-april","tag-matt-shane","tag-matv-ca_quebec","tag-max-wyse","tag-nadie-ostiguy","tag-pierre-et-marie","tag-quebec-scope","tag-raphael-benedict","tag-sarah-pupo","tag-serge-philippe-tremblay","tag-studio-becot","tag-sylvie-larouche","tag-virginie-mercure","tag-visuals-arts"],"_links":{"self":[{"href":"https:\/\/galeriebecot.com\/index.php?rest_route=\/wp\/v2\/posts\/2421","targetHints":{"allow":["GET"]}}],"collection":[{"href":"https:\/\/galeriebecot.com\/index.php?rest_route=\/wp\/v2\/posts"}],"about":[{"href":"https:\/\/galeriebecot.com\/index.php?rest_route=\/wp\/v2\/types\/post"}],"author":[{"embeddable":true,"href":"https:\/\/galeriebecot.com\/index.php?rest_route=\/wp\/v2\/users\/1"}],"replies":[{"embeddable":true,"href":"https:\/\/galeriebecot.com\/index.php?rest_route=%2Fwp%2Fv2%2Fcomments&post=2421"}],"version-history":[{"count":109,"href":"https:\/\/galeriebecot.com\/index.php?rest_route=\/wp\/v2\/posts\/2421\/revisions"}],"predecessor-version":[{"id":2898,"href":"https:\/\/galeriebecot.com\/index.php?rest_route=\/wp\/v2\/posts\/2421\/revisions\/2898"}],"wp:attachment":[{"href":"https:\/\/galeriebecot.com\/index.php?rest_route=%2Fwp%2Fv2%2Fmedia&parent=2421"}],"wp:term":[{"taxonomy":"category","embeddable":true,"href":"https:\/\/galeriebecot.com\/index.php?rest_route=%2Fwp%2Fv2%2Fcategories&post=2421"},{"taxonomy":"post_tag","embeddable":true,"href":"https:\/\/galeriebecot.com\/index.php?rest_route=%2Fwp%2Fv2%2Ftags&post=2421"}],"curies":[{"name":"wp","href":"https:\/\/api.w.org\/{rel}","templated":true}]}}