{"id":2398,"date":"2014-08-30T11:24:20","date_gmt":"2014-08-30T15:24:20","guid":{"rendered":"http:\/\/www.clubdescollectionneursenartsvisuelsdequebec.com\/?p=2398"},"modified":"2014-09-12T11:29:54","modified_gmt":"2014-09-12T15:29:54","slug":"phelipe-soldevilaapple","status":"publish","type":"post","link":"https:\/\/galeriebecot.com\/?p=2398","title":{"rendered":"Phelipe Soldevila\/Apple"},"content":{"rendered":"<p><a title=\"Phelipe\" href=\"http:\/\/ici.radio-canada.ca\/regions\/quebec\/2014\/09\/11\/008-phelipe-soldevila-artiste-quebec-iphone6.shtml\">Une oeuvre du peintre et artiste muraliste de Qu\u00e9bec Phelipe Soldevila se retrouve dans la campagne promotionnelle du nouveau IPhone 6\u00a0d&rsquo;Apple.<\/a><\/p>\n<p><a title=\"Phelipe\" href=\"http:\/\/ici.radio-canada.ca\/regions\/quebec\/2014\/09\/11\/008-phelipe-soldevila-artiste-quebec-iphone6.shtml\">Sur YouTube, la vid\u00e9o promotionnelle a \u00e9t\u00e9 vue plus de 2 millions de\u00a0fois.<\/a><\/p>\n<p><a title=\"Phelipe\" href=\"http:\/\/ici.radio-canada.ca\/regions\/quebec\/2014\/09\/11\/008-phelipe-soldevila-artiste-quebec-iphone6.shtml\">Phelipe Soldevila a vu hier pour la premi\u00e8re fois la publicit\u00e9 qui renferme une image d&rsquo;une de ses \u0153uvres, une peinture murale intitul\u00e9e\u00a0<i>Connaissance<\/i>.<\/a><\/p>\n<p><a title=\"Phelipe\" href=\"http:\/\/ici.radio-canada.ca\/regions\/quebec\/2014\/09\/11\/008-phelipe-soldevila-artiste-quebec-iphone6.shtml\">Il se dit tr\u00e8s heureux de la visibilit\u00e9 que cela lui\u00a0procure.<\/a><\/p>\n<p><a title=\"Phelipe\" href=\"http:\/\/ici.radio-canada.ca\/regions\/quebec\/2014\/09\/11\/008-phelipe-soldevila-artiste-quebec-iphone6.shtml\">\u00ab\u00a0Je pense que je ne pourrais pas demander mieux en ce moment comme pub. En m\u00eame temps, c&rsquo;est quelques secondes sur une vid\u00e9o d&rsquo;introduction, mais c&rsquo;est une belle consid\u00e9ration. Je suis flatt\u00e9\u00a0\u00bb,\u00a0dit-il.<\/a><\/p>\n<p><a title=\"Phelipe\" href=\"http:\/\/ici.radio-canada.ca\/regions\/quebec\/2014\/09\/11\/008-phelipe-soldevila-artiste-quebec-iphone6.shtml\">C&rsquo;est un reportage dans un magazine culturel \u00e9mergent de Montr\u00e9al qui a fait d\u00e9couvrir le travail de Phelipe Soldevila \u00e0 Apple. L&rsquo;entreprise a communiqu\u00e9 avec l&rsquo;artiste il y a plus d&rsquo;un an et demi pour obtenir la permission d&rsquo;utiliser cette\u00a0image.<\/a><\/p>\n<p><a title=\"Phelipe\" href=\"http:\/\/ici.radio-canada.ca\/regions\/quebec\/2014\/09\/11\/008-phelipe-soldevila-artiste-quebec-iphone6.shtml\">\u00ab\u00a0Je trouve que c&rsquo;est une attention qui est tr\u00e8s appr\u00e9ci\u00e9e d&rsquo;une aussi grosse corporation que \u00e7a. On s&rsquo;entend qu&rsquo;Apple, c&rsquo;est diffus\u00e9 partout dans le monde et ils vont faire la traduction en espagnol, en mandarin, en allemand, \u00e7a va \u00eatre la m\u00eame vid\u00e9o de pr\u00e9sentation\u00a0\u00bb,\u00a0souligne-t-il.<\/a><\/p>\n<p><a title=\"Phelipe\" href=\"http:\/\/ici.radio-canada.ca\/regions\/quebec\/2014\/09\/11\/008-phelipe-soldevila-artiste-quebec-iphone6.shtml\">Son oeuvre\u00a0<i>Connaissance<\/i>\u00a0avait \u00e9t\u00e9 cr\u00e9\u00e9e pour le compte d&rsquo;un particulier lors d&rsquo;un s\u00e9jour \u00e0 l&rsquo;\u00eele de la R\u00e9union en\u00a02012.<\/a><\/p>\n<p><a title=\"Phelipe\" href=\"http:\/\/ici.radio-canada.ca\/regions\/quebec\/2014\/09\/11\/008-phelipe-soldevila-artiste-quebec-iphone6.shtml\">Phelipe Soldevila n&rsquo;a pas re\u00e7u d&rsquo;argent du g\u00e9ant Apple puisqu&rsquo;il a c\u00e9d\u00e9 ses droits pour l&rsquo;utilisation de son\u00a0image.<\/a><\/p>\n<p><a title=\"Phelipe\" href=\"http:\/\/ici.radio-canada.ca\/regions\/quebec\/2014\/09\/11\/008-phelipe-soldevila-artiste-quebec-iphone6.shtml\">\u00a0<\/a><\/p>\n","protected":false},"excerpt":{"rendered":"<p>Une oeuvre du peintre et artiste muraliste de Qu\u00e9bec Phelipe Soldevila se retrouve dans la campagne promotionnelle du nouveau IPhone 6\u00a0d&rsquo;Apple. Sur YouTube, la vid\u00e9o promotionnelle a \u00e9t\u00e9 vue plus&hellip; <\/p>\n","protected":false},"author":1,"featured_media":0,"comment_status":"open","ping_status":"open","sticky":false,"template":"","format":"standard","meta":{"_exactmetrics_skip_tracking":false,"_exactmetrics_sitenote_active":false,"_exactmetrics_sitenote_note":"","_exactmetrics_sitenote_category":0,"footnotes":""},"categories":[20],"tags":[34,6,66,58,342,37,40],"class_list":["post-2398","post","type-post","status-publish","format-standard","hentry","category-article-descriptif","tag-andre-becot","tag-club-des-collectionneurs-en-arts-visuels-de-quebec","tag-club-des-collectionneurs-en-arts-visuels-de-quebec-studio-becot","tag-marc-bellemare-collectionneur","tag-pelipe-soldevila","tag-studio-becot","tag-visuals-arts"],"_links":{"self":[{"href":"https:\/\/galeriebecot.com\/index.php?rest_route=\/wp\/v2\/posts\/2398","targetHints":{"allow":["GET"]}}],"collection":[{"href":"https:\/\/galeriebecot.com\/index.php?rest_route=\/wp\/v2\/posts"}],"about":[{"href":"https:\/\/galeriebecot.com\/index.php?rest_route=\/wp\/v2\/types\/post"}],"author":[{"embeddable":true,"href":"https:\/\/galeriebecot.com\/index.php?rest_route=\/wp\/v2\/users\/1"}],"replies":[{"embeddable":true,"href":"https:\/\/galeriebecot.com\/index.php?rest_route=%2Fwp%2Fv2%2Fcomments&post=2398"}],"version-history":[{"count":4,"href":"https:\/\/galeriebecot.com\/index.php?rest_route=\/wp\/v2\/posts\/2398\/revisions"}],"predecessor-version":[{"id":2402,"href":"https:\/\/galeriebecot.com\/index.php?rest_route=\/wp\/v2\/posts\/2398\/revisions\/2402"}],"wp:attachment":[{"href":"https:\/\/galeriebecot.com\/index.php?rest_route=%2Fwp%2Fv2%2Fmedia&parent=2398"}],"wp:term":[{"taxonomy":"category","embeddable":true,"href":"https:\/\/galeriebecot.com\/index.php?rest_route=%2Fwp%2Fv2%2Fcategories&post=2398"},{"taxonomy":"post_tag","embeddable":true,"href":"https:\/\/galeriebecot.com\/index.php?rest_route=%2Fwp%2Fv2%2Ftags&post=2398"}],"curies":[{"name":"wp","href":"https:\/\/api.w.org\/{rel}","templated":true}]}}