{"id":2382,"date":"2014-09-04T17:23:10","date_gmt":"2014-09-04T21:23:10","guid":{"rendered":"http:\/\/www.clubdescollectionneursenartsvisuelsdequebec.com\/?p=2382"},"modified":"2014-09-04T17:27:15","modified_gmt":"2014-09-04T21:27:15","slug":"andreanne-jacques-nathalie-vanderveken11-septembre-au-12-octobre-2014","status":"publish","type":"post","link":"https:\/\/galeriebecot.com\/?p=2382","title":{"rendered":"Andr\u00e9anne Jacques \/ Nathalie Vanderveken,11 septembre au 12 octobre 2014"},"content":{"rendered":"<p><a title=\"Galerie des arts visuels\" href=\"https:\/\/www.arv.ulaval.ca\/galerie\/index.html\"><img loading=\"lazy\" decoding=\"async\" class=\"alignnone size-full wp-image-2386\" src=\"https:\/\/www.galeriebecot.com\/wp-content\/uploads\/2014\/09\/ARV-vitrine-galerie.jpg\" alt=\"ARV-vitrine-galerie\" width=\"600\" height=\"250\" srcset=\"https:\/\/galeriebecot.com\/wp-content\/uploads\/2014\/09\/ARV-vitrine-galerie.jpg 600w, https:\/\/galeriebecot.com\/wp-content\/uploads\/2014\/09\/ARV-vitrine-galerie-300x125.jpg 300w\" sizes=\"auto, (max-width: 600px) 100vw, 600px\" \/><\/a><\/p>\n<p><strong>pr\u00e9c\u00e9d\u00e9 d\u2019une rencontre avec les artistes d\u00e8s 16h30<br \/>\n<\/strong>et<br \/>\n<strong>lancement de la collection Phosphore<br \/>\n<\/strong><\/p>\n<p>La Galerie des arts visuels pr\u00e9sente les \u0153uvres de deux jeunes artistes finissantes \u00e0 la ma\u00eetrise en arts visuels de l\u2019\u00c9cole des arts visuels et m\u00e9diatiques. S\u00e9lectionn\u00e9es par jury, Andr\u00e9anne Jacques et Nathalie Vanderveken pr\u00e9sentent ainsi pour la toute premi\u00e8re fois leur recherche dans un contexte professionnel. Elles explorent toutes deux la ligne, le trait, le trac\u00e9 et le plan dans des \u0153uvres graphiques t\u00e9moignant d\u2019une m\u00eame sensibilit\u00e9.<br \/>\nChez Andr\u00e9anne Jacques, le trait sur papier, la ligne filante du tissage, le fil \u00e0 broder composent sur la feuille ou la toile des espaces mobiles. Le geste est r\u00e9p\u00e9t\u00e9 de mani\u00e8re m\u00e9thodique tel un rituel, une r\u00e9sistance du temps, du faire. Il donne lieu \u00e0 des champs graphiques toujours en devenir qui mettent en lumi\u00e8re le processus qui leur a donn\u00e9 forme et nous confrontent \u00e0 leur non-finitude.<\/p>\n<p>Nathalie Vanderveken voit dans les patrons de couture l\u2019occasion d\u2019une exploration des limites du corps. Elle les transforme, op\u00e8re de nombreuses d\u00e9rives et d\u00e9tournements. Bient\u00f4t, les dessins, montages ou cahiers d\u2019\u00e9tudes suscitent de multiples \u00e9vocations. Les lignes et profils devant mener \u00e0 la conception du v\u00eatement adoptent une autre \u00e9chelle, se transforment bient\u00f4t en esquisses architecturales, en trac\u00e9s d\u2019autoroutes improbables ou en plans de territoires imaginaires.<\/p>\n<p><strong>LANCEMENT<\/strong><br \/>\n\u00c0 noter qu\u2019\u00e0 l\u2019occasion de ce vernissage trois publications de la toute nouvelle collection d\u2019essais sur l\u2019art\u00a0<em>Phosphore<\/em>seront lanc\u00e9es. \u00c9dit\u00e9e par les Presses de l\u2019Universit\u00e9 Laval,\u00a0<em>Phosphore<\/em>\u00a0fut cr\u00e9\u00e9e en 2012 par Marie-Christiane Mathieu, professeure \u00e0 l\u2019\u00c9cole des arts visuels. Seront lanc\u00e9s le 11 septembre:\u00a0<em>L\u2019a-maison<\/em>, qui examine, \u00e0 travers les textes de Georges Teyssot, de Jacques Perron et de Marie-Christiane Mathieu, la pr\u00e9sence du corps dans l\u2019espace domestique;\u00a0<em>Menlo Park<\/em>, issu d\u2019un projet de recherche de Olivier Asselin, Suzanne Leblanc et Davis Tomas et dont les \u0153uvres furent prs\u00e9ent\u00e9e en 2010 \u00e0 la Galerie des arts visuels; enfin,\u00a0<em>L\u2019Objet<\/em>\u00a0auquel ont collabor\u00e9: Marcel Jean, Richard Baillargeon, Ren\u00e9e Bourassa, Francine Chain\u00e9, Andr\u00e9anne Jacques, Suzanne Leblanc, Bernard Paquet, Guillaume Adjutor Provost et Marie-Christiane Mathieu.<\/p>\n<p>&nbsp;<\/p>\n","protected":false},"excerpt":{"rendered":"<p>pr\u00e9c\u00e9d\u00e9 d\u2019une rencontre avec les artistes d\u00e8s 16h30 et lancement de la collection Phosphore La Galerie des arts visuels pr\u00e9sente les \u0153uvres de deux jeunes artistes finissantes \u00e0 la ma\u00eetrise&hellip; <\/p>\n","protected":false},"author":1,"featured_media":0,"comment_status":"open","ping_status":"open","sticky":false,"template":"","format":"standard","meta":{"_exactmetrics_skip_tracking":false,"_exactmetrics_sitenote_active":false,"_exactmetrics_sitenote_note":"","_exactmetrics_sitenote_category":0,"footnotes":""},"categories":[18,19],"tags":[34,339,67,66,33,58,340,37,40],"class_list":["post-2382","post","type-post","status-publish","format-standard","hentry","category-evenement","category-vernissage","tag-andre-becot","tag-andreanne-jacques","tag-club-des-collectionneurs-en-arts-visuels-de-quebec-marc-bellemare","tag-club-des-collectionneurs-en-arts-visuels-de-quebec-studio-becot","tag-marc-bellemare","tag-marc-bellemare-collectionneur","tag-nathalie-vanderveken","tag-studio-becot","tag-visuals-arts"],"_links":{"self":[{"href":"https:\/\/galeriebecot.com\/index.php?rest_route=\/wp\/v2\/posts\/2382","targetHints":{"allow":["GET"]}}],"collection":[{"href":"https:\/\/galeriebecot.com\/index.php?rest_route=\/wp\/v2\/posts"}],"about":[{"href":"https:\/\/galeriebecot.com\/index.php?rest_route=\/wp\/v2\/types\/post"}],"author":[{"embeddable":true,"href":"https:\/\/galeriebecot.com\/index.php?rest_route=\/wp\/v2\/users\/1"}],"replies":[{"embeddable":true,"href":"https:\/\/galeriebecot.com\/index.php?rest_route=%2Fwp%2Fv2%2Fcomments&post=2382"}],"version-history":[{"count":4,"href":"https:\/\/galeriebecot.com\/index.php?rest_route=\/wp\/v2\/posts\/2382\/revisions"}],"predecessor-version":[{"id":2388,"href":"https:\/\/galeriebecot.com\/index.php?rest_route=\/wp\/v2\/posts\/2382\/revisions\/2388"}],"wp:attachment":[{"href":"https:\/\/galeriebecot.com\/index.php?rest_route=%2Fwp%2Fv2%2Fmedia&parent=2382"}],"wp:term":[{"taxonomy":"category","embeddable":true,"href":"https:\/\/galeriebecot.com\/index.php?rest_route=%2Fwp%2Fv2%2Fcategories&post=2382"},{"taxonomy":"post_tag","embeddable":true,"href":"https:\/\/galeriebecot.com\/index.php?rest_route=%2Fwp%2Fv2%2Ftags&post=2382"}],"curies":[{"name":"wp","href":"https:\/\/api.w.org\/{rel}","templated":true}]}}