{"id":2352,"date":"2014-08-26T09:02:56","date_gmt":"2014-08-26T13:02:56","guid":{"rendered":"http:\/\/www.clubdescollectionneursenartsvisuelsdequebec.com\/?p=2352"},"modified":"2014-09-01T09:11:27","modified_gmt":"2014-09-01T13:11:27","slug":"helene-larouche-exposition-et-conference","status":"publish","type":"post","link":"https:\/\/galeriebecot.com\/?p=2352","title":{"rendered":"H\u00e9l\u00e8ne Larouche exposition et conf\u00e9rence"},"content":{"rendered":"<p><span class=\"Apple-style-span\" style=\"color: #141823;\">La Soci\u00e9t\u00e9 d\u2019art et d\u2019histoire de Beauport pr\u00e9sente, du 24 ao\u00fbt au 21 septembre 2014, l\u2019exposition collective Qu\u00e9bec-France en art figuratif \u00ab 1000 et une \u00e2mes d\u2019artistes \u00bb, en partenariat avec l\u2019Agence Caroline Houde. L\u2019exposition aura lieu \u00e0 la Salle Jean Paul-Lemieux de Qu\u00e9bec (arrondissement de Beauport), situ\u00e9e a<span class=\"text_exposed_show\">u 3515, rue Clemenceau. Le vernissage se tiendra le jeudi, 28 ao\u00fbt 2014, \u00e0 17h. Plusieurs artistes provenant de diverses r\u00e9gions du Qu\u00e9bec et de la France seront pr\u00e9sents lors du vernissage. Venez les rencontrer et \u00e9changer avec eux.<\/span><\/span><\/p>\n<p><a href=\"https:\/\/www.galeriebecot.com\/wp-content\/uploads\/2014\/08\/Helene-Larouche.jpg\"><img loading=\"lazy\" decoding=\"async\" class=\"alignnone size-full wp-image-2355\" src=\"https:\/\/www.galeriebecot.com\/wp-content\/uploads\/2014\/08\/Helene-Larouche.jpg\" alt=\"Helene Larouche\" width=\"960\" height=\"567\" srcset=\"https:\/\/galeriebecot.com\/wp-content\/uploads\/2014\/08\/Helene-Larouche.jpg 960w, https:\/\/galeriebecot.com\/wp-content\/uploads\/2014\/08\/Helene-Larouche-300x177.jpg 300w\" sizes=\"auto, (max-width: 960px) 100vw, 960px\" \/><\/a><\/p>\n<p>&nbsp;<\/p>\n<p><a title=\"Salle Jean Paul Lemieux\" href=\"http:\/\/www.sahb.ca\/exposer.html\"><strong>Salle Jean Paul Lemieux 3515,rue Clemenceau,Qu\u00e9bec.Qc<\/strong><\/a><\/p>\n<p>Pr\u00e8s d\u2019une cinquantaine de peintures, sculptures, photographies et illustrations seront expos\u00e9es. Les \u0153uvres pr\u00e9sent\u00e9es sont li\u00e9es par la pr\u00e9sence syst\u00e9matique d\u2019\u00e9l\u00e9ments figuratifs, en d\u00e9pit de leurs dissemblances au niveau des styles. Parfois \u00e0 la limite du surr\u00e9alisme, de l\u2019expressionnisme, de l\u2019abstraction, du \u00ab street art \u00bb, du Pop art, de l\u2019art na\u00eff, etc., les influences en arts figuratifs actuels sont nombreuses et renouvel\u00e9es en fonction de l\u2019\u00e9volution des regards, des techniques et aussi, des changements sociaux. En faisant volontairement fi d\u2019imposer un th\u00e8me aux artistes du collectif, il en r\u00e9sulte un microcosme repr\u00e9sentatif de l\u2019art figuratif et de sa diversit\u00e9.<\/p>\n<p>Dans le cadre de l\u2019exposition, des activit\u00e9s de m\u00e9diation culturelle seront offertes au public. Le samedi, 6 septembre 2014 \u00e0 14 h, l\u2019artiste Richard Morin pr\u00e9sentera sa conf\u00e9rence Sans concession, o\u00f9 il d\u00e9voilera un survol de son parcours, de son processus de cr\u00e9ation et de sa d\u00e9marche actuelle.<\/p>\n<p>Le samedi, 13 septembre 2014, \u00e0 14 h, la peintre et sculpteure H\u00e9l\u00e8ne Larouche pr\u00e9sentera sa conf\u00e9rence Int\u00e9grer la cr\u00e9ation au quotidien o\u00f9 elle partagera des anecdotes in\u00e9dites entourant son parcours, sa d\u00e9marche et la mani\u00e8re dont elle int\u00e8gre la cr\u00e9ation dans son quotidien de femme artiste, m\u00e8re et intervenante dans le milieu culturel de la Ville de Qu\u00e9bec.<\/p>\n<p>\u00c0 travers cet \u00e9v\u00e9nement, nous souhaitons cr\u00e9er un espace de rencontre privil\u00e9gi\u00e9 entre les citoyens, les artistes et diff\u00e9rents acteurs du milieu des affaires et de la culture et ainsi, encourager le d\u00e9veloppement de nouveaux publics et du march\u00e9 de l\u2019art au Qu\u00e9bec. Ce projet vise \u00e9galement la construction et la p\u00e9rennisation de liens d\u2019\u00e9changes entre des artistes du Qu\u00e9bec et de la France<\/p>\n<p>Les artistes exposants :<br \/>\nV\u00e9ronique Wibaux-Gouy (Chartres, France); Alain Pon\u00e7on (Saint-Maur-sur-le-Loir, France); H\u00e9l\u00e8ne Larouche (Qu\u00e9bec, Qc); Richard Morin (Montr\u00e9al, Qc); Isabelle Houde (Qu\u00e9bec, Qc);<br \/>\nPascal Leo Cormier (Montr\u00e9al, Qc); Virginie Tanguay (Roberval, Qc); \u00c9milie Goulet (Qu\u00e9bec, Qc); Joseph-Richard Veilleux (Saint-Georges, Qc); Bruno Antony (Angers, France); Ann Saint-Gelais (Saguenay, Qc); Michel Tanguay (Ste-Hedwidge, Qc); Caroline Houde (Saint-Apollinaire, Qc); S\u00e9bastien Moreau (Waterloo, Qc)<\/p>\n<p>Pour obtenir de plus amples informations :\u00a0<a style=\"color: #3b5998;\" href=\"http:\/\/www.carolinehoude.com\/\" target=\"_blank\" rel=\"nofollow nofollow\">www.carolinehoude.com<\/a><\/p>\n","protected":false},"excerpt":{"rendered":"<p>La Soci\u00e9t\u00e9 d\u2019art et d\u2019histoire de Beauport pr\u00e9sente, du 24 ao\u00fbt au 21 septembre 2014, l\u2019exposition collective Qu\u00e9bec-France en art figuratif \u00ab 1000 et une \u00e2mes d\u2019artistes \u00bb, en partenariat&hellip; <\/p>\n","protected":false},"author":1,"featured_media":0,"comment_status":"open","ping_status":"open","sticky":false,"template":"","format":"standard","meta":{"_exactmetrics_skip_tracking":false,"_exactmetrics_sitenote_active":false,"_exactmetrics_sitenote_note":"","_exactmetrics_sitenote_category":0,"footnotes":""},"categories":[18,19],"tags":[34,333,6,66,35,319,328,320,58,332,327,330,325,322,326,329,323,321,331,324,37,318,40],"class_list":["post-2352","post","type-post","status-publish","format-standard","hentry","category-evenement","category-vernissage","tag-andre-becot","tag-caroline-houde","tag-club-des-collectionneurs-en-arts-visuels-de-quebec","tag-club-des-collectionneurs-en-arts-visuels-de-quebec-studio-becot","tag-foire-en-arts-actuel","tag-france-alain-poncon-saint-maur-sur-le-loir","tag-france-ann-saint-gelais-saguenay","tag-france-helene-larouche-quebec","tag-marc-bellemare-collectionneur","tag-qc","tag-qc-bruno-antony-angers","tag-qc-caroline-houde-saint-apollinaire","tag-qc-emilie-goulet-quebec","tag-qc-isabelle-houde-quebec","tag-qc-joseph-richard-veilleux-saint-georges","tag-qc-michel-tanguay-ste-hedwidge","tag-qc-pascal-leo-cormier-montreal","tag-qc-richard-morin-montreal","tag-qc-sebastien-moreau-waterloo","tag-qc-virginie-tanguay-roberval","tag-studio-becot","tag-veronique-wibaux-gouy-chartres","tag-visuals-arts"],"_links":{"self":[{"href":"https:\/\/galeriebecot.com\/index.php?rest_route=\/wp\/v2\/posts\/2352","targetHints":{"allow":["GET"]}}],"collection":[{"href":"https:\/\/galeriebecot.com\/index.php?rest_route=\/wp\/v2\/posts"}],"about":[{"href":"https:\/\/galeriebecot.com\/index.php?rest_route=\/wp\/v2\/types\/post"}],"author":[{"embeddable":true,"href":"https:\/\/galeriebecot.com\/index.php?rest_route=\/wp\/v2\/users\/1"}],"replies":[{"embeddable":true,"href":"https:\/\/galeriebecot.com\/index.php?rest_route=%2Fwp%2Fv2%2Fcomments&post=2352"}],"version-history":[{"count":6,"href":"https:\/\/galeriebecot.com\/index.php?rest_route=\/wp\/v2\/posts\/2352\/revisions"}],"predecessor-version":[{"id":2359,"href":"https:\/\/galeriebecot.com\/index.php?rest_route=\/wp\/v2\/posts\/2352\/revisions\/2359"}],"wp:attachment":[{"href":"https:\/\/galeriebecot.com\/index.php?rest_route=%2Fwp%2Fv2%2Fmedia&parent=2352"}],"wp:term":[{"taxonomy":"category","embeddable":true,"href":"https:\/\/galeriebecot.com\/index.php?rest_route=%2Fwp%2Fv2%2Fcategories&post=2352"},{"taxonomy":"post_tag","embeddable":true,"href":"https:\/\/galeriebecot.com\/index.php?rest_route=%2Fwp%2Fv2%2Ftags&post=2352"}],"curies":[{"name":"wp","href":"https:\/\/api.w.org\/{rel}","templated":true}]}}