{"id":2303,"date":"2014-09-19T10:28:12","date_gmt":"2014-09-19T14:28:12","guid":{"rendered":"http:\/\/www.clubdescollectionneursenartsvisuelsdequebec.com\/?p=2303"},"modified":"2014-09-25T12:38:59","modified_gmt":"2014-09-25T16:38:59","slug":"invernessrencontre-avec-le-club-des-collectionneurs-en-arts-visuels-de-quebec","status":"publish","type":"post","link":"https:\/\/galeriebecot.com\/?p=2303","title":{"rendered":"Le club des collectionneurs en Arts Visuels de Qu\u00e9bec au Mus\u00e9e du bronze d&rsquo;Inverness"},"content":{"rendered":"<div class=\"mimepart text html\">\n<p>\u00a0<a title=\"Club Inverness\" href=\"http:\/\/www.lanouvelle.net\/Culture\/2014-09-22\/article-3878421\/Des-collectionneurs-au-Musee-du-bronze-dInverness\/1\"><img loading=\"lazy\" decoding=\"async\" class=\"alignnone size-full wp-image-2489\" src=\"https:\/\/www.galeriebecot.com\/wp-content\/uploads\/2014\/09\/Union.jpg\" alt=\"Union\" width=\"424\" height=\"100\" srcset=\"https:\/\/galeriebecot.com\/wp-content\/uploads\/2014\/09\/Union.jpg 424w, https:\/\/galeriebecot.com\/wp-content\/uploads\/2014\/09\/Union-300x70.jpg 300w\" sizes=\"auto, (max-width: 424px) 100vw, 424px\" \/><\/a><\/p>\n<p><a title=\"Club Inverness\" href=\"http:\/\/www.lanouvelle.net\/Culture\/2014-09-22\/article-3878421\/Des-collectionneurs-au-Musee-du-bronze-dInverness\/1\"><img loading=\"lazy\" decoding=\"async\" class=\"alignnone size-full wp-image-2485\" src=\"https:\/\/www.galeriebecot.com\/wp-content\/uploads\/2014\/09\/Club-Invernessok.jpg\" alt=\"Club Invernessok\" width=\"648\" height=\"496\" srcset=\"https:\/\/galeriebecot.com\/wp-content\/uploads\/2014\/09\/Club-Invernessok.jpg 648w, https:\/\/galeriebecot.com\/wp-content\/uploads\/2014\/09\/Club-Invernessok-300x229.jpg 300w\" sizes=\"auto, (max-width: 648px) 100vw, 648px\" \/><\/a><\/p>\n<p>Photographe:Yves Charlebois<\/p>\n<p><a title=\"Club Inverness\" href=\"http:\/\/www.lanouvelle.net\/Culture\/2014-09-22\/article-3878421\/Des-collectionneurs-au-Musee-du-bronze-dInverness\/1\">PLESSISVILLE. La d\u00e9put\u00e9e d&rsquo;Arthabaska, Sylvie Roy, recevait le dimanche 21 septembre une soixantaine de membres du Club des collectionneurs en Arts Visuels\u00a0de Qu\u00e9bec pour les int\u00e9resser aux sculptures de bronze r\u00e9alis\u00e9es \u00e0 Inverness.<\/a><\/p>\n<p style=\"color: #1a1a1a;\"><a title=\"Club Inverness\" href=\"http:\/\/www.lanouvelle.net\/Culture\/2014-09-22\/article-3878421\/Des-collectionneurs-au-Musee-du-bronze-dInverness\/1\">\u00abLe magnifique mus\u00e9e d&rsquo;Inverness ne re\u00e7oit pas d&rsquo;appui financier du gouvernement du Qu\u00e9bec, sauf pour des expositions sp\u00e9ciales. Son financement provient de dons et de la vente de pi\u00e8ces. L&rsquo;id\u00e9e, c&rsquo;\u00e9tait d&rsquo;amener \u00e0 Inverness des clients potentiels pour aider le mus\u00e9e\u00bb, de d\u00e9clarer Mme Roy.<\/a><\/p>\n<p style=\"color: #1a1a1a;\"><a title=\"Club Inverness\" href=\"http:\/\/www.lanouvelle.net\/Culture\/2014-09-22\/article-3878421\/Des-collectionneurs-au-Musee-du-bronze-dInverness\/1\">Le pr\u00e9sident du club, Me Marc Bellemare, a \u00e9t\u00e9 tr\u00e8s surpris et emball\u00e9 par la qualit\u00e9 des \u0153uvres r\u00e9alis\u00e9es \u00e0 Inverness. Ces prestigieux collectionneurs ont pu assister \u00e0 la d\u00e9monstration des pr\u00e9paratifs, \u00e0 la fabrication d&rsquo;un moule de sable ainsi que de la coul\u00e9e d&rsquo;une pi\u00e8ce en bronze. Les sculpteurs G\u00e9rard\u00a0B\u00e9langer et Aristide Gagnon \u00e9taient sur place pour partager leur passion de la sculpture sur bronze&#8230;&#8230;&#8230;..<\/a><\/p>\n<p>\u00a0<a href=\"https:\/\/www.galeriebecot.com\/wp-content\/uploads\/2014\/09\/Groupe-1.jpg\"><img loading=\"lazy\" decoding=\"async\" class=\"alignnone size-full wp-image-2496\" src=\"https:\/\/www.galeriebecot.com\/wp-content\/uploads\/2014\/09\/Groupe-1.jpg\" alt=\"Groupe 1\" width=\"576\" height=\"385\" srcset=\"https:\/\/galeriebecot.com\/wp-content\/uploads\/2014\/09\/Groupe-1.jpg 576w, https:\/\/galeriebecot.com\/wp-content\/uploads\/2014\/09\/Groupe-1-300x200.jpg 300w\" sizes=\"auto, (max-width: 576px) 100vw, 576px\" \/><\/a><\/p>\n<p>Pr\u00e9paration du moule dans le sable<\/p>\n<p><a href=\"https:\/\/www.galeriebecot.com\/wp-content\/uploads\/2014\/09\/groupe-4.jpg\"><img loading=\"lazy\" decoding=\"async\" class=\"alignnone size-full wp-image-2499\" src=\"https:\/\/www.galeriebecot.com\/wp-content\/uploads\/2014\/09\/groupe-4.jpg\" alt=\"groupe 4\" width=\"576\" height=\"385\" srcset=\"https:\/\/galeriebecot.com\/wp-content\/uploads\/2014\/09\/groupe-4.jpg 576w, https:\/\/galeriebecot.com\/wp-content\/uploads\/2014\/09\/groupe-4-300x200.jpg 300w\" sizes=\"auto, (max-width: 576px) 100vw, 576px\" \/><\/a><\/p>\n<p>Coul\u00e9e du bronze<\/p>\n<p><a href=\"https:\/\/www.galeriebecot.com\/wp-content\/uploads\/2014\/09\/drapeau_bronze.jpg\"><img loading=\"lazy\" decoding=\"async\" class=\"alignnone size-full wp-image-2500\" src=\"https:\/\/www.galeriebecot.com\/wp-content\/uploads\/2014\/09\/drapeau_bronze.jpg\" alt=\"drapeau_bronze\" width=\"576\" height=\"385\" srcset=\"https:\/\/galeriebecot.com\/wp-content\/uploads\/2014\/09\/drapeau_bronze.jpg 576w, https:\/\/galeriebecot.com\/wp-content\/uploads\/2014\/09\/drapeau_bronze-300x200.jpg 300w\" sizes=\"auto, (max-width: 576px) 100vw, 576px\" \/><\/a><\/p>\n<p>R\u00e9sultat avant finition<\/p>\n<p><a href=\"https:\/\/www.galeriebecot.com\/wp-content\/uploads\/2014\/09\/piece-termin\u00e9ee.jpg\"><img loading=\"lazy\" decoding=\"async\" class=\"alignnone size-full wp-image-2520\" src=\"https:\/\/www.galeriebecot.com\/wp-content\/uploads\/2014\/09\/piece-termin\u00e9ee.jpg\" alt=\"piece termin\u00e9ee\" width=\"572\" height=\"426\" srcset=\"https:\/\/galeriebecot.com\/wp-content\/uploads\/2014\/09\/piece-termin\u00e9ee.jpg 572w, https:\/\/galeriebecot.com\/wp-content\/uploads\/2014\/09\/piece-termin\u00e9ee-300x223.jpg 300w\" sizes=\"auto, (max-width: 572px) 100vw, 572px\" \/><\/a><\/p>\n<p>R\u00e9jeanne Lizotte(artiste)<\/p>\n<p>Me Marc Bellemare\u00a0(fondateur du club des collectionneurs en Arts Visuels de Qu\u00e9bec)<\/p>\n<p>Photographe:Serge Philippe Tremblay<\/p>\n<p><a href=\"https:\/\/www.galeriebecot.com\/wp-content\/uploads\/2014\/09\/Roger.jpg\"><img loading=\"lazy\" decoding=\"async\" class=\"alignnone size-full wp-image-2517\" src=\"https:\/\/www.galeriebecot.com\/wp-content\/uploads\/2014\/09\/Roger.jpg\" alt=\"Roger\" width=\"720\" height=\"478\" srcset=\"https:\/\/galeriebecot.com\/wp-content\/uploads\/2014\/09\/Roger.jpg 720w, https:\/\/galeriebecot.com\/wp-content\/uploads\/2014\/09\/Roger-300x199.jpg 300w\" sizes=\"auto, (max-width: 720px) 100vw, 720px\" \/><\/a><\/p>\n<p>Roger Gingras(m\u00e9tallurgiste et consultant \u00e0 la mise en place de la fonderie d&rsquo;Inverness) G\u00e9rard B\u00e9langer(fondateur)<\/p>\n<p>Photographe:Serge Philippe Tremblay<\/p>\n<p><a href=\"https:\/\/www.galeriebecot.com\/wp-content\/uploads\/2014\/09\/Becot-Frenette1.jpg\"><img loading=\"lazy\" decoding=\"async\" class=\"alignnone size-full wp-image-2523\" src=\"https:\/\/www.galeriebecot.com\/wp-content\/uploads\/2014\/09\/Becot-Frenette1.jpg\" alt=\"Becot Frenette1\" width=\"564\" height=\"478\" srcset=\"https:\/\/galeriebecot.com\/wp-content\/uploads\/2014\/09\/Becot-Frenette1.jpg 564w, https:\/\/galeriebecot.com\/wp-content\/uploads\/2014\/09\/Becot-Frenette1-300x254.jpg 300w\" sizes=\"auto, (max-width: 564px) 100vw, 564px\" \/><\/a><\/p>\n<p>Isabelle Frenette et Andr\u00e9 B\u00e9cot (artistes)<\/p>\n<p><a href=\"https:\/\/www.galeriebecot.com\/wp-content\/uploads\/2014\/09\/Isabelle-sculptOK..jpg\"><img loading=\"lazy\" decoding=\"async\" class=\"alignnone size-full wp-image-2538\" src=\"https:\/\/www.galeriebecot.com\/wp-content\/uploads\/2014\/09\/Isabelle-sculptOK..jpg\" alt=\"Isabelle sculptOK.\" width=\"600\" height=\"558\" srcset=\"https:\/\/galeriebecot.com\/wp-content\/uploads\/2014\/09\/Isabelle-sculptOK..jpg 600w, https:\/\/galeriebecot.com\/wp-content\/uploads\/2014\/09\/Isabelle-sculptOK.-300x279.jpg 300w\" sizes=\"auto, (max-width: 600px) 100vw, 600px\" \/><\/a><\/p>\n<p>Ren\u00e9 Guimond,Jacques Sylvain et Don Darby(artistes) dans la salle Serge Lemoyne<\/p>\n<p>Sculpture de Isabelle Frenette<\/p>\n<p>Photographe:Serge Philippe Tremblay<\/p>\n<p><a href=\"https:\/\/www.galeriebecot.com\/wp-content\/uploads\/2014\/09\/Aristide-2D.jpg\"><img loading=\"lazy\" decoding=\"async\" class=\"alignnone size-full wp-image-2541\" src=\"https:\/\/www.galeriebecot.com\/wp-content\/uploads\/2014\/09\/Aristide-2D.jpg\" alt=\"Aristide 2D\" width=\"596\" height=\"792\" srcset=\"https:\/\/galeriebecot.com\/wp-content\/uploads\/2014\/09\/Aristide-2D.jpg 596w, https:\/\/galeriebecot.com\/wp-content\/uploads\/2014\/09\/Aristide-2D-225x300.jpg 225w\" sizes=\"auto, (max-width: 596px) 100vw, 596px\" \/><\/a><\/p>\n<p>Aristide Gagnon (artiste formateur de G\u00e9rard B\u00e9langer au d\u00e9but de la fonderie d&rsquo;Inverness de 1980 \u00e0 1987)<\/p>\n<p><a href=\"https:\/\/www.galeriebecot.com\/wp-content\/uploads\/2014\/09\/Groupe-2.jpg\"><img loading=\"lazy\" decoding=\"async\" class=\"alignnone size-full wp-image-2497\" src=\"https:\/\/www.galeriebecot.com\/wp-content\/uploads\/2014\/09\/Groupe-2.jpg\" alt=\"Groupe 2\" width=\"575\" height=\"434\" srcset=\"https:\/\/galeriebecot.com\/wp-content\/uploads\/2014\/09\/Groupe-2.jpg 575w, https:\/\/galeriebecot.com\/wp-content\/uploads\/2014\/09\/Groupe-2-300x226.jpg 300w\" sizes=\"auto, (max-width: 575px) 100vw, 575px\" \/><\/a><\/p>\n<p><b><a href=\"https:\/\/www.galeriebecot.com\/wp-content\/uploads\/2014\/09\/groupe3.jpg\"><img loading=\"lazy\" decoding=\"async\" class=\"alignnone size-full wp-image-2498\" src=\"https:\/\/www.galeriebecot.com\/wp-content\/uploads\/2014\/09\/groupe3.jpg\" alt=\"groupe3\" width=\"720\" height=\"514\" srcset=\"https:\/\/galeriebecot.com\/wp-content\/uploads\/2014\/09\/groupe3.jpg 720w, https:\/\/galeriebecot.com\/wp-content\/uploads\/2014\/09\/groupe3-300x214.jpg 300w\" sizes=\"auto, (max-width: 720px) 100vw, 720px\" \/><\/a><\/b><\/p>\n<p>Groupe du club des collectionneurs de Qu\u00e9bec , le Dimanche 21 Septembre 2014, devant le mus\u00e9e du Bronze \u00e0 Inverness.<\/p>\n<p>Photographe:Yves Charlebois<\/p>\n<p><b>D\u00e9tail de la journ\u00e9e (50 places)<\/b><\/p>\n<p>&#8211; D\u00e9part de la Galerie Lacerte le Dimanche 21 Septembre(2014) \u00e0 9h00<\/p>\n<div><a title=\"Exposition Glorieux\" href=\"https:\/\/www.galeriebecot.com\/?p=1970\">Voici le d\u00e9roulement de la journ\u00e9e du 21 septembre 2014<\/a><\/div>\n<div><a title=\"Exposition Glorieux\" href=\"https:\/\/www.galeriebecot.com\/?p=1970\">D\u00e9part de Qu\u00e9bec \u00e0 9h30<\/a><\/div>\n<div><a title=\"Exposition Glorieux\" href=\"https:\/\/www.galeriebecot.com\/?p=1970\">Arriv\u00e9e au Mus\u00e9e 11h<\/a><\/div>\n<div><a title=\"Exposition Glorieux\" href=\"https:\/\/www.galeriebecot.com\/?p=1970\">Surprise<\/a><\/div>\n<div><a title=\"Exposition Glorieux\" href=\"https:\/\/www.galeriebecot.com\/?p=1970\">11h15 Entr\u00e9e au Mus\u00e9e, distribution de gants<\/a><\/div>\n<div><a title=\"Exposition Glorieux\" href=\"https:\/\/www.galeriebecot.com\/?p=1970\">11h30 visite du Mus\u00e9e<\/a><\/div>\n<div><a title=\"Exposition Glorieux\" href=\"https:\/\/www.galeriebecot.com\/?p=1970\">12h30 conf\u00e9rence par Roxanne Huard<\/a><\/div>\n<div><a title=\"Exposition Glorieux\" href=\"https:\/\/www.galeriebecot.com\/?p=1970\">13h lunch<\/a><\/div>\n<div><a title=\"Exposition Glorieux\" href=\"https:\/\/www.galeriebecot.com\/?p=1970\">13h30 coul\u00e9e<\/a><\/div>\n<div><a title=\"Exposition Glorieux\" href=\"https:\/\/www.galeriebecot.com\/?p=1970\">14h Galerie Anne Renard<\/a><\/div>\n<div><a title=\"Exposition Glorieux\" href=\"https:\/\/www.galeriebecot.com\/?p=1970\">15h Galerie Denis Gagnon<\/a><\/div>\n<div><a title=\"Exposition Glorieux\" href=\"https:\/\/www.galeriebecot.com\/?p=1970\">16h Retour<\/a><\/div>\n<div><\/div>\n<div>\n<div>\n<div style=\"color: #000000;\">\n<div>\n<div>Mus\u00e9e du Bronze d&rsquo;Inverness<\/div>\n<\/div>\n<div>1760, rue Dublin,\u00a0Inverness, Qu\u00e9bec \u00a0G0S 1K0<\/div>\n<div>T\u00e9l. : 418 453-2101<\/div>\n<div>Fax : 418 453-7711<\/div>\n<div>\n<div><a style=\"color: #1361d3;\" title=\"R\u00e9diger un courriel \u00e0 museedubronze@gmail.com\" href=\"http:\/\/cw4.videotron.ca\/iwc_static\/js\/dojotoolkit\/dojo\/resources\/blank.html\">museedubronze@gmail.com<\/a><\/div>\n<\/div>\n<div>\n<div><a style=\"color: #1361d3;\" href=\"http:\/\/www.museedubronze.com\/\" target=\"_blank\">http:\/\/www.museedubronze.com<\/a><\/div>\n<\/div>\n<div><a style=\"color: #1361d3;\" href=\"http:\/\/www.facebook.com\/museedubronze\" target=\"_blank\">http:\/\/www.facebook.com\/museedubronze<\/a><\/div>\n<div><a href=\"https:\/\/www.galeriebecot.com\/wp-content\/uploads\/2014\/08\/Autobus.jpg\"><img loading=\"lazy\" decoding=\"async\" class=\"alignnone  wp-image-2306\" src=\"https:\/\/www.galeriebecot.com\/wp-content\/uploads\/2014\/08\/Autobus.jpg\" alt=\"Autobus\" width=\"239\" height=\"167\" \/><\/a><\/div>\n<\/div>\n<\/div>\n<\/div>\n<div>\n<div><\/div>\n<div>\n<div>&#8211; la visite de l\u2019exposition du mus\u00e9e<\/div>\n<div><\/div>\n<div><a href=\"https:\/\/www.galeriebecot.com\/wp-content\/uploads\/2014\/08\/musee_bronze_glorieux.jpg\"><img loading=\"lazy\" decoding=\"async\" class=\"alignnone size-full wp-image-2404\" src=\"https:\/\/www.galeriebecot.com\/wp-content\/uploads\/2014\/08\/musee_bronze_glorieux.jpg\" alt=\"musee_bronze_glorieux\" width=\"423\" height=\"282\" srcset=\"https:\/\/galeriebecot.com\/wp-content\/uploads\/2014\/08\/musee_bronze_glorieux.jpg 423w, https:\/\/galeriebecot.com\/wp-content\/uploads\/2014\/08\/musee_bronze_glorieux-300x200.jpg 300w\" sizes=\"auto, (max-width: 423px) 100vw, 423px\" \/><\/a><\/div>\n<div><\/div>\n<div><\/div>\n<\/div>\n<div>\n<div>&#8211; La d\u00e9monstration de coul\u00e9e avec un \u00e9clat de bronze par personne<\/div>\n<div><\/div>\n<div><a href=\"https:\/\/www.galeriebecot.com\/wp-content\/uploads\/2014\/08\/coulee_bronze2-240x170.jpg\"><img loading=\"lazy\" decoding=\"async\" class=\"alignnone  wp-image-2406\" src=\"https:\/\/www.galeriebecot.com\/wp-content\/uploads\/2014\/08\/coulee_bronze2-240x170.jpg\" alt=\"coulee_bronze2-240x170\" width=\"226\" height=\"160\" \/><\/a><\/div>\n<\/div>\n<div><\/div>\n<div>\n<div>&#8211; Une conf\u00e9rence,sur le cr\u00e9neau bronze, qui retrace aussi l\u2019histoire du Bronze \u00e0 Inverness.<\/div>\n<div><a href=\"https:\/\/www.galeriebecot.com\/wp-content\/uploads\/2014\/08\/conference.jpg\"><img loading=\"lazy\" decoding=\"async\" class=\"alignnone size-full wp-image-2408\" src=\"https:\/\/www.galeriebecot.com\/wp-content\/uploads\/2014\/08\/conference.jpg\" alt=\"conference\" width=\"225\" height=\"224\" srcset=\"https:\/\/galeriebecot.com\/wp-content\/uploads\/2014\/08\/conference.jpg 225w, https:\/\/galeriebecot.com\/wp-content\/uploads\/2014\/08\/conference-150x150.jpg 150w\" sizes=\"auto, (max-width: 225px) 100vw, 225px\" \/><\/a><\/div>\n<div>&#8211; Conf\u00e9renci\u00e8re: Roxanne Huard responsable de l&rsquo;exposition.<\/div>\n<div><\/div>\n<div><a href=\"https:\/\/www.galeriebecot.com\/wp-content\/uploads\/2014\/08\/wine.jpg\"><img loading=\"lazy\" decoding=\"async\" class=\"alignnone  wp-image-2410\" src=\"https:\/\/www.galeriebecot.com\/wp-content\/uploads\/2014\/08\/wine.jpg\" alt=\"wine\" width=\"209\" height=\"217\" srcset=\"https:\/\/galeriebecot.com\/wp-content\/uploads\/2014\/08\/wine.jpg 308w, https:\/\/galeriebecot.com\/wp-content\/uploads\/2014\/08\/wine-288x300.jpg 288w\" sizes=\"auto, (max-width: 209px) 100vw, 209px\" \/><\/a><\/div>\n<div><\/div>\n<div><\/div>\n<div>&#8211; Un lunch et du vin<\/div>\n<div><\/div>\n<div>Co\u00fbt : 20 .00 $<\/div>\n<\/div>\n<div><\/div>\n<div><b>Voir l&#8217;emplacement de la galerie Lacerte en s\u00e9lectionnant le lien suivant:<br \/>\n<\/b><\/div>\n<div><a title=\"Carte situation Lacerte\" href=\"https:\/\/maps.google.ca\/maps?hl=fr-CA&amp;gbv=2&amp;ie=UTF-8&amp;fb=1&amp;gl=ca&amp;sll=46.8166956,-71.2097938&amp;sspn=0.0225552,0.0439462&amp;q=1+C\u00f4te+Dinan,+Qu\u00e9bec,+QC+G1K+3R9&amp;ei=8OEBVNPmMOXLsQTWu4HACQ&amp;ved=0CBMQ8gEoADAA\">Galerie Lacerte<\/a><\/div>\n<div><a title=\"Carte situation Lacerte\" href=\"https:\/\/maps.google.ca\/maps?hl=fr-CA&amp;gbv=2&amp;ie=UTF-8&amp;fb=1&amp;gl=ca&amp;sll=46.8166956,-71.2097938&amp;sspn=0.0225552,0.0439462&amp;q=1+C\u00f4te+Dinan,+Qu\u00e9bec,+QC+G1K+3R9&amp;ei=8OEBVNPmMOXLsQTWu4HACQ&amp;ved=0CBMQ8gEoADAA\"><span class=\"Apple-style-span\" style=\"font-weight: 500;\">1, c\u00f4te Dinan,Qu\u00e9bec, Qc<br \/>\nG1K 3V5,Canada<br \/>\n<\/span><\/a><span class=\"Apple-style-span\" style=\"font-weight: 500;\">(418) 692-1566<\/span><\/div>\n<div><a style=\"color: #023b71;\" href=\"mailto:info@galerielacerte.com\">info@galerielacerte.com<\/a><\/div>\n<\/div>\n<p><span style=\"color: #000000; font-family: Verdana, Arial, Helvetica, sans-serif;\"><b><span style=\"text-decoration: underline;\">\u00a0<\/span><\/b><\/span><\/p>\n<\/div>\n","protected":false},"excerpt":{"rendered":"<p>\u00a0 Photographe:Yves Charlebois PLESSISVILLE. La d\u00e9put\u00e9e d&rsquo;Arthabaska, Sylvie Roy, recevait le dimanche 21 septembre une soixantaine de membres du Club des collectionneurs en Arts Visuels\u00a0de Qu\u00e9bec pour les int\u00e9resser aux&hellip; <\/p>\n","protected":false},"author":1,"featured_media":0,"comment_status":"open","ping_status":"open","sticky":false,"template":"","format":"standard","meta":{"_exactmetrics_skip_tracking":false,"_exactmetrics_sitenote_active":false,"_exactmetrics_sitenote_note":"","_exactmetrics_sitenote_category":0,"footnotes":""},"categories":[18],"tags":[34,53,6,66,275,354,236,347,232,256,58,315,357,348,356,37,355],"class_list":["post-2303","post","type-post","status-publish","format-standard","hentry","category-evenement","tag-andre-becot","tag-aristide-gagnon","tag-club-des-collectionneurs-en-arts-visuels-de-quebec","tag-club-des-collectionneurs-en-arts-visuels-de-quebec-studio-becot","tag-don-darby","tag-eric-veraquin","tag-galerie-anne-renard","tag-galerie-denis-gagnon","tag-gerard-belanger","tag-isabelle-frenette","tag-marc-bellemare-collectionneur","tag-musee-du-bronze-inverness","tag-roger-gingras","tag-roxanne-huard","tag-serge-philippe-tremblay","tag-studio-becot","tag-sylvie-roy"],"_links":{"self":[{"href":"https:\/\/galeriebecot.com\/index.php?rest_route=\/wp\/v2\/posts\/2303","targetHints":{"allow":["GET"]}}],"collection":[{"href":"https:\/\/galeriebecot.com\/index.php?rest_route=\/wp\/v2\/posts"}],"about":[{"href":"https:\/\/galeriebecot.com\/index.php?rest_route=\/wp\/v2\/types\/post"}],"author":[{"embeddable":true,"href":"https:\/\/galeriebecot.com\/index.php?rest_route=\/wp\/v2\/users\/1"}],"replies":[{"embeddable":true,"href":"https:\/\/galeriebecot.com\/index.php?rest_route=%2Fwp%2Fv2%2Fcomments&post=2303"}],"version-history":[{"count":74,"href":"https:\/\/galeriebecot.com\/index.php?rest_route=\/wp\/v2\/posts\/2303\/revisions"}],"predecessor-version":[{"id":2543,"href":"https:\/\/galeriebecot.com\/index.php?rest_route=\/wp\/v2\/posts\/2303\/revisions\/2543"}],"wp:attachment":[{"href":"https:\/\/galeriebecot.com\/index.php?rest_route=%2Fwp%2Fv2%2Fmedia&parent=2303"}],"wp:term":[{"taxonomy":"category","embeddable":true,"href":"https:\/\/galeriebecot.com\/index.php?rest_route=%2Fwp%2Fv2%2Fcategories&post=2303"},{"taxonomy":"post_tag","embeddable":true,"href":"https:\/\/galeriebecot.com\/index.php?rest_route=%2Fwp%2Fv2%2Ftags&post=2303"}],"curies":[{"name":"wp","href":"https:\/\/api.w.org\/{rel}","templated":true}]}}