{"id":2253,"date":"2014-08-10T10:21:08","date_gmt":"2014-08-10T14:21:08","guid":{"rendered":"http:\/\/www.clubdescollectionneursenartsvisuelsdequebec.com\/?p=2253"},"modified":"2014-08-20T02:54:04","modified_gmt":"2014-08-20T06:54:04","slug":"ca-y-est-clairiere-art-et-nature-ouvre-samedi-prochain","status":"publish","type":"post","link":"https:\/\/galeriebecot.com\/?p=2253","title":{"rendered":"\u00c7a y est! CLAIRI\u00c8RE &#8211; ART ET NATURE ouvre samedi prochain !"},"content":{"rendered":"<h3 class=\"null\" style=\"font-weight: bold; color: #606060 !important; text-align: left;\"><a title=\"Art et Nature\" href=\"http:\/\/us8.campaign-archive1.com\/?u=d1f5b25dfbe76981b0c5a8c6a&amp;id=2c0472bb22&amp;e=314227c619\"><strong>Quatre artistes en arts visuels sont en r\u00e9sidence de cr\u00e9ation \u00e0 Chesterville cette semaine : Marie-Claude De Souza, Carole Baillargeon, Loly Darcel et Robin Servant. Vous pouvez suivre l&rsquo;\u00e9volution de leur travail sur notre page facebook (cliquez l&rsquo;icone en bas de page).<\/strong><\/a><\/h3>\n<h3 class=\"null\" style=\"font-weight: bold; color: #606060 !important;\"><a title=\"Art et Nature\" href=\"http:\/\/us8.campaign-archive1.com\/?u=d1f5b25dfbe76981b0c5a8c6a&amp;id=2c0472bb22&amp;e=314227c619\">Samedi, 16 ao\u00fbt de 13h \u00e0 18h : Journ\u00e9e \u00e9v\u00e9nementielle<\/a><\/h3>\n<p><a title=\"Art et Nature\" href=\"http:\/\/us8.campaign-archive1.com\/?u=d1f5b25dfbe76981b0c5a8c6a&amp;id=2c0472bb22&amp;e=314227c619\"><img loading=\"lazy\" decoding=\"async\" class=\"alignnone size-large wp-image-2257\" src=\"https:\/\/www.galeriebecot.com\/wp-content\/uploads\/2014\/08\/Art-et-nature-1024x464.jpg\" alt=\"Art et nature\" width=\"700\" height=\"317\" srcset=\"https:\/\/galeriebecot.com\/wp-content\/uploads\/2014\/08\/Art-et-nature-1024x464.jpg 1024w, https:\/\/galeriebecot.com\/wp-content\/uploads\/2014\/08\/Art-et-nature-300x136.jpg 300w, https:\/\/galeriebecot.com\/wp-content\/uploads\/2014\/08\/Art-et-nature.jpg 1075w\" sizes=\"auto, (max-width: 700px) 100vw, 700px\" \/><\/a><\/p>\n<p><span class=\"Apple-style-span\" style=\"color: #000000;\"><br \/>\n<strong>CLAIRI\u00c8RE &#8211; ART ET NATURE pr\u00e9sente le concert \u00ab Pianolitudes \u00bb avec Martin Lizotte et Mathieu D\u00e9sy. Pianiste inspir\u00e9 et \u00e9clectique, Martin Lizotte\u00a0 a lanc\u00e9 ce nouvel album au d\u00e9but de 2014. Avec son complice, Mathieu D\u00e9sy, \u00e0 la contrebasse et aux manipulations \u00e9lectroniques, ils vous\u00a0 invitent dans leur univers fantaisiste et th\u00e9\u00e2tral. L&rsquo;amphith\u00e9\u00e2tre de la Clairi\u00e8re est unique : situ\u00e9 au milieu de la for\u00eat, pr\u00e8s d&rsquo;un ruisseau cristallin, sonoris\u00e9 gr\u00e2ce \u00e0 un syst\u00e8me ing\u00e9nieux de batteries rechargeables, il sert d&rsquo;\u00e9crin pour des concerts chaque \u00e9t\u00e9.\u00a0<\/strong><\/span><\/p>\n<p><strong>L&rsquo;\u00e9v\u00e9nement dure tout l&rsquo;apr\u00e8s-midi. Le sentier, de deux kilom\u00e8tres \u00e0 travers prairie et bois\u00e9s d&rsquo;\u00e9rables et de sapins, est ponctu\u00e9 d&rsquo;oeuvres d&rsquo;art in situ. En plus du concert \u00ab Pianolitudes \u00bb,\u00a0 vous rencontrerez les artistes et le com\u00e9dien Nicolas Gendron qui pr\u00e9sentera une performance litt\u00e9raire. Vous d\u00e9couvrirez le Scarab\u00e9e g\u00e9ant r\u00e9alis\u00e9 par le sculpteur Cl\u00e9ment C\u00f4t\u00e9 et les enfants des camps de jour.<\/strong><\/p>\n<p>Vivez l&rsquo;exp\u00e9rience ! L&rsquo;\u00e9v\u00e9nement a lieu \u00ab beau temps &#8211; mauvais temps \u00bb.\u00a0 Pr\u00e9voyez des chaussures solides et imperm\u00e9ables et des v\u00eatements en cons\u00e9quence. Des boissons et grignotises sont en vente sur place. Bienvenue!<\/p>\n<p style=\"text-align: -webkit-center;\"><span style=\"color: #000000; font-family: Verdana, Arial, Helvetica, sans-serif;\">\u00a0<\/span><\/p>\n<p>&nbsp;<\/p>\n","protected":false},"excerpt":{"rendered":"<p>Quatre artistes en arts visuels sont en r\u00e9sidence de cr\u00e9ation \u00e0 Chesterville cette semaine : Marie-Claude De Souza, Carole Baillargeon, Loly Darcel et Robin Servant. Vous pouvez suivre l&rsquo;\u00e9volution de&hellip; <\/p>\n","protected":false},"author":1,"featured_media":0,"comment_status":"open","ping_status":"open","sticky":false,"template":"","format":"standard","meta":{"_exactmetrics_skip_tracking":false,"_exactmetrics_sitenote_active":false,"_exactmetrics_sitenote_note":"","_exactmetrics_sitenote_category":0,"footnotes":""},"categories":[18,19],"tags":[34,735,301,6,67,302,58,300,303,40],"class_list":["post-2253","post","type-post","status-publish","format-standard","hentry","category-evenement","category-vernissage","tag-andre-becot","tag-artistes","tag-carole-baillargeon","tag-club-des-collectionneurs-en-arts-visuels-de-quebec","tag-club-des-collectionneurs-en-arts-visuels-de-quebec-marc-bellemare","tag-loly-darcel","tag-marc-bellemare-collectionneur","tag-marie-claude-de-souza","tag-robin-servant","tag-visuals-arts"],"_links":{"self":[{"href":"https:\/\/galeriebecot.com\/index.php?rest_route=\/wp\/v2\/posts\/2253","targetHints":{"allow":["GET"]}}],"collection":[{"href":"https:\/\/galeriebecot.com\/index.php?rest_route=\/wp\/v2\/posts"}],"about":[{"href":"https:\/\/galeriebecot.com\/index.php?rest_route=\/wp\/v2\/types\/post"}],"author":[{"embeddable":true,"href":"https:\/\/galeriebecot.com\/index.php?rest_route=\/wp\/v2\/users\/1"}],"replies":[{"embeddable":true,"href":"https:\/\/galeriebecot.com\/index.php?rest_route=%2Fwp%2Fv2%2Fcomments&post=2253"}],"version-history":[{"count":5,"href":"https:\/\/galeriebecot.com\/index.php?rest_route=\/wp\/v2\/posts\/2253\/revisions"}],"predecessor-version":[{"id":2260,"href":"https:\/\/galeriebecot.com\/index.php?rest_route=\/wp\/v2\/posts\/2253\/revisions\/2260"}],"wp:attachment":[{"href":"https:\/\/galeriebecot.com\/index.php?rest_route=%2Fwp%2Fv2%2Fmedia&parent=2253"}],"wp:term":[{"taxonomy":"category","embeddable":true,"href":"https:\/\/galeriebecot.com\/index.php?rest_route=%2Fwp%2Fv2%2Fcategories&post=2253"},{"taxonomy":"post_tag","embeddable":true,"href":"https:\/\/galeriebecot.com\/index.php?rest_route=%2Fwp%2Fv2%2Ftags&post=2253"}],"curies":[{"name":"wp","href":"https:\/\/api.w.org\/{rel}","templated":true}]}}