{"id":21463,"date":"2025-11-28T12:49:44","date_gmt":"2025-11-28T17:49:44","guid":{"rendered":"https:\/\/galeriebecot.com\/?p=21463"},"modified":"2025-12-17T23:50:14","modified_gmt":"2025-12-18T04:50:14","slug":"collectif-_-clarte-dhiver-_-vernissage-le-5-decembre-2025-bienvenue-a-tous","status":"publish","type":"post","link":"https:\/\/galeriebecot.com\/?p=21463","title":{"rendered":"Collectif _ Clart\u00e9 d&rsquo;hiver _ Vernissage le 7 d\u00e9cembre 2025 en formule 14 \u00e0 16h. Se termine le 11 janvier 2026. Bienvenue \u00e0 tous !"},"content":{"rendered":"\n<p class=\"wp-block-paragraph\">C\u2019est une lumi\u00e8re qui apaise, qui ralentit le monde, et qui invite \u00e0 la contemplation \u2014 une clart\u00e9 rare, presque magique, propre aux hivers qu\u00e9b\u00e9cois.<\/p>\n\n\n\n<figure class=\"wp-block-image size-large is-resized\"><a href=\"https:\/\/galeriebecot.com\/wp-content\/uploads\/2025\/11\/IMG_0322-scaled.jpeg\"><img loading=\"lazy\" decoding=\"async\" width=\"1024\" height=\"637\" src=\"https:\/\/galeriebecot.com\/wp-content\/uploads\/2025\/11\/IMG_0322-1024x637.jpeg\" alt=\"\" class=\"wp-image-21557\" style=\"width:586px;height:auto\" srcset=\"https:\/\/galeriebecot.com\/wp-content\/uploads\/2025\/11\/IMG_0322-1024x637.jpeg 1024w, https:\/\/galeriebecot.com\/wp-content\/uploads\/2025\/11\/IMG_0322-300x187.jpeg 300w, https:\/\/galeriebecot.com\/wp-content\/uploads\/2025\/11\/IMG_0322-768x478.jpeg 768w, https:\/\/galeriebecot.com\/wp-content\/uploads\/2025\/11\/IMG_0322-1536x955.jpeg 1536w, https:\/\/galeriebecot.com\/wp-content\/uploads\/2025\/11\/IMG_0322-2048x1274.jpeg 2048w\" sizes=\"auto, (max-width: 1024px) 100vw, 1024px\" \/><\/a><\/figure>\n\n\n\n<p class=\"wp-block-paragraph\">Don<strong>&nbsp;Darby&nbsp;<\/strong>( Sculpture) Peter&nbsp;<strong>Gnass<\/strong>&nbsp;( Dessin ) Francine&nbsp;<strong>No\u00ebl&nbsp;<\/strong>( Relief M\u00e9tal )<\/p>\n\n\n\n<figure class=\"wp-block-image size-large is-resized\"><a href=\"https:\/\/galeriebecot.com\/wp-content\/uploads\/2025\/11\/Vernissage-Clarte-dhiver1-1.jpg\"><img loading=\"lazy\" decoding=\"async\" width=\"1004\" height=\"1024\" src=\"https:\/\/galeriebecot.com\/wp-content\/uploads\/2025\/11\/Vernissage-Clarte-dhiver1-1-1004x1024.jpg\" alt=\"\" class=\"wp-image-21538\" style=\"width:586px;height:auto\" srcset=\"https:\/\/galeriebecot.com\/wp-content\/uploads\/2025\/11\/Vernissage-Clarte-dhiver1-1-1004x1024.jpg 1004w, https:\/\/galeriebecot.com\/wp-content\/uploads\/2025\/11\/Vernissage-Clarte-dhiver1-1-294x300.jpg 294w, https:\/\/galeriebecot.com\/wp-content\/uploads\/2025\/11\/Vernissage-Clarte-dhiver1-1-768x783.jpg 768w, https:\/\/galeriebecot.com\/wp-content\/uploads\/2025\/11\/Vernissage-Clarte-dhiver1-1.jpg 1012w\" sizes=\"auto, (max-width: 1004px) 100vw, 1004px\" \/><\/a><figcaption class=\"wp-element-caption\">Vernissage du 7 d\u00e9cembre 2025 en formule 5@7.<\/figcaption><\/figure>\n\n\n\n<figure class=\"wp-block-image size-large is-resized\"><a href=\"https:\/\/galeriebecot.com\/wp-content\/uploads\/2025\/11\/IMG_0320-scaled.jpeg\"><img loading=\"lazy\" decoding=\"async\" width=\"1024\" height=\"552\" src=\"https:\/\/galeriebecot.com\/wp-content\/uploads\/2025\/11\/IMG_0320-1024x552.jpeg\" alt=\"\" class=\"wp-image-21550\" style=\"width:585px;height:auto\" srcset=\"https:\/\/galeriebecot.com\/wp-content\/uploads\/2025\/11\/IMG_0320-1024x552.jpeg 1024w, https:\/\/galeriebecot.com\/wp-content\/uploads\/2025\/11\/IMG_0320-300x162.jpeg 300w, https:\/\/galeriebecot.com\/wp-content\/uploads\/2025\/11\/IMG_0320-768x414.jpeg 768w, https:\/\/galeriebecot.com\/wp-content\/uploads\/2025\/11\/IMG_0320-1536x828.jpeg 1536w, https:\/\/galeriebecot.com\/wp-content\/uploads\/2025\/11\/IMG_0320-2048x1104.jpeg 2048w\" sizes=\"auto, (max-width: 1024px) 100vw, 1024px\" \/><\/a><\/figure>\n\n\n\n<p class=\"wp-block-paragraph\">Jean\u00a0<strong>Gauthier<\/strong>\u00a0( techniques mixtes )<\/p>\n\n\n\n<figure class=\"wp-block-image size-large\"><a href=\"https:\/\/galeriebecot.com\/wp-content\/uploads\/2025\/11\/Hiver-Clarteopkok.jpg\"><img loading=\"lazy\" decoding=\"async\" width=\"558\" height=\"1024\" src=\"https:\/\/galeriebecot.com\/wp-content\/uploads\/2025\/11\/Hiver-Clarteopkok-558x1024.jpg\" alt=\"\" class=\"wp-image-21512\" srcset=\"https:\/\/galeriebecot.com\/wp-content\/uploads\/2025\/11\/Hiver-Clarteopkok-558x1024.jpg 558w, https:\/\/galeriebecot.com\/wp-content\/uploads\/2025\/11\/Hiver-Clarteopkok-163x300.jpg 163w, https:\/\/galeriebecot.com\/wp-content\/uploads\/2025\/11\/Hiver-Clarteopkok-768x1409.jpg 768w, https:\/\/galeriebecot.com\/wp-content\/uploads\/2025\/11\/Hiver-Clarteopkok-837x1536.jpg 837w, https:\/\/galeriebecot.com\/wp-content\/uploads\/2025\/11\/Hiver-Clarteopkok.jpg 892w\" sizes=\"auto, (max-width: 558px) 100vw, 558px\" \/><\/a><\/figure>\n\n\n\n<p class=\"wp-block-paragraph\"><\/p>\n","protected":false},"excerpt":{"rendered":"<p>C\u2019est une lumi\u00e8re qui apaise, qui ralentit le monde, et qui invite \u00e0 la contemplation \u2014 une clart\u00e9 rare, presque magique, propre aux hivers qu\u00e9b\u00e9cois. Don&nbsp;Darby&nbsp;( Sculpture) Peter&nbsp;Gnass&nbsp;( Dessin )&hellip; <\/p>\n","protected":false},"author":1,"featured_media":0,"comment_status":"open","ping_status":"open","sticky":false,"template":"","format":"standard","meta":{"_exactmetrics_skip_tracking":false,"_exactmetrics_sitenote_active":false,"_exactmetrics_sitenote_note":"","_exactmetrics_sitenote_category":0,"footnotes":""},"categories":[1],"tags":[],"class_list":["post-21463","post","type-post","status-publish","format-standard","hentry","category-non-classe"],"_links":{"self":[{"href":"https:\/\/galeriebecot.com\/index.php?rest_route=\/wp\/v2\/posts\/21463","targetHints":{"allow":["GET"]}}],"collection":[{"href":"https:\/\/galeriebecot.com\/index.php?rest_route=\/wp\/v2\/posts"}],"about":[{"href":"https:\/\/galeriebecot.com\/index.php?rest_route=\/wp\/v2\/types\/post"}],"author":[{"embeddable":true,"href":"https:\/\/galeriebecot.com\/index.php?rest_route=\/wp\/v2\/users\/1"}],"replies":[{"embeddable":true,"href":"https:\/\/galeriebecot.com\/index.php?rest_route=%2Fwp%2Fv2%2Fcomments&post=21463"}],"version-history":[{"count":15,"href":"https:\/\/galeriebecot.com\/index.php?rest_route=\/wp\/v2\/posts\/21463\/revisions"}],"predecessor-version":[{"id":21569,"href":"https:\/\/galeriebecot.com\/index.php?rest_route=\/wp\/v2\/posts\/21463\/revisions\/21569"}],"wp:attachment":[{"href":"https:\/\/galeriebecot.com\/index.php?rest_route=%2Fwp%2Fv2%2Fmedia&parent=21463"}],"wp:term":[{"taxonomy":"category","embeddable":true,"href":"https:\/\/galeriebecot.com\/index.php?rest_route=%2Fwp%2Fv2%2Fcategories&post=21463"},{"taxonomy":"post_tag","embeddable":true,"href":"https:\/\/galeriebecot.com\/index.php?rest_route=%2Fwp%2Fv2%2Ftags&post=21463"}],"curies":[{"name":"wp","href":"https:\/\/api.w.org\/{rel}","templated":true}]}}