{"id":21387,"date":"2025-11-06T16:45:56","date_gmt":"2025-11-06T21:45:56","guid":{"rendered":"https:\/\/galeriebecot.com\/?p=21387"},"modified":"2025-11-06T16:50:50","modified_gmt":"2025-11-06T21:50:50","slug":"les-artistes-visuels-pourront-profiter-de-la-revente-de-leurs-oeuvres","status":"publish","type":"post","link":"https:\/\/galeriebecot.com\/?p=21387","title":{"rendered":"Les artistes visuels pourront profiter de la revente de leurs oeuvres&#8230;"},"content":{"rendered":"\n<p class=\"wp-block-paragraph\">Le budget f\u00e9d\u00e9ral d\u00e9voil\u00e9 mardi le 4 novembre 2025 annonce un changement \u00e0 la loi sur le droit d&rsquo;auteur, pour permettre aux artistes de percevoir une redevance lorsque leurs oeuvres sont revendues.<\/p>\n\n\n\n<figure class=\"wp-block-image size-large\"><a href=\"https:\/\/galeriebecot.com\/wp-content\/uploads\/2025\/11\/Droit-1-copie.jpg\"><img loading=\"lazy\" decoding=\"async\" width=\"1024\" height=\"972\" src=\"https:\/\/galeriebecot.com\/wp-content\/uploads\/2025\/11\/Droit-1-copie-1024x972.jpg\" alt=\"\" class=\"wp-image-21388\" srcset=\"https:\/\/galeriebecot.com\/wp-content\/uploads\/2025\/11\/Droit-1-copie-1024x972.jpg 1024w, https:\/\/galeriebecot.com\/wp-content\/uploads\/2025\/11\/Droit-1-copie-300x285.jpg 300w, https:\/\/galeriebecot.com\/wp-content\/uploads\/2025\/11\/Droit-1-copie-768x729.jpg 768w, https:\/\/galeriebecot.com\/wp-content\/uploads\/2025\/11\/Droit-1-copie.jpg 1151w\" sizes=\"auto, (max-width: 1024px) 100vw, 1024px\" \/><\/a><\/figure>\n\n\n\n<figure class=\"wp-block-image size-large\"><a href=\"https:\/\/galeriebecot.com\/wp-content\/uploads\/2025\/11\/Droit2.jpg\"><img loading=\"lazy\" decoding=\"async\" width=\"801\" height=\"1024\" src=\"https:\/\/galeriebecot.com\/wp-content\/uploads\/2025\/11\/Droit2-801x1024.jpg\" alt=\"\" class=\"wp-image-21389\" srcset=\"https:\/\/galeriebecot.com\/wp-content\/uploads\/2025\/11\/Droit2-801x1024.jpg 801w, https:\/\/galeriebecot.com\/wp-content\/uploads\/2025\/11\/Droit2-235x300.jpg 235w, https:\/\/galeriebecot.com\/wp-content\/uploads\/2025\/11\/Droit2-768x981.jpg 768w, https:\/\/galeriebecot.com\/wp-content\/uploads\/2025\/11\/Droit2-1202x1536.jpg 1202w, https:\/\/galeriebecot.com\/wp-content\/uploads\/2025\/11\/Droit2.jpg 1224w\" sizes=\"auto, (max-width: 801px) 100vw, 801px\" \/><\/a><\/figure>\n\n\n\n<figure class=\"wp-block-image size-large is-resized\"><a href=\"https:\/\/galeriebecot.com\/wp-content\/uploads\/2025\/11\/Droit3.jpg\"><img loading=\"lazy\" decoding=\"async\" width=\"755\" height=\"1024\" src=\"https:\/\/galeriebecot.com\/wp-content\/uploads\/2025\/11\/Droit3-755x1024.jpg\" alt=\"\" class=\"wp-image-21390\" style=\"width:840px;height:auto\" srcset=\"https:\/\/galeriebecot.com\/wp-content\/uploads\/2025\/11\/Droit3-755x1024.jpg 755w, https:\/\/galeriebecot.com\/wp-content\/uploads\/2025\/11\/Droit3-221x300.jpg 221w, https:\/\/galeriebecot.com\/wp-content\/uploads\/2025\/11\/Droit3-768x1042.jpg 768w, https:\/\/galeriebecot.com\/wp-content\/uploads\/2025\/11\/Droit3-1133x1536.jpg 1133w, https:\/\/galeriebecot.com\/wp-content\/uploads\/2025\/11\/Droit3.jpg 1224w\" sizes=\"auto, (max-width: 755px) 100vw, 755px\" \/><\/a><\/figure>\n","protected":false},"excerpt":{"rendered":"<p>Le budget f\u00e9d\u00e9ral d\u00e9voil\u00e9 mardi le 4 novembre 2025 annonce un changement \u00e0 la loi sur le droit d&rsquo;auteur, pour permettre aux artistes de percevoir une redevance lorsque leurs oeuvres&hellip; <\/p>\n","protected":false},"author":1,"featured_media":0,"comment_status":"open","ping_status":"open","sticky":false,"template":"","format":"standard","meta":{"_exactmetrics_skip_tracking":false,"_exactmetrics_sitenote_active":false,"_exactmetrics_sitenote_note":"","_exactmetrics_sitenote_category":0,"footnotes":""},"categories":[20,27,29,32,336,21],"tags":[34,5003,735,43,5009,4644,6,35,5007,921,4285,5004,58,5005,738,1463,37,5006,5010,4268,40],"class_list":["post-21387","post","type-post","status-publish","format-standard","hentry","category-article-descriptif","category-artistes","category-journaux","category-le-devoir","category-raav","category-vente-aux-encheres-doeuvres-dart","tag-andre-becot","tag-angela-weis-agence-france-presse","tag-artistes","tag-arts-visuels","tag-camille-cazin","tag-catherine-lalonde","tag-club-des-collectionneurs-en-arts-visuels-de-quebec","tag-foire-en-arts-actuel","tag-francois-le-moine","tag-kent-monkman","tag-ledevoir","tag-maison-heffel","tag-marc-bellemare-collectionneur","tag-mark-carney","tag-raav","tag-sothebys","tag-studio-becot","tag-un-droit-de-suite","tag-union-europeenne","tag-universite-dottawa","tag-visuals-arts"],"_links":{"self":[{"href":"https:\/\/galeriebecot.com\/index.php?rest_route=\/wp\/v2\/posts\/21387","targetHints":{"allow":["GET"]}}],"collection":[{"href":"https:\/\/galeriebecot.com\/index.php?rest_route=\/wp\/v2\/posts"}],"about":[{"href":"https:\/\/galeriebecot.com\/index.php?rest_route=\/wp\/v2\/types\/post"}],"author":[{"embeddable":true,"href":"https:\/\/galeriebecot.com\/index.php?rest_route=\/wp\/v2\/users\/1"}],"replies":[{"embeddable":true,"href":"https:\/\/galeriebecot.com\/index.php?rest_route=%2Fwp%2Fv2%2Fcomments&post=21387"}],"version-history":[{"count":1,"href":"https:\/\/galeriebecot.com\/index.php?rest_route=\/wp\/v2\/posts\/21387\/revisions"}],"predecessor-version":[{"id":21391,"href":"https:\/\/galeriebecot.com\/index.php?rest_route=\/wp\/v2\/posts\/21387\/revisions\/21391"}],"wp:attachment":[{"href":"https:\/\/galeriebecot.com\/index.php?rest_route=%2Fwp%2Fv2%2Fmedia&parent=21387"}],"wp:term":[{"taxonomy":"category","embeddable":true,"href":"https:\/\/galeriebecot.com\/index.php?rest_route=%2Fwp%2Fv2%2Fcategories&post=21387"},{"taxonomy":"post_tag","embeddable":true,"href":"https:\/\/galeriebecot.com\/index.php?rest_route=%2Fwp%2Fv2%2Ftags&post=21387"}],"curies":[{"name":"wp","href":"https:\/\/api.w.org\/{rel}","templated":true}]}}