{"id":21352,"date":"2025-10-28T12:45:33","date_gmt":"2025-10-28T16:45:33","guid":{"rendered":"https:\/\/galeriebecot.com\/?p=21352"},"modified":"2025-11-10T18:03:41","modified_gmt":"2025-11-10T23:03:41","slug":"la-foire-en-art-actuel-de-quebec","status":"publish","type":"post","link":"https:\/\/galeriebecot.com\/?p=21352","title":{"rendered":"La foire en Art Actuel de Qu\u00e9bec"},"content":{"rendered":"\n<p class=\"wp-block-paragraph\">Prix Videre en Arts Visuels 2025.<\/p>\n\n\n\n<figure class=\"wp-block-image size-large is-resized\"><a href=\"https:\/\/galeriebecot.com\/wp-content\/uploads\/2025\/10\/Videre.jpg\"><img loading=\"lazy\" decoding=\"async\" width=\"1024\" height=\"1015\" src=\"https:\/\/galeriebecot.com\/wp-content\/uploads\/2025\/10\/Videre-1024x1015.jpg\" alt=\"\" class=\"wp-image-21409\" style=\"width:607px;height:auto\" srcset=\"https:\/\/galeriebecot.com\/wp-content\/uploads\/2025\/10\/Videre-1024x1015.jpg 1024w, https:\/\/galeriebecot.com\/wp-content\/uploads\/2025\/10\/Videre-300x297.jpg 300w, https:\/\/galeriebecot.com\/wp-content\/uploads\/2025\/10\/Videre-150x150.jpg 150w, https:\/\/galeriebecot.com\/wp-content\/uploads\/2025\/10\/Videre-768x761.jpg 768w, https:\/\/galeriebecot.com\/wp-content\/uploads\/2025\/10\/Videre.jpg 1399w\" sizes=\"auto, (max-width: 1024px) 100vw, 1024px\" \/><\/a><figcaption class=\"wp-element-caption\">Screenshot<\/figcaption><\/figure>\n\n\n\n<p class=\"wp-block-paragraph\">Claude <strong><a href=\"https:\/\/manifdart.org\/a-propos\/?srsltid=AfmBOor9rKTXSWZIXahK5nOiazlrGz9iNmZCP-tFlRn6vkMZZIyX0GjS\">B\u00e9langer,<\/a><\/strong> H\u00e9l\u00e8ne<strong><a href=\"https:\/\/www.helenerochette.com\/Old%20site\/helene_rochette\/Helene_Rochette.html\"> Rochette<\/a><\/strong>, Alexis <strong><a href=\"https:\/\/www.alexisvanasse.com\">Vanasse<\/a><\/strong> et Josiane <strong><a href=\"https:\/\/symposiumbsp.com\/fr\/artistes\/2023\/josiane-roberge-60\">Roberge<\/a><\/strong><\/p>\n\n\n\n<figure class=\"wp-block-image size-large is-resized\"><a href=\"https:\/\/galeriebecot.com\/wp-content\/uploads\/2025\/10\/Prix-Videre-2025_n.jpg\"><img loading=\"lazy\" decoding=\"async\" width=\"1024\" height=\"819\" src=\"https:\/\/galeriebecot.com\/wp-content\/uploads\/2025\/10\/Prix-Videre-2025_n-1024x819.jpg\" alt=\"\" class=\"wp-image-21393\" style=\"width:610px;height:auto\" srcset=\"https:\/\/galeriebecot.com\/wp-content\/uploads\/2025\/10\/Prix-Videre-2025_n-1024x819.jpg 1024w, https:\/\/galeriebecot.com\/wp-content\/uploads\/2025\/10\/Prix-Videre-2025_n-300x240.jpg 300w, https:\/\/galeriebecot.com\/wp-content\/uploads\/2025\/10\/Prix-Videre-2025_n-768x614.jpg 768w, https:\/\/galeriebecot.com\/wp-content\/uploads\/2025\/10\/Prix-Videre-2025_n-1536x1229.jpg 1536w, https:\/\/galeriebecot.com\/wp-content\/uploads\/2025\/10\/Prix-Videre-2025_n.jpg 2048w\" sizes=\"auto, (max-width: 1024px) 100vw, 1024px\" \/><\/a><\/figure>\n\n\n\n<p class=\"wp-block-paragraph\">Ariane <strong>Plante<\/strong>, commissaire chevronn\u00e9e, oeuvre dans l&rsquo;art visuel et m\u00e9diatique depuis pr\u00e8s de vingt ans au Qu\u00e9bec et \u00e0 l&rsquo;international&#8230;<\/p>\n\n\n\n<figure class=\"wp-block-image size-large\"><a href=\"https:\/\/galeriebecot.com\/?p=21311\"><img loading=\"lazy\" decoding=\"async\" width=\"661\" height=\"1024\" src=\"https:\/\/galeriebecot.com\/wp-content\/uploads\/2025\/11\/Foire-web11-661x1024.jpg\" alt=\"\" class=\"wp-image-21356\" srcset=\"https:\/\/galeriebecot.com\/wp-content\/uploads\/2025\/11\/Foire-web11-661x1024.jpg 661w, https:\/\/galeriebecot.com\/wp-content\/uploads\/2025\/11\/Foire-web11-194x300.jpg 194w, https:\/\/galeriebecot.com\/wp-content\/uploads\/2025\/11\/Foire-web11-768x1190.jpg 768w, https:\/\/galeriebecot.com\/wp-content\/uploads\/2025\/11\/Foire-web11-991x1536.jpg 991w, https:\/\/galeriebecot.com\/wp-content\/uploads\/2025\/11\/Foire-web11.jpg 1185w\" sizes=\"auto, (max-width: 661px) 100vw, 661px\" \/><\/a><\/figure>\n\n\n\n<figure class=\"wp-block-image size-large is-resized\"><a href=\"https:\/\/foireartactuel.ca\"><img loading=\"lazy\" decoding=\"async\" width=\"1024\" height=\"472\" src=\"https:\/\/galeriebecot.com\/wp-content\/uploads\/2025\/11\/La-FOIRE-1024x472.jpg\" alt=\"\" class=\"wp-image-21360\" style=\"width:665px;height:auto\" srcset=\"https:\/\/galeriebecot.com\/wp-content\/uploads\/2025\/11\/La-FOIRE-1024x472.jpg 1024w, https:\/\/galeriebecot.com\/wp-content\/uploads\/2025\/11\/La-FOIRE-300x138.jpg 300w, https:\/\/galeriebecot.com\/wp-content\/uploads\/2025\/11\/La-FOIRE-768x354.jpg 768w, https:\/\/galeriebecot.com\/wp-content\/uploads\/2025\/11\/La-FOIRE-1536x708.jpg 1536w, https:\/\/galeriebecot.com\/wp-content\/uploads\/2025\/11\/La-FOIRE.jpg 1735w\" sizes=\"auto, (max-width: 1024px) 100vw, 1024px\" \/><\/a><\/figure>\n\n\n\n<figure class=\"wp-block-image size-large\"><a href=\"https:\/\/galeriebecot.com\/wp-content\/uploads\/2025\/11\/Foire-web-2.jpg\"><img loading=\"lazy\" decoding=\"async\" width=\"886\" height=\"1024\" src=\"https:\/\/galeriebecot.com\/wp-content\/uploads\/2025\/11\/Foire-web-2-886x1024.jpg\" alt=\"\" class=\"wp-image-21354\" srcset=\"https:\/\/galeriebecot.com\/wp-content\/uploads\/2025\/11\/Foire-web-2-886x1024.jpg 886w, https:\/\/galeriebecot.com\/wp-content\/uploads\/2025\/11\/Foire-web-2-260x300.jpg 260w, https:\/\/galeriebecot.com\/wp-content\/uploads\/2025\/11\/Foire-web-2-768x887.jpg 768w, https:\/\/galeriebecot.com\/wp-content\/uploads\/2025\/11\/Foire-web-2.jpg 1224w\" sizes=\"auto, (max-width: 886px) 100vw, 886px\" \/><\/a><\/figure>\n\n\n\n<figure class=\"wp-block-image size-large is-resized\"><a href=\"https:\/\/galeriebecot.com\/?p=20943\"><img loading=\"lazy\" decoding=\"async\" width=\"1024\" height=\"878\" src=\"https:\/\/galeriebecot.com\/wp-content\/uploads\/2025\/10\/Ateier-Becot-lien-1024x878.jpg\" alt=\"\" class=\"wp-image-21367\" style=\"width:604px;height:auto\" srcset=\"https:\/\/galeriebecot.com\/wp-content\/uploads\/2025\/10\/Ateier-Becot-lien-1024x878.jpg 1024w, https:\/\/galeriebecot.com\/wp-content\/uploads\/2025\/10\/Ateier-Becot-lien-300x257.jpg 300w, https:\/\/galeriebecot.com\/wp-content\/uploads\/2025\/10\/Ateier-Becot-lien-768x659.jpg 768w, https:\/\/galeriebecot.com\/wp-content\/uploads\/2025\/10\/Ateier-Becot-lien.jpg 1344w\" sizes=\"auto, (max-width: 1024px) 100vw, 1024px\" \/><\/a><\/figure>\n","protected":false},"excerpt":{"rendered":"<p>Prix Videre en Arts Visuels 2025. Claude B\u00e9langer, H\u00e9l\u00e8ne Rochette, Alexis Vanasse et Josiane Roberge Ariane Plante, commissaire chevronn\u00e9e, oeuvre dans l&rsquo;art visuel et m\u00e9diatique depuis pr\u00e8s de vingt ans&hellip; <\/p>\n","protected":false},"author":1,"featured_media":0,"comment_status":"open","ping_status":"open","sticky":false,"template":"","format":"standard","meta":{"_exactmetrics_skip_tracking":false,"_exactmetrics_sitenote_active":false,"_exactmetrics_sitenote_note":"","_exactmetrics_sitenote_category":0,"footnotes":""},"categories":[27,18],"tags":[34,4973,735,4972,4988,4990,2788,5002,4982,4998,4974,4978,2441,4977,2647,4991,4981,35,4984,4979,499,4996,1366,4983,4997,4992,4987,4986,394,4999,4989,5001,5000,608,4975,4306,4993,1262,3233,40],"class_list":["post-21352","post","type-post","status-publish","format-standard","hentry","category-artistes","category-evenement","tag-andre-becot","tag-art-actuel-de-quebec","tag-artistes","tag-benoit-blondeau","tag-boris-pintado","tag-camille-ratteprix-faaq","tag-carol-ann-belzil-normand","tag-celestine-zeller-prix-faaq-2025","tag-charlotte-gomeshi","tag-christopher-varadi-szabo","tag-clara-benazara","tag-damien-checouryprix-ffaq","tag-eddy-firmin","tag-esther-calixte-bea","tag-fanny-mesnard","tag-farzaneh-rezaeimahabadi","tag-florence-giroux-gravel","tag-foire-en-arts-actuel","tag-frederic-lavoie","tag-gala-dynastie","tag-giorgia-volpe","tag-ingris-syage-tremblay","tag-jeffrey-poirier","tag-jiwan-larouche","tag-kristel-tremblay","tag-mancy-rezaeimahabadi","tag-manon-paquet","tag-marie-andree-ouimet","tag-matt-shane","tag-megane-voghell","tag-nelance-racine","tag-nico-williams","tag-noelle-warton-ayer","tag-olivier-roberge","tag-pierre-boulanger","tag-sarah-lherault","tag-simon-rivest","tag-sophie-prive","tag-vincent-drouin","tag-visuals-arts"],"_links":{"self":[{"href":"https:\/\/galeriebecot.com\/index.php?rest_route=\/wp\/v2\/posts\/21352","targetHints":{"allow":["GET"]}}],"collection":[{"href":"https:\/\/galeriebecot.com\/index.php?rest_route=\/wp\/v2\/posts"}],"about":[{"href":"https:\/\/galeriebecot.com\/index.php?rest_route=\/wp\/v2\/types\/post"}],"author":[{"embeddable":true,"href":"https:\/\/galeriebecot.com\/index.php?rest_route=\/wp\/v2\/users\/1"}],"replies":[{"embeddable":true,"href":"https:\/\/galeriebecot.com\/index.php?rest_route=%2Fwp%2Fv2%2Fcomments&post=21352"}],"version-history":[{"count":13,"href":"https:\/\/galeriebecot.com\/index.php?rest_route=\/wp\/v2\/posts\/21352\/revisions"}],"predecessor-version":[{"id":21410,"href":"https:\/\/galeriebecot.com\/index.php?rest_route=\/wp\/v2\/posts\/21352\/revisions\/21410"}],"wp:attachment":[{"href":"https:\/\/galeriebecot.com\/index.php?rest_route=%2Fwp%2Fv2%2Fmedia&parent=21352"}],"wp:term":[{"taxonomy":"category","embeddable":true,"href":"https:\/\/galeriebecot.com\/index.php?rest_route=%2Fwp%2Fv2%2Fcategories&post=21352"},{"taxonomy":"post_tag","embeddable":true,"href":"https:\/\/galeriebecot.com\/index.php?rest_route=%2Fwp%2Fv2%2Ftags&post=21352"}],"curies":[{"name":"wp","href":"https:\/\/api.w.org\/{rel}","templated":true}]}}