{"id":21304,"date":"2025-10-25T21:04:04","date_gmt":"2025-10-26T01:04:04","guid":{"rendered":"https:\/\/galeriebecot.com\/?p=21304"},"modified":"2025-10-30T21:18:59","modified_gmt":"2025-10-31T01:18:59","slug":"lombre-des-mirages-par-florence-le-blanc-chez-lespaces-f","status":"publish","type":"post","link":"https:\/\/galeriebecot.com\/?p=21304","title":{"rendered":"L&rsquo;OMBRE DES MIRAGES par FLORENCE LE BLANC chez _ ESPACES F"},"content":{"rendered":"\n<p class=\"wp-block-paragraph\"><a href=\"https:\/\/espacesf.org\">Bas\u00e9 sur des souvenirs d&rsquo;adolescence de l&rsquo;artiste, _ <em><strong>L&rsquo;ombre des mirages<\/strong><\/em> _ raconte le road trip d&rsquo;une famille qu\u00e9b\u00e9coise aux \u00c9tats-Unis \u00e0 la fin des ann\u00e9es 90.<\/a><\/p>\n\n\n\n<figure class=\"wp-block-image size-full is-resized\"><a href=\"https:\/\/galeriebecot.com\/wp-content\/uploads\/2025\/10\/Le-Blanc-Florence.jpg\"><img loading=\"lazy\" decoding=\"async\" width=\"612\" height=\"1008\" src=\"https:\/\/galeriebecot.com\/wp-content\/uploads\/2025\/10\/Le-Blanc-Florence.jpg\" alt=\"\" class=\"wp-image-21305\" style=\"width:840px;height:auto\" srcset=\"https:\/\/galeriebecot.com\/wp-content\/uploads\/2025\/10\/Le-Blanc-Florence.jpg 612w, https:\/\/galeriebecot.com\/wp-content\/uploads\/2025\/10\/Le-Blanc-Florence-182x300.jpg 182w\" sizes=\"auto, (max-width: 612px) 100vw, 612px\" \/><\/a><\/figure>\n","protected":false},"excerpt":{"rendered":"<p>Bas\u00e9 sur des souvenirs d&rsquo;adolescence de l&rsquo;artiste, _ L&rsquo;ombre des mirages _ raconte le road trip d&rsquo;une famille qu\u00e9b\u00e9coise aux \u00c9tats-Unis \u00e0 la fin des ann\u00e9es 90.<\/p>\n","protected":false},"author":1,"featured_media":0,"comment_status":"open","ping_status":"open","sticky":false,"template":"","format":"standard","meta":{"_exactmetrics_skip_tracking":false,"_exactmetrics_sitenote_active":false,"_exactmetrics_sitenote_note":"","_exactmetrics_sitenote_category":0,"footnotes":""},"categories":[27,19],"tags":[34,735,1877,4969,3242,35,4970,37,1439,40],"class_list":["post-21304","post","type-post","status-publish","format-standard","hentry","category-artistes","category-vernissage","tag-andre-becot","tag-artistes","tag-calq","tag-espaces-f","tag-florence-le-blanc","tag-foire-en-arts-actuel","tag-mrc-de-la-matanie","tag-studio-becot","tag-universite-laval","tag-visuals-arts"],"_links":{"self":[{"href":"https:\/\/galeriebecot.com\/index.php?rest_route=\/wp\/v2\/posts\/21304","targetHints":{"allow":["GET"]}}],"collection":[{"href":"https:\/\/galeriebecot.com\/index.php?rest_route=\/wp\/v2\/posts"}],"about":[{"href":"https:\/\/galeriebecot.com\/index.php?rest_route=\/wp\/v2\/types\/post"}],"author":[{"embeddable":true,"href":"https:\/\/galeriebecot.com\/index.php?rest_route=\/wp\/v2\/users\/1"}],"replies":[{"embeddable":true,"href":"https:\/\/galeriebecot.com\/index.php?rest_route=%2Fwp%2Fv2%2Fcomments&post=21304"}],"version-history":[{"count":4,"href":"https:\/\/galeriebecot.com\/index.php?rest_route=\/wp\/v2\/posts\/21304\/revisions"}],"predecessor-version":[{"id":21310,"href":"https:\/\/galeriebecot.com\/index.php?rest_route=\/wp\/v2\/posts\/21304\/revisions\/21310"}],"wp:attachment":[{"href":"https:\/\/galeriebecot.com\/index.php?rest_route=%2Fwp%2Fv2%2Fmedia&parent=21304"}],"wp:term":[{"taxonomy":"category","embeddable":true,"href":"https:\/\/galeriebecot.com\/index.php?rest_route=%2Fwp%2Fv2%2Fcategories&post=21304"},{"taxonomy":"post_tag","embeddable":true,"href":"https:\/\/galeriebecot.com\/index.php?rest_route=%2Fwp%2Fv2%2Ftags&post=21304"}],"curies":[{"name":"wp","href":"https:\/\/api.w.org\/{rel}","templated":true}]}}