{"id":21287,"date":"2025-10-23T10:10:07","date_gmt":"2025-10-23T14:10:07","guid":{"rendered":"https:\/\/galeriebecot.com\/?p=21287"},"modified":"2025-10-29T10:19:22","modified_gmt":"2025-10-29T14:19:22","slug":"jose-luis-torres-triptyque-cohesion","status":"publish","type":"post","link":"https:\/\/galeriebecot.com\/?p=21287","title":{"rendered":"Jos\u00e9 Luis Torres \/ Triptyque Coh\u00e9sion"},"content":{"rendered":"\n<p class=\"wp-block-paragraph\">Le triptyque sculptural _ <strong>COH\u00c9SION<\/strong> _ a \u00e9t\u00e9 install\u00e9 au centre m\u00e8re-enfant de l&rsquo;h\u00f4pital Fleuriront \u00e0 Sherbrooke. <em>Jos\u00e9 Luis <strong>Torres<\/strong> , Artiste visuel<\/em><\/p>\n\n\n\n<p class=\"wp-block-paragraph\"><\/p>\n\n\n\n<figure class=\"wp-block-image size-large\"><a href=\"https:\/\/joseluistorres.ca\"><img loading=\"lazy\" decoding=\"async\" width=\"528\" height=\"1024\" src=\"https:\/\/galeriebecot.com\/wp-content\/uploads\/2025\/10\/Torres-11-528x1024.jpg\" alt=\"\" class=\"wp-image-21290\" srcset=\"https:\/\/galeriebecot.com\/wp-content\/uploads\/2025\/10\/Torres-11-528x1024.jpg 528w, https:\/\/galeriebecot.com\/wp-content\/uploads\/2025\/10\/Torres-11-155x300.jpg 155w, https:\/\/galeriebecot.com\/wp-content\/uploads\/2025\/10\/Torres-11-768x1489.jpg 768w, https:\/\/galeriebecot.com\/wp-content\/uploads\/2025\/10\/Torres-11-792x1536.jpg 792w, https:\/\/galeriebecot.com\/wp-content\/uploads\/2025\/10\/Torres-11-1056x2048.jpg 1056w, https:\/\/galeriebecot.com\/wp-content\/uploads\/2025\/10\/Torres-11.jpg 1152w\" sizes=\"auto, (max-width: 528px) 100vw, 528px\" \/><\/a><\/figure>\n\n\n\n<p class=\"wp-block-paragraph\">Le triptyque sculptural _ <strong>COH\u00c9SION<\/strong> _ a \u00e9t\u00e9 install\u00e9 au centre m\u00e8re-enfant de l&rsquo;h\u00f4pital Fleurimont \u00e0 Sherbrooke.<\/p>\n","protected":false},"excerpt":{"rendered":"<p>Le triptyque sculptural _ COH\u00c9SION _ a \u00e9t\u00e9 install\u00e9 au centre m\u00e8re-enfant de l&rsquo;h\u00f4pital Fleuriront \u00e0 Sherbrooke. Jos\u00e9 Luis Torres , Artiste visuel Le triptyque sculptural _ COH\u00c9SION _ a&hellip; <\/p>\n","protected":false},"author":1,"featured_media":0,"comment_status":"open","ping_status":"open","sticky":false,"template":"","format":"standard","meta":{"_exactmetrics_skip_tracking":false,"_exactmetrics_sitenote_active":false,"_exactmetrics_sitenote_note":"","_exactmetrics_sitenote_category":0,"footnotes":""},"categories":[20,27],"tags":[],"class_list":["post-21287","post","type-post","status-publish","format-standard","hentry","category-article-descriptif","category-artistes"],"_links":{"self":[{"href":"https:\/\/galeriebecot.com\/index.php?rest_route=\/wp\/v2\/posts\/21287","targetHints":{"allow":["GET"]}}],"collection":[{"href":"https:\/\/galeriebecot.com\/index.php?rest_route=\/wp\/v2\/posts"}],"about":[{"href":"https:\/\/galeriebecot.com\/index.php?rest_route=\/wp\/v2\/types\/post"}],"author":[{"embeddable":true,"href":"https:\/\/galeriebecot.com\/index.php?rest_route=\/wp\/v2\/users\/1"}],"replies":[{"embeddable":true,"href":"https:\/\/galeriebecot.com\/index.php?rest_route=%2Fwp%2Fv2%2Fcomments&post=21287"}],"version-history":[{"count":4,"href":"https:\/\/galeriebecot.com\/index.php?rest_route=\/wp\/v2\/posts\/21287\/revisions"}],"predecessor-version":[{"id":21295,"href":"https:\/\/galeriebecot.com\/index.php?rest_route=\/wp\/v2\/posts\/21287\/revisions\/21295"}],"wp:attachment":[{"href":"https:\/\/galeriebecot.com\/index.php?rest_route=%2Fwp%2Fv2%2Fmedia&parent=21287"}],"wp:term":[{"taxonomy":"category","embeddable":true,"href":"https:\/\/galeriebecot.com\/index.php?rest_route=%2Fwp%2Fv2%2Fcategories&post=21287"},{"taxonomy":"post_tag","embeddable":true,"href":"https:\/\/galeriebecot.com\/index.php?rest_route=%2Fwp%2Fv2%2Ftags&post=21287"}],"curies":[{"name":"wp","href":"https:\/\/api.w.org\/{rel}","templated":true}]}}