{"id":20943,"date":"2025-10-29T13:40:00","date_gmt":"2025-10-29T17:40:00","guid":{"rendered":"https:\/\/www.clubdescollectionneursenartsvisuelsdequebec.com\/?p=20943"},"modified":"2025-11-10T20:10:20","modified_gmt":"2025-11-11T01:10:20","slug":"les-journees-de-la-culture-chez-becot-3","status":"publish","type":"post","link":"https:\/\/galeriebecot.com\/?p=20943","title":{"rendered":"Chez B\u00e9cot \/ R\u00e9flexion pour le  mois de novembre 2025, et  retour sur les journ\u00e9es de la culture  !"},"content":{"rendered":"\n<figure class=\"wp-block-image size-large\"><a href=\"https:\/\/galeriebecot.com\/wp-content\/uploads\/2025\/09\/Expo-Novembre-Site.jpg\"><img loading=\"lazy\" decoding=\"async\" width=\"1024\" height=\"695\" src=\"https:\/\/galeriebecot.com\/wp-content\/uploads\/2025\/09\/Expo-Novembre-Site-1024x695.jpg\" alt=\"\" class=\"wp-image-21213\" srcset=\"https:\/\/galeriebecot.com\/wp-content\/uploads\/2025\/09\/Expo-Novembre-Site-1024x695.jpg 1024w, https:\/\/galeriebecot.com\/wp-content\/uploads\/2025\/09\/Expo-Novembre-Site-300x204.jpg 300w, https:\/\/galeriebecot.com\/wp-content\/uploads\/2025\/09\/Expo-Novembre-Site-768x521.jpg 768w, https:\/\/galeriebecot.com\/wp-content\/uploads\/2025\/09\/Expo-Novembre-Site-1536x1042.jpg 1536w, https:\/\/galeriebecot.com\/wp-content\/uploads\/2025\/09\/Expo-Novembre-Site-2048x1389.jpg 2048w\" sizes=\"auto, (max-width: 1024px) 100vw, 1024px\" \/><\/a><\/figure>\n\n\n\n<p class=\"wp-block-paragraph\"><strong>En art, la grandeur ne se mesure pas \u00e0 la taille d&rsquo;une oeuvre.<\/strong><\/p>\n\n\n\n<p class=\"wp-block-paragraph\"><strong>Un petit format peut r\u00e9v\u00e9ler une force, une \u00e9motion et une ma\u00eetrise exceptionnelles.<\/strong><\/p>\n\n\n\n<p class=\"wp-block-paragraph\"><em>Comme la <strong>c\u00e9l\u00e8bre Joconde<\/strong>, modeste par ses dimensions mais immense par son impact, les oeuvres pr\u00e9sent\u00e9es \u00e0 la Galerie B\u00e9cot d\u00e9montrent que la puissance artistique tient avant tout \u00e0 la vision de l&rsquo;artiste.<\/em>_ <em><strong>Andr\u00e9 B\u00e9cot<\/strong><\/em> ( <em>novembre 2025<\/em>)<\/p>\n\n\n\n<p class=\"wp-block-paragraph\">L\u2019exposition \u00ab L\u2019art fait du bien \u00bb se prolonge \u00e0 la galerie <a href=\"https:\/\/www.facebook.com\/andre.becot?__cft__[0]=AZUQuuj9wUYUdbcelIBTx6U3JBvQg79DLmsF-QusHacV_XJeODSV7_VbIvqaWvhER1T7AQf4VK5H4mYO-DZuJIO0hf1gAx8DB0peM9U2IyuXOjPalaEbfbKc3P8KXcOmxD22sig6-lvwzemjbqhAmP1WeCSYmi44-ZPTTIx1G7gvOA&amp;__tn__=-]K-R\">Andr\u00e9 B\u00e9cot<\/a> les 4 et 5 octobre de 14 h \u00e0 16 h.<\/p>\n\n\n\n<p class=\"wp-block-paragraph\">344 Rue Sainte-H\u00e9l\u00e8ne, Qu\u00e9bec, QC<\/p>\n\n\n\n<figure class=\"wp-block-image size-large\"><a href=\"https:\/\/galeriebecot.com\/wp-content\/uploads\/2025\/10\/IMG_2190.jpeg\"><img loading=\"lazy\" decoding=\"async\" width=\"856\" height=\"1024\" src=\"https:\/\/galeriebecot.com\/wp-content\/uploads\/2025\/10\/IMG_2190-856x1024.jpeg\" alt=\"\" class=\"wp-image-21411\" srcset=\"https:\/\/galeriebecot.com\/wp-content\/uploads\/2025\/10\/IMG_2190-856x1024.jpeg 856w, https:\/\/galeriebecot.com\/wp-content\/uploads\/2025\/10\/IMG_2190-251x300.jpeg 251w, https:\/\/galeriebecot.com\/wp-content\/uploads\/2025\/10\/IMG_2190-768x919.jpeg 768w, https:\/\/galeriebecot.com\/wp-content\/uploads\/2025\/10\/IMG_2190.jpeg 1088w\" sizes=\"auto, (max-width: 856px) 100vw, 856px\" \/><\/a><figcaption class=\"wp-element-caption\">Screenshot<\/figcaption><\/figure>\n\n\n\n<figure class=\"wp-block-image size-large\"><a href=\"https:\/\/galeriebecot.com\/wp-content\/uploads\/2025\/09\/Vernissage3.jpg\"><img loading=\"lazy\" decoding=\"async\" width=\"949\" height=\"1024\" src=\"https:\/\/galeriebecot.com\/wp-content\/uploads\/2025\/09\/Vernissage3-949x1024.jpg\" alt=\"\" class=\"wp-image-21158\" srcset=\"https:\/\/galeriebecot.com\/wp-content\/uploads\/2025\/09\/Vernissage3-949x1024.jpg 949w, https:\/\/galeriebecot.com\/wp-content\/uploads\/2025\/09\/Vernissage3-278x300.jpg 278w, https:\/\/galeriebecot.com\/wp-content\/uploads\/2025\/09\/Vernissage3-768x829.jpg 768w, https:\/\/galeriebecot.com\/wp-content\/uploads\/2025\/09\/Vernissage3-1424x1536.jpg 1424w, https:\/\/galeriebecot.com\/wp-content\/uploads\/2025\/09\/Vernissage3.jpg 1723w\" sizes=\"auto, (max-width: 949px) 100vw, 949px\" \/><\/a><figcaption class=\"wp-element-caption\">Vernissage du vendredi 26 septembre 2025  : <em>Cr\u00e9dit photo<\/em> : <strong>Kl\u00f6dy<\/strong><\/figcaption><\/figure>\n\n\n\n<figure class=\"wp-block-image size-large\"><a href=\"https:\/\/aristidegagnon.com\"><img loading=\"lazy\" decoding=\"async\" width=\"1024\" height=\"715\" src=\"https:\/\/galeriebecot.com\/wp-content\/uploads\/2025\/09\/Vernissage-Aris-1024x715.jpg\" alt=\"\" class=\"wp-image-21160\" srcset=\"https:\/\/galeriebecot.com\/wp-content\/uploads\/2025\/09\/Vernissage-Aris-1024x715.jpg 1024w, https:\/\/galeriebecot.com\/wp-content\/uploads\/2025\/09\/Vernissage-Aris-300x210.jpg 300w, https:\/\/galeriebecot.com\/wp-content\/uploads\/2025\/09\/Vernissage-Aris-768x536.jpg 768w, https:\/\/galeriebecot.com\/wp-content\/uploads\/2025\/09\/Vernissage-Aris-1536x1073.jpg 1536w, https:\/\/galeriebecot.com\/wp-content\/uploads\/2025\/09\/Vernissage-Aris-2048x1430.jpg 2048w, https:\/\/galeriebecot.com\/wp-content\/uploads\/2025\/09\/Vernissage-Aris-330x230.jpg 330w\" sizes=\"auto, (max-width: 1024px) 100vw, 1024px\" \/><\/a><figcaption class=\"wp-element-caption\">Aristide<strong> Gagnon<\/strong>, peintre sculpteur , dans son atelier . <a href=\"https:\/\/michelboulianne.com\"><em>Cr\u00e9dit Photo<\/em> : Michel <strong>Boulianne<\/strong><\/a><\/figcaption><\/figure>\n\n\n\n<figure class=\"wp-block-image size-large\"><a href=\"https:\/\/galeriebecot.com\/wp-content\/uploads\/2025\/09\/Vernissage6-copie.jpg\"><img loading=\"lazy\" decoding=\"async\" width=\"1024\" height=\"446\" src=\"https:\/\/galeriebecot.com\/wp-content\/uploads\/2025\/09\/Vernissage6-copie-1024x446.jpg\" alt=\"\" class=\"wp-image-21166\" srcset=\"https:\/\/galeriebecot.com\/wp-content\/uploads\/2025\/09\/Vernissage6-copie-1024x446.jpg 1024w, https:\/\/galeriebecot.com\/wp-content\/uploads\/2025\/09\/Vernissage6-copie-300x131.jpg 300w, https:\/\/galeriebecot.com\/wp-content\/uploads\/2025\/09\/Vernissage6-copie-768x334.jpg 768w, https:\/\/galeriebecot.com\/wp-content\/uploads\/2025\/09\/Vernissage6-copie.jpg 1440w\" sizes=\"auto, (max-width: 1024px) 100vw, 1024px\" \/><\/a><figcaption class=\"wp-element-caption\"><a href=\"https:\/\/galeriebecot.com\/?p=10162\"><em>Cr\u00e9dit photo<\/em> : Serge Philippe <strong>Tremblay<\/strong><\/a><\/figcaption><\/figure>\n\n\n\n<figure class=\"wp-block-image size-large\"><a href=\"https:\/\/galeriebecot.com\/wp-content\/uploads\/2025\/09\/vernissage4444.jpg\"><img loading=\"lazy\" decoding=\"async\" width=\"817\" height=\"1024\" src=\"https:\/\/galeriebecot.com\/wp-content\/uploads\/2025\/09\/vernissage4444-817x1024.jpg\" alt=\"\" class=\"wp-image-21175\" srcset=\"https:\/\/galeriebecot.com\/wp-content\/uploads\/2025\/09\/vernissage4444-817x1024.jpg 817w, https:\/\/galeriebecot.com\/wp-content\/uploads\/2025\/09\/vernissage4444-239x300.jpg 239w, https:\/\/galeriebecot.com\/wp-content\/uploads\/2025\/09\/vernissage4444-768x963.jpg 768w, https:\/\/galeriebecot.com\/wp-content\/uploads\/2025\/09\/vernissage4444.jpg 864w\" sizes=\"auto, (max-width: 817px) 100vw, 817px\" \/><\/a><figcaption class=\"wp-element-caption\">Oeuvre #1 \/ Yannick <strong>Auclair<\/strong> &#8211; Oeuvre #2 \/ Aristide<strong> Gagnon <\/strong>&#8211; Oeuvre #3 \/ Marie-\u00c8ve <strong>Fr\u00e9chette<\/strong> &#8211; Oeuvre #4 \/ Don <strong>Darby<\/strong> &#8211; Oeuvre #5 \/ Jean-Pierre <strong>Morin<\/strong> &#8211; Oeuvre #6 \/ Andr\u00e9 <strong>LeMay<\/strong>&#8211; Oeuvre #7 \/<strong> Pibo<\/strong><\/figcaption><\/figure>\n\n\n\n<figure class=\"wp-block-image size-large\"><a href=\"https:\/\/galeriebecot.com\/wp-content\/uploads\/2025\/10\/Estne-malum.jpg\"><img loading=\"lazy\" decoding=\"async\" width=\"831\" height=\"1024\" src=\"https:\/\/galeriebecot.com\/wp-content\/uploads\/2025\/10\/Estne-malum-831x1024.jpg\" alt=\"\" class=\"wp-image-21271\" srcset=\"https:\/\/galeriebecot.com\/wp-content\/uploads\/2025\/10\/Estne-malum-831x1024.jpg 831w, https:\/\/galeriebecot.com\/wp-content\/uploads\/2025\/10\/Estne-malum-243x300.jpg 243w, https:\/\/galeriebecot.com\/wp-content\/uploads\/2025\/10\/Estne-malum-768x947.jpg 768w, https:\/\/galeriebecot.com\/wp-content\/uploads\/2025\/10\/Estne-malum.jpg 1152w\" sizes=\"auto, (max-width: 831px) 100vw, 831px\" \/><\/a><\/figure>\n\n\n\n<p class=\"wp-block-paragraph\">Oeuvre de Andr\u00e9 <strong>B\u00e9cot<\/strong> \/ <em>\u00ab Estne malum peccatum originale ? \u00bb \u00abLa pomme est elle le p\u00e9ch\u00e9 originelle? \u00bb<\/em><\/p>\n\n\n\n<p class=\"wp-block-paragraph\">Techniques mixtes : <em>Bois, verre,<strong> <\/strong>polypropyl\u00e8ne<\/em>, <em>tubes fluorescents<\/em> , <em>polystyr\u00e8ne<\/em>, <em>lumi\u00e8re<\/em> <em>led<\/em>, <em>m\u00e9tal<\/em><\/p>\n\n\n\n<figure class=\"wp-block-image size-full\"><a href=\"https:\/\/www.carolpoulinartiste.com\"><img loading=\"lazy\" decoding=\"async\" width=\"991\" height=\"800\" src=\"https:\/\/galeriebecot.com\/wp-content\/uploads\/2025\/10\/Poulin-Carol.jpeg\" alt=\"\" class=\"wp-image-21254\" srcset=\"https:\/\/galeriebecot.com\/wp-content\/uploads\/2025\/10\/Poulin-Carol.jpeg 991w, https:\/\/galeriebecot.com\/wp-content\/uploads\/2025\/10\/Poulin-Carol-300x242.jpeg 300w, https:\/\/galeriebecot.com\/wp-content\/uploads\/2025\/10\/Poulin-Carol-768x620.jpeg 768w\" sizes=\"auto, (max-width: 991px) 100vw, 991px\" \/><\/a><\/figure>\n\n\n\n<p class=\"wp-block-paragraph\"><a href=\"https:\/\/www.carolpoulinartiste.com\">Oeuvre de Carol <strong>Poulin<\/strong> \/ Huile sur toile<\/a><\/p>\n\n\n\n<figure class=\"wp-block-image size-large\"><a href=\"https:\/\/raav.org\/member\/lyse-marsan\/\"><img loading=\"lazy\" decoding=\"async\" width=\"1024\" height=\"1003\" src=\"https:\/\/galeriebecot.com\/wp-content\/uploads\/2025\/09\/Marsan-Lyse-1024x1003.jpg\" alt=\"\" class=\"wp-image-21179\" srcset=\"https:\/\/galeriebecot.com\/wp-content\/uploads\/2025\/09\/Marsan-Lyse-1024x1003.jpg 1024w, https:\/\/galeriebecot.com\/wp-content\/uploads\/2025\/09\/Marsan-Lyse-300x294.jpg 300w, https:\/\/galeriebecot.com\/wp-content\/uploads\/2025\/09\/Marsan-Lyse-768x752.jpg 768w, https:\/\/galeriebecot.com\/wp-content\/uploads\/2025\/09\/Marsan-Lyse.jpg 1225w\" sizes=\"auto, (max-width: 1024px) 100vw, 1024px\" \/><\/a><figcaption class=\"wp-element-caption\">Oeuvre de Lyse <strong>Marsan<\/strong>. \/<em> La vie est un voyage<\/em> \/ <em>Techniques mixtes<\/em><\/figcaption><\/figure>\n\n\n\n<figure class=\"wp-block-image size-large\"><a href=\"https:\/\/www.facebook.com\/p\/Jean-Gauthier-100057089989187\/?locale=fr_CA\"><img loading=\"lazy\" decoding=\"async\" width=\"1024\" height=\"1018\" src=\"https:\/\/galeriebecot.com\/wp-content\/uploads\/2025\/09\/Gauthier-Jean-1024x1018.jpg\" alt=\"\" class=\"wp-image-21188\" srcset=\"https:\/\/galeriebecot.com\/wp-content\/uploads\/2025\/09\/Gauthier-Jean-1024x1018.jpg 1024w, https:\/\/galeriebecot.com\/wp-content\/uploads\/2025\/09\/Gauthier-Jean-300x298.jpg 300w, https:\/\/galeriebecot.com\/wp-content\/uploads\/2025\/09\/Gauthier-Jean-150x150.jpg 150w, https:\/\/galeriebecot.com\/wp-content\/uploads\/2025\/09\/Gauthier-Jean-768x764.jpg 768w, https:\/\/galeriebecot.com\/wp-content\/uploads\/2025\/09\/Gauthier-Jean-1536x1528.jpg 1536w, https:\/\/galeriebecot.com\/wp-content\/uploads\/2025\/09\/Gauthier-Jean.jpg 1666w\" sizes=\"auto, (max-width: 1024px) 100vw, 1024px\" \/><\/a><figcaption class=\"wp-element-caption\"><a href=\"https:\/\/www.facebook.com\/p\/Jean-Gauthier-100057089989187\/?locale=fr_CA\">Oeuvre de Jean <strong>Gauthier<\/strong><\/a><\/figcaption><\/figure>\n\n\n\n<figure class=\"wp-block-image size-large\"><a href=\"https:\/\/www.mnbaq.org\/artistes\/gnass-peter\"><img loading=\"lazy\" decoding=\"async\" width=\"1024\" height=\"926\" src=\"https:\/\/galeriebecot.com\/wp-content\/uploads\/2025\/09\/Gnass-Peter-1024x926.jpg\" alt=\"\" class=\"wp-image-21183\" srcset=\"https:\/\/galeriebecot.com\/wp-content\/uploads\/2025\/09\/Gnass-Peter-1024x926.jpg 1024w, https:\/\/galeriebecot.com\/wp-content\/uploads\/2025\/09\/Gnass-Peter-300x271.jpg 300w, https:\/\/galeriebecot.com\/wp-content\/uploads\/2025\/09\/Gnass-Peter-768x695.jpg 768w, https:\/\/galeriebecot.com\/wp-content\/uploads\/2025\/09\/Gnass-Peter.jpg 1278w\" sizes=\"auto, (max-width: 1024px) 100vw, 1024px\" \/><\/a><figcaption class=\"wp-element-caption\">Oeuvre  de Peter <strong>Gnass<\/strong> \/<em> Dessin &amp; Photo<\/em><\/figcaption><\/figure>\n\n\n\n<figure class=\"wp-block-image size-full is-resized\"><a href=\"https:\/\/www.michelblouin.com\/index.php?accueil\"><img loading=\"lazy\" decoding=\"async\" width=\"432\" height=\"512\" src=\"https:\/\/galeriebecot.com\/wp-content\/uploads\/2025\/09\/Poupee-japonaise.jpg\" alt=\"\" class=\"wp-image-21191\" style=\"width:496px;height:auto\" srcset=\"https:\/\/galeriebecot.com\/wp-content\/uploads\/2025\/09\/Poupee-japonaise.jpg 432w, https:\/\/galeriebecot.com\/wp-content\/uploads\/2025\/09\/Poupee-japonaise-253x300.jpg 253w\" sizes=\"auto, (max-width: 432px) 100vw, 432px\" \/><\/a><figcaption class=\"wp-element-caption\">Oeuvre de Michel <strong>Blouin<\/strong> \/ Poup\u00e9e Japonaise \/ Collage &amp; Huile<\/figcaption><\/figure>\n\n\n\n<figure class=\"wp-block-image size-full is-resized\"><a href=\"https:\/\/www.thompsonlandry.com\/artists\/a_leblond.html\"><img loading=\"lazy\" decoding=\"async\" width=\"864\" height=\"951\" src=\"https:\/\/galeriebecot.com\/wp-content\/uploads\/2025\/09\/LeBlond.jpg\" alt=\"\" class=\"wp-image-21220\" style=\"width:474px;height:auto\" srcset=\"https:\/\/galeriebecot.com\/wp-content\/uploads\/2025\/09\/LeBlond.jpg 864w, https:\/\/galeriebecot.com\/wp-content\/uploads\/2025\/09\/LeBlond-273x300.jpg 273w, https:\/\/galeriebecot.com\/wp-content\/uploads\/2025\/09\/LeBlond-768x845.jpg 768w\" sizes=\"auto, (max-width: 864px) 100vw, 864px\" \/><\/a><\/figure>\n\n\n\n<p class=\"wp-block-paragraph\"><a href=\"https:\/\/www.thompsonlandry.com\/artists\/a_leblond.html\">Oeuvre de Alain <strong>Leblond<\/strong> \/ Id\u00e9e germant du cerveau de LeBlond _ <em>\u00c9preuve de l&rsquo;artiste<\/em><\/a><\/p>\n\n\n\n<figure class=\"wp-block-image size-full is-resized\"><a href=\"https:\/\/galeriebecot.com\/wp-content\/uploads\/2025\/10\/Orang-Outan-Web.jpg\"><img loading=\"lazy\" decoding=\"async\" width=\"576\" height=\"935\" src=\"https:\/\/galeriebecot.com\/wp-content\/uploads\/2025\/10\/Orang-Outan-Web.jpg\" alt=\"\" class=\"wp-image-21296\" style=\"width:486px;height:auto\" srcset=\"https:\/\/galeriebecot.com\/wp-content\/uploads\/2025\/10\/Orang-Outan-Web.jpg 576w, https:\/\/galeriebecot.com\/wp-content\/uploads\/2025\/10\/Orang-Outan-Web-185x300.jpg 185w\" sizes=\"auto, (max-width: 576px) 100vw, 576px\" \/><\/a><\/figure>\n\n\n\n<p class=\"wp-block-paragraph\"><a href=\"https:\/\/galerielacerte.com\/project\/darby-don\">Oeuvre de Don <strong>Darby<\/strong> \/ Orang-Outan_<em> En danger critique de disparition<\/em><\/a><\/p>\n\n\n\n<figure class=\"wp-block-image size-large is-resized\"><a href=\"https:\/\/galeriebecot.com\/?p=5132\"><img loading=\"lazy\" decoding=\"async\" width=\"974\" height=\"1024\" src=\"https:\/\/galeriebecot.com\/wp-content\/uploads\/2025\/10\/Porter-le-ciel-974x1024.jpg\" alt=\"\" class=\"wp-image-21228\" style=\"width:480px;height:auto\" srcset=\"https:\/\/galeriebecot.com\/wp-content\/uploads\/2025\/10\/Porter-le-ciel-974x1024.jpg 974w, https:\/\/galeriebecot.com\/wp-content\/uploads\/2025\/10\/Porter-le-ciel-285x300.jpg 285w, https:\/\/galeriebecot.com\/wp-content\/uploads\/2025\/10\/Porter-le-ciel-768x808.jpg 768w, https:\/\/galeriebecot.com\/wp-content\/uploads\/2025\/10\/Porter-le-ciel.jpg 1292w\" sizes=\"auto, (max-width: 974px) 100vw, 974px\" \/><\/a><\/figure>\n\n\n\n<p class=\"wp-block-paragraph\">Le <a href=\"https:\/\/galeriebecot.com\/?p=5132\"><strong>Gaminet<\/strong> _<strong>Porter le ciel<\/strong>_ est maintenant disponible !<\/a><\/p>\n\n\n\n<p class=\"wp-block-paragraph\">Me contacter au _becotatelier@videotron.ca_ Prix 35 $<\/p>\n\n\n\n<figure class=\"wp-block-image size-full\"><a href=\"https:\/\/galeriebecot.com\/wp-content\/uploads\/2025\/09\/t.jpg\"><img loading=\"lazy\" decoding=\"async\" width=\"976\" height=\"505\" src=\"https:\/\/galeriebecot.com\/wp-content\/uploads\/2025\/09\/t.jpg\" alt=\"\" class=\"wp-image-21226\" srcset=\"https:\/\/galeriebecot.com\/wp-content\/uploads\/2025\/09\/t.jpg 976w, https:\/\/galeriebecot.com\/wp-content\/uploads\/2025\/09\/t-300x155.jpg 300w, https:\/\/galeriebecot.com\/wp-content\/uploads\/2025\/09\/t-768x397.jpg 768w\" sizes=\"auto, (max-width: 976px) 100vw, 976px\" \/><\/a><\/figure>\n\n\n\n<p class=\"wp-block-paragraph\">\u00ab<strong> Lorsqu\u2019un simple Gaminet <\/strong>\u2014 ce t-shirt l\u00e9ger, souffle de coton et d\u2019\u00e9t\u00e9 \u2014 se laisse traverser par l\u2019art, il se m\u00e9tamorphose en pr\u00eat-\u00e0-porter po\u00e9tique, \u0153uvre sensible \u00e0 fleur de peau, caresse de textile et d\u2019imaginaire, o\u00f9 chaque fibre raconte une histoire, chaque couture devient un vers. Cette transformation s\u2019inscrit dans le cadre des Journ\u00e9es de la culture, o\u00f9 l\u2019art se glisse dans le quotidien et fait du v\u00eatement un espace de cr\u00e9ation et de partage. \u00bb<\/p>\n\n\n\n<p class=\"wp-block-paragraph\">Le th\u00e8me de cette \u00e9dition :&nbsp;<strong>\u00ab La culture fait du bien \u00bb<\/strong>, met en lumi\u00e8re le pouvoir de la culture comme source de bien-\u00eatre, de gu\u00e9rison et de rassemblement. Une invitation \u00e0 c\u00e9l\u00e9brer, ensemble, la richesse des expressions artistiques et leur impact profond\u00e9ment humain.&nbsp;<\/p>\n\n\n\n<p class=\"wp-block-paragraph\"><strong>Th\u00e8me propos\u00e9 par l\u2019atelier Galerie B\u00e9cot :&nbsp;<\/strong><strong>Un pr\u00eat-\u00e0-porter qui fait du bien&nbsp;<\/strong><\/p>\n\n\n\n<p class=\"wp-block-paragraph\"><strong>Exposition et moments de rencontre :&nbsp;<\/strong><\/p>\n\n\n\n<p class=\"wp-block-paragraph\"><strong>Vernissage&nbsp;<\/strong>: vendredi 26 septembre en formule 5 \u00e0 7<br><strong>Ouverture de la galerie&nbsp;<\/strong>: samedi 27 et dimanche 28 septembre, de 13 h \u00e0 16 h.&nbsp;<strong>Bienvenue \u00e0 toutes et \u00e0 tous !&nbsp;<\/strong><\/p>\n\n\n\n<figure class=\"wp-block-image size-large\"><a href=\"https:\/\/www.journeesdelaculture.qc.ca\"><img loading=\"lazy\" decoding=\"async\" width=\"1024\" height=\"627\" src=\"https:\/\/www.galeriebecot.com\/wp-content\/uploads\/2025\/09\/Journees-cullture-Web-1024x627.jpg\" alt=\"\" class=\"wp-image-20944\" srcset=\"https:\/\/galeriebecot.com\/wp-content\/uploads\/2025\/09\/Journees-cullture-Web-1024x627.jpg 1024w, https:\/\/galeriebecot.com\/wp-content\/uploads\/2025\/09\/Journees-cullture-Web-300x184.jpg 300w, https:\/\/galeriebecot.com\/wp-content\/uploads\/2025\/09\/Journees-cullture-Web-768x470.jpg 768w, https:\/\/galeriebecot.com\/wp-content\/uploads\/2025\/09\/Journees-cullture-Web-1536x940.jpg 1536w, https:\/\/galeriebecot.com\/wp-content\/uploads\/2025\/09\/Journees-cullture-Web-2048x1253.jpg 2048w\" sizes=\"auto, (max-width: 1024px) 100vw, 1024px\" \/><\/a><\/figure>\n\n\n\n<p class=\"wp-block-paragraph\"><em>Ce collectif est possible gr\u00e2ce aux artistes suivants<\/em> :&nbsp;<\/p>\n\n\n\n<p class=\"wp-block-paragraph\"><strong>Auclai<\/strong>r Yannick, <strong>Becot<\/strong> Andr\u00e9, <strong>Bernier<\/strong> Yolande,<strong>Blouin<\/strong> Michel,<strong>Bourgeois<\/strong> Georgette, <strong>Bujold<\/strong> Margot, <strong>Casavent<\/strong> Th\u00e9r\u00e8se<\/p>\n\n\n\n<p class=\"wp-block-paragraph\"><strong>Comeau <\/strong>Pierette, <strong>Darby<\/strong> Don,<strong> Fr\u00e9chette<\/strong> Marie-Eve, <strong>Denis <\/strong>Jacqueline,<strong> Drouin<\/strong> France,<strong>Gagnon<\/strong> Aristide, <strong>Gagnon<\/strong> Magelline, <strong>Gaudreau<\/strong> Jean ,<strong>  Gauthier <\/strong>Jean, &nbsp;<strong>Gnass<\/strong> Peter<\/p>\n\n\n\n<p class=\"wp-block-paragraph\"><strong>Gruais<\/strong> Viviane, <strong>Gu\u00e9rin<\/strong> Marc, <strong>Landry<\/strong> Fabienne,<strong>Laberge<\/strong> Janick, <strong>LeBlond<\/strong> Alain,<strong> Magnan<\/strong> Jacques, <strong>Marsan<\/strong> Lyse, <strong>Matte<\/strong> Colette, <strong>Morin<\/strong> Jean-Pierre<\/p>\n\n\n\n<p class=\"wp-block-paragraph\"><strong>Oliver<\/strong> Vicky, <strong>Patry <\/strong>Suzette, <strong>PIBO<\/strong>, <strong>Pigeon<\/strong> Michel,<strong> Plante<\/strong> Marie ,<strong>Poulin<\/strong> Carol, <strong>Richard<\/strong> Jean-Yves<strong>, Rioux <\/strong>Marie, <strong>Tremblay<\/strong> Angelo<\/p>\n\n\n\n<p class=\"wp-block-paragraph\"><strong>Tremblay<\/strong> Serge Philippe, <strong>Thiboutot <\/strong>Marthe, <strong>Tremblay<\/strong> Kl\u00f6dy,<strong>Tremblay<\/strong> Angelo, <strong>Turgeon <\/strong>Carole, <strong>Turgeon<\/strong> Marc, <strong>S\u00e9vigny<\/strong> Gilbert,<\/p>\n\n\n\n<p class=\"wp-block-paragraph\"><strong>Sylvain <\/strong>Jacques, <strong>Vachon<\/strong> Brigitte, <strong>Valli\u00e8res<\/strong> Michel<\/p>\n\n\n\n<figure class=\"wp-block-image size-large\"><a href=\"https:\/\/galeriebecot.com\/wp-content\/uploads\/2025\/09\/Journees-Mise-a-jour.jpg\"><img loading=\"lazy\" decoding=\"async\" width=\"864\" height=\"1024\" src=\"https:\/\/galeriebecot.com\/wp-content\/uploads\/2025\/09\/Journees-Mise-a-jour-864x1024.jpg\" alt=\"\" class=\"wp-image-21150\" srcset=\"https:\/\/galeriebecot.com\/wp-content\/uploads\/2025\/09\/Journees-Mise-a-jour-864x1024.jpg 864w, https:\/\/galeriebecot.com\/wp-content\/uploads\/2025\/09\/Journees-Mise-a-jour-253x300.jpg 253w, https:\/\/galeriebecot.com\/wp-content\/uploads\/2025\/09\/Journees-Mise-a-jour-768x910.jpg 768w, https:\/\/galeriebecot.com\/wp-content\/uploads\/2025\/09\/Journees-Mise-a-jour.jpg 1094w\" sizes=\"auto, (max-width: 864px) 100vw, 864px\" \/><\/a><figcaption class=\"wp-element-caption\">Screenshot<\/figcaption><\/figure>\n","protected":false},"excerpt":{"rendered":"<p>En art, la grandeur ne se mesure pas \u00e0 la taille d&rsquo;une oeuvre. Un petit format peut r\u00e9v\u00e9ler une force, une \u00e9motion et une ma\u00eetrise exceptionnelles. Comme la c\u00e9l\u00e8bre Joconde,&hellip; <\/p>\n","protected":false},"author":1,"featured_media":0,"comment_status":"open","ping_status":"open","sticky":false,"template":"","format":"standard","meta":{"_exactmetrics_skip_tracking":false,"_exactmetrics_sitenote_active":false,"_exactmetrics_sitenote_note":"","_exactmetrics_sitenote_category":0,"footnotes":""},"categories":[27,18],"tags":[34,4931,4937,4933,4936,4934,1129,752,1642,4945,35,4935,1135,4938,4940,4939,4941,4953,4942,1754,1755,58,4947,1570,2483,2772,4948,2324,1142,4956,759,4949,37,760,4943,4946,4955,1653,4951,4950,40],"class_list":["post-20943","post","type-post","status-publish","format-standard","hentry","category-artistes","category-evenement","tag-andre-becot","tag-auclair-yannick","tag-becot-andre-2","tag-bernier-yolande","tag-blouin-michel","tag-bourgeois-georgette","tag-bujold-margot","tag-darby-don","tag-denis-jacqueline","tag-drouin-france","tag-foire-en-arts-actuel","tag-frechette-marie-eve","tag-gagnon-aristide","tag-gagnon-magelline","tag-gaudreau-jean","tag-gauthier-jean","tag-guerin-marc","tag-laberge-janick","tag-landry-fabienne","tag-leblond-alain","tag-magnan-jacques","tag-marc-bellemare-collectionneur","tag-marsan-lyse","tag-matte-colette","tag-patry-suzette","tag-pibo","tag-pigeon-michel","tag-plante-marie","tag-poulin-carol","tag-richard-jean-yves","tag-rioux-marie","tag-sevigny-gilbert-2","tag-studio-becot","tag-sylvain-jacques","tag-thiboutot-marthe","tag-tremblay-angelo","tag-tremblay-klody","tag-turgeon-carole","tag-turgeon-marc","tag-vachon-brigitte","tag-visuals-arts"],"_links":{"self":[{"href":"https:\/\/galeriebecot.com\/index.php?rest_route=\/wp\/v2\/posts\/20943","targetHints":{"allow":["GET"]}}],"collection":[{"href":"https:\/\/galeriebecot.com\/index.php?rest_route=\/wp\/v2\/posts"}],"about":[{"href":"https:\/\/galeriebecot.com\/index.php?rest_route=\/wp\/v2\/types\/post"}],"author":[{"embeddable":true,"href":"https:\/\/galeriebecot.com\/index.php?rest_route=\/wp\/v2\/users\/1"}],"replies":[{"embeddable":true,"href":"https:\/\/galeriebecot.com\/index.php?rest_route=%2Fwp%2Fv2%2Fcomments&post=20943"}],"version-history":[{"count":65,"href":"https:\/\/galeriebecot.com\/index.php?rest_route=\/wp\/v2\/posts\/20943\/revisions"}],"predecessor-version":[{"id":21412,"href":"https:\/\/galeriebecot.com\/index.php?rest_route=\/wp\/v2\/posts\/20943\/revisions\/21412"}],"wp:attachment":[{"href":"https:\/\/galeriebecot.com\/index.php?rest_route=%2Fwp%2Fv2%2Fmedia&parent=20943"}],"wp:term":[{"taxonomy":"category","embeddable":true,"href":"https:\/\/galeriebecot.com\/index.php?rest_route=%2Fwp%2Fv2%2Fcategories&post=20943"},{"taxonomy":"post_tag","embeddable":true,"href":"https:\/\/galeriebecot.com\/index.php?rest_route=%2Fwp%2Fv2%2Ftags&post=20943"}],"curies":[{"name":"wp","href":"https:\/\/api.w.org\/{rel}","templated":true}]}}