{"id":20927,"date":"2025-09-10T15:03:00","date_gmt":"2025-09-10T19:03:00","guid":{"rendered":"https:\/\/www.clubdescollectionneursenartsvisuelsdequebec.com\/?p=20927"},"modified":"2025-09-23T18:40:51","modified_gmt":"2025-09-23T22:40:51","slug":"grand-entretien-avec-marc-bellemare","status":"publish","type":"post","link":"https:\/\/galeriebecot.com\/?p=20927","title":{"rendered":"Grand entretien avec Marc Bellemare"},"content":{"rendered":"\n<p class=\"wp-block-paragraph\"><strong>Un grand collectionneur en arts visuels<\/strong> est une personne qui r\u00e9unit, conserve et valorise un ensemble important d\u2019\u0153uvres d\u2019art avec une vision artistique, historique ou culturelle affirm\u00e9e. Par ses acquisitions, ses soutiens aux artistes, ses pr\u00eats \u00e0 des expositions ou mus\u00e9es, \u00e0 la reconnaissance et \u00e0 l\u2019histoire de l\u2019art.<\/p>\n\n\n\n<p class=\"wp-block-paragraph\">Ancien logo du club.<\/p>\n\n\n\n<figure class=\"wp-block-image size-full is-resized\"><a href=\"https:\/\/www.galeriebecot.com\/wp-content\/uploads\/2025\/09\/08756659-8EB9-483A-81C5-E3556870D691.jpeg\"><img loading=\"lazy\" decoding=\"async\" width=\"335\" height=\"344\" src=\"https:\/\/www.galeriebecot.com\/wp-content\/uploads\/2025\/09\/08756659-8EB9-483A-81C5-E3556870D691.jpeg\" alt=\"\" class=\"wp-image-21080\" style=\"width:88px;height:90px\" srcset=\"https:\/\/galeriebecot.com\/wp-content\/uploads\/2025\/09\/08756659-8EB9-483A-81C5-E3556870D691.jpeg 335w, https:\/\/galeriebecot.com\/wp-content\/uploads\/2025\/09\/08756659-8EB9-483A-81C5-E3556870D691-292x300.jpeg 292w\" sizes=\"auto, (max-width: 335px) 100vw, 335px\" \/><\/a><\/figure>\n\n\n\n<p class=\"wp-block-paragraph\"><em><strong>\u00ab ancien leitmotiv \u00bb<\/strong>&nbsp;<\/em><\/p>\n\n\n\n<p class=\"wp-block-paragraph\">Le club des <strong>Collectionneurs en Arts Visuels de Qu\u00e9bec<\/strong> a pour objectif de favoriser les \u00e9changes entre collectionneurs.Il permet \u00e9galement de prendre connaissance des nouvelles tendances du march\u00e9 de l\u2019art et de mieux connaitre l\u2019importance  de l\u2019art Qu\u00e9b\u00e9cois<\/p>\n\n\n\n<p class=\"wp-block-paragraph\">Nouveau logo du club.<\/p>\n\n\n\n<figure class=\"wp-block-image size-full is-resized\"><a href=\"https:\/\/www.clubdescollectionneursenartsvisuelsdequebec.com\/bio\"><img loading=\"lazy\" decoding=\"async\" width=\"184\" height=\"177\" src=\"https:\/\/www.galeriebecot.com\/wp-content\/uploads\/2025\/09\/F82B607B-6A2E-4716-B367-7D58BB22303F.jpeg\" alt=\"\" class=\"wp-image-21087\" style=\"width:98px;height:95px\"\/><\/a><\/figure>\n\n\n\n<p class=\"wp-block-paragraph\"><em><strong>\u00ab nouveau leitmotiv \u00bb.<\/strong><\/em><\/p>\n\n\n\n<p class=\"wp-block-paragraph\"><strong><a href=\"https:\/\/www.clubdescollectionneursenartsvisuelsdequebec.com\/bio\">La mission du Club consiste \u00e0 mettre en valeur les arts visuels et leurs cr\u00e9ateurs aupr\u00e8s du public et \u00e0 faire du Club un lieu d\u2019apprentissage, d&rsquo;\u00e9changes et de rencontres entre passionn\u00e9s.<\/a><\/strong><\/p>\n\n\n\n<p class=\"wp-block-paragraph\"><\/p>\n\n\n\n<p class=\"wp-block-paragraph\"><strong>Centre Fr\u00e9d\u00e9ric Back, <\/strong><em>870 Avenue de Salaberry, Qu\u00e9bec, QCG1R 2T9<\/em>. <\/p>\n\n\n\n<p class=\"wp-block-paragraph\"><strong>Bienvenue \u00e0 tous ! le mercredi 17 septembre \u00e0 19h.<\/strong><\/p>\n\n\n\n<figure class=\"wp-block-image size-large\"><a href=\"https:\/\/www.clubdescollectionneursenartsvisuelsdequebec.com\/bio\"><img loading=\"lazy\" decoding=\"async\" width=\"994\" height=\"1024\" src=\"https:\/\/www.galeriebecot.com\/wp-content\/uploads\/2025\/09\/Invitation-Club1-994x1024.jpg\" alt=\"\" class=\"wp-image-20937\" srcset=\"https:\/\/galeriebecot.com\/wp-content\/uploads\/2025\/09\/Invitation-Club1-994x1024.jpg 994w, https:\/\/galeriebecot.com\/wp-content\/uploads\/2025\/09\/Invitation-Club1-291x300.jpg 291w, https:\/\/galeriebecot.com\/wp-content\/uploads\/2025\/09\/Invitation-Club1-768x791.jpg 768w, https:\/\/galeriebecot.com\/wp-content\/uploads\/2025\/09\/Invitation-Club1-1491x1536.jpg 1491w, https:\/\/galeriebecot.com\/wp-content\/uploads\/2025\/09\/Invitation-Club1.jpg 1509w\" sizes=\"auto, (max-width: 994px) 100vw, 994px\" \/><\/a><\/figure>\n","protected":false},"excerpt":{"rendered":"<p>Un grand collectionneur en arts visuels est une personne qui r\u00e9unit, conserve et valorise un ensemble important d\u2019\u0153uvres d\u2019art avec une vision artistique, historique ou culturelle affirm\u00e9e. Par ses acquisitions,&hellip; <\/p>\n","protected":false},"author":1,"featured_media":0,"comment_status":"open","ping_status":"open","sticky":false,"template":"","format":"standard","meta":{"_exactmetrics_skip_tracking":false,"_exactmetrics_sitenote_active":false,"_exactmetrics_sitenote_note":"","_exactmetrics_sitenote_category":0,"footnotes":""},"categories":[27,17],"tags":[],"class_list":["post-20927","post","type-post","status-publish","format-standard","hentry","category-artistes","category-conference"],"_links":{"self":[{"href":"https:\/\/galeriebecot.com\/index.php?rest_route=\/wp\/v2\/posts\/20927","targetHints":{"allow":["GET"]}}],"collection":[{"href":"https:\/\/galeriebecot.com\/index.php?rest_route=\/wp\/v2\/posts"}],"about":[{"href":"https:\/\/galeriebecot.com\/index.php?rest_route=\/wp\/v2\/types\/post"}],"author":[{"embeddable":true,"href":"https:\/\/galeriebecot.com\/index.php?rest_route=\/wp\/v2\/users\/1"}],"replies":[{"embeddable":true,"href":"https:\/\/galeriebecot.com\/index.php?rest_route=%2Fwp%2Fv2%2Fcomments&post=20927"}],"version-history":[{"count":33,"href":"https:\/\/galeriebecot.com\/index.php?rest_route=\/wp\/v2\/posts\/20927\/revisions"}],"predecessor-version":[{"id":21147,"href":"https:\/\/galeriebecot.com\/index.php?rest_route=\/wp\/v2\/posts\/20927\/revisions\/21147"}],"wp:attachment":[{"href":"https:\/\/galeriebecot.com\/index.php?rest_route=%2Fwp%2Fv2%2Fmedia&parent=20927"}],"wp:term":[{"taxonomy":"category","embeddable":true,"href":"https:\/\/galeriebecot.com\/index.php?rest_route=%2Fwp%2Fv2%2Fcategories&post=20927"},{"taxonomy":"post_tag","embeddable":true,"href":"https:\/\/galeriebecot.com\/index.php?rest_route=%2Fwp%2Fv2%2Ftags&post=20927"}],"curies":[{"name":"wp","href":"https:\/\/api.w.org\/{rel}","templated":true}]}}