{"id":20845,"date":"2025-07-05T17:41:00","date_gmt":"2025-07-05T21:41:00","guid":{"rendered":"https:\/\/www.clubdescollectionneursenartsvisuelsdequebec.com\/?p=20845"},"modified":"2025-07-07T17:54:24","modified_gmt":"2025-07-07T21:54:24","slug":"revue-espace","status":"publish","type":"post","link":"https:\/\/galeriebecot.com\/?p=20845","title":{"rendered":"Revue Espace"},"content":{"rendered":"\n<p class=\"wp-block-paragraph\"><a href=\"https:\/\/espaceartactuel.com\">Andr\u00e9- Louis Par\u00e9 passe le flambeau apr\u00e8s plus d&rsquo;une d\u00e9cennie \u00e0 la t\u00eate de la revue !<\/a><\/p>\n\n\n\n<figure class=\"wp-block-image size-large is-resized\"><a href=\"https:\/\/espaceartactuel.com\"><img loading=\"lazy\" decoding=\"async\" src=\"https:\/\/www.galeriebecot.com\/wp-content\/uploads\/2025\/07\/ESPACE-791x1024.jpg\" alt=\"\" class=\"wp-image-20846\" width=\"616\" height=\"797\" srcset=\"https:\/\/galeriebecot.com\/wp-content\/uploads\/2025\/07\/ESPACE-791x1024.jpg 791w, https:\/\/galeriebecot.com\/wp-content\/uploads\/2025\/07\/ESPACE-232x300.jpg 232w, https:\/\/galeriebecot.com\/wp-content\/uploads\/2025\/07\/ESPACE-768x994.jpg 768w, https:\/\/galeriebecot.com\/wp-content\/uploads\/2025\/07\/ESPACE-1187x1536.jpg 1187w, https:\/\/galeriebecot.com\/wp-content\/uploads\/2025\/07\/ESPACE.jpg 1224w\" sizes=\"auto, (max-width: 616px) 100vw, 616px\" \/><\/a><\/figure>\n","protected":false},"excerpt":{"rendered":"<p>Andr\u00e9- Louis Par\u00e9 passe le flambeau apr\u00e8s plus d&rsquo;une d\u00e9cennie \u00e0 la t\u00eate de la revue !<\/p>\n","protected":false},"author":1,"featured_media":0,"comment_status":"open","ping_status":"open","sticky":false,"template":"","format":"standard","meta":{"_exactmetrics_skip_tracking":false,"_exactmetrics_sitenote_active":false,"_exactmetrics_sitenote_note":"","_exactmetrics_sitenote_category":0,"footnotes":""},"categories":[20,27,22],"tags":[4920,34,6,67,66,4924,4923,58,4922,4925,4921,4919,37,40],"class_list":["post-20845","post","type-post","status-publish","format-standard","hentry","category-article-descriptif","category-artistes","category-catalogues","tag-andre-louis-pare-2","tag-andre-becot","tag-club-des-collectionneurs-en-arts-visuels-de-quebec","tag-club-des-collectionneurs-en-arts-visuels-de-quebec-marc-bellemare","tag-club-des-collectionneurs-en-arts-visuels-de-quebec-studio-becot","tag-denis-rousseau","tag-gauthier-melin","tag-marc-bellemare-collectionneur","tag-mona-hakim","tag-pascale-tremblay","tag-pierre-chevalier","tag-revue-espace","tag-studio-becot","tag-visuals-arts"],"_links":{"self":[{"href":"https:\/\/galeriebecot.com\/index.php?rest_route=\/wp\/v2\/posts\/20845","targetHints":{"allow":["GET"]}}],"collection":[{"href":"https:\/\/galeriebecot.com\/index.php?rest_route=\/wp\/v2\/posts"}],"about":[{"href":"https:\/\/galeriebecot.com\/index.php?rest_route=\/wp\/v2\/types\/post"}],"author":[{"embeddable":true,"href":"https:\/\/galeriebecot.com\/index.php?rest_route=\/wp\/v2\/users\/1"}],"replies":[{"embeddable":true,"href":"https:\/\/galeriebecot.com\/index.php?rest_route=%2Fwp%2Fv2%2Fcomments&post=20845"}],"version-history":[{"count":5,"href":"https:\/\/galeriebecot.com\/index.php?rest_route=\/wp\/v2\/posts\/20845\/revisions"}],"predecessor-version":[{"id":20853,"href":"https:\/\/galeriebecot.com\/index.php?rest_route=\/wp\/v2\/posts\/20845\/revisions\/20853"}],"wp:attachment":[{"href":"https:\/\/galeriebecot.com\/index.php?rest_route=%2Fwp%2Fv2%2Fmedia&parent=20845"}],"wp:term":[{"taxonomy":"category","embeddable":true,"href":"https:\/\/galeriebecot.com\/index.php?rest_route=%2Fwp%2Fv2%2Fcategories&post=20845"},{"taxonomy":"post_tag","embeddable":true,"href":"https:\/\/galeriebecot.com\/index.php?rest_route=%2Fwp%2Fv2%2Ftags&post=20845"}],"curies":[{"name":"wp","href":"https:\/\/api.w.org\/{rel}","templated":true}]}}