{"id":20802,"date":"2025-06-19T15:27:00","date_gmt":"2025-06-19T19:27:00","guid":{"rendered":"https:\/\/www.clubdescollectionneursenartsvisuelsdequebec.com\/?p=20802"},"modified":"2025-06-24T23:33:29","modified_gmt":"2025-06-25T03:33:29","slug":"du-geste-a-la-lumiere_-sur-les-traces-de-marcelle-ferron","status":"publish","type":"post","link":"https:\/\/galeriebecot.com\/?p=20802","title":{"rendered":"Du geste \u00e0 la lumi\u00e8re_ Sur les traces de Marcelle Ferron."},"content":{"rendered":"\n<figure class=\"wp-block-image size-large\"><a href=\"https:\/\/www.assnat.qc.ca\/fr\/visiteurs\/programmation-citoyenne\/marcelle-ferron.html\"><img loading=\"lazy\" decoding=\"async\" width=\"1024\" height=\"859\" src=\"https:\/\/www.galeriebecot.com\/wp-content\/uploads\/2025\/06\/Collectif-Amalgame-1024x859.jpg\" alt=\"\" class=\"wp-image-20803\" srcset=\"https:\/\/galeriebecot.com\/wp-content\/uploads\/2025\/06\/Collectif-Amalgame-1024x859.jpg 1024w, https:\/\/galeriebecot.com\/wp-content\/uploads\/2025\/06\/Collectif-Amalgame-300x252.jpg 300w, https:\/\/galeriebecot.com\/wp-content\/uploads\/2025\/06\/Collectif-Amalgame-768x644.jpg 768w, https:\/\/galeriebecot.com\/wp-content\/uploads\/2025\/06\/Collectif-Amalgame-1536x1288.jpg 1536w, https:\/\/galeriebecot.com\/wp-content\/uploads\/2025\/06\/Collectif-Amalgame.jpg 1717w\" sizes=\"auto, (max-width: 1024px) 100vw, 1024px\" \/><\/a><\/figure>\n\n\n\n<p class=\"wp-block-paragraph\">Le collectif Amalgame est compos\u00e9 des Artistes suivant : <em>Pauline<\/em> <strong>Bernatchez<\/strong>, <em>Danielle <\/em><strong>Boulet<\/strong>, <em>Margot<\/em> <strong>Bujold<\/strong>, <em>Jos\u00e9e <\/em><strong>Mainguy<\/strong>, <em>Brigitte<\/em> <strong>Michaud<\/strong>, <em>Suzanne<\/em> <strong>Parent<\/strong>, <em>Francine<\/em> <strong>Rivest<\/strong>, <em>Suzanne<\/em> <strong>Royer<\/strong>, <em>Brigitte<\/em> <strong>Vachon<\/strong><\/p>\n\n\n\n<p class=\"wp-block-paragraph\">Marcelle Ferron est une artiste\u00a0<strong>libre, engag\u00e9e et novatrice<\/strong>, qui a contribu\u00e9 \u00e0 faire \u00e9clater les cadres traditionnels de l\u2019art au Qu\u00e9bec. Son passage de la peinture au vitrail t\u00e9moigne d\u2019une constante volont\u00e9 d\u2019explorer la mati\u00e8re et la lumi\u00e8re, tout en affirmant une parole artistique f\u00e9minine forte, dans un milieu encore largement domin\u00e9 par les hommes.<\/p>\n\n\n\n<p class=\"wp-block-paragraph\">Marcelle Ferron (1924-2001) est une figure embl\u00e9matique de l\u2019art moderne au Qu\u00e9bec. Peintre et vitrailliste, elle s\u2019est impos\u00e9e comme une pionni\u00e8re de l\u2019abstraction et une militante artistique au sein du mouvement&nbsp;<strong>automatiste<\/strong>, aux c\u00f4t\u00e9s de Paul-\u00c9mile Borduas, Jean-Paul Riopelle et d&rsquo;autres artistes d&rsquo;avant-garde.<\/p>\n\n\n\n<hr class=\"wp-block-separator\"\/>\n\n\n\n<h3 class=\"wp-block-heading\"><strong>Parcours artistique<\/strong><\/h3>\n\n\n\n<p class=\"wp-block-paragraph\">N\u00e9e \u00e0 Louiseville, elle commence des \u00e9tudes en art \u00e0 l\u2019\u00c9cole des beaux-arts de Qu\u00e9bec, mais quitte rapidement cet enseignement qu\u2019elle juge trop rigide. Elle rejoint ensuite&nbsp;<strong>le mouvement automatiste<\/strong>&nbsp;fond\u00e9 par Borduas \u00e0 Montr\u00e9al. Ensemble, ils cosignent en 1948 le&nbsp;<strong>Refus global<\/strong>, un manifeste radical qui rejette l&rsquo;autorit\u00e9 de l&rsquo;\u00c9glise et de l&rsquo;\u00c9tat, et appelle \u00e0 une lib\u00e9ration de l&rsquo;esprit cr\u00e9atif au Qu\u00e9bec. Ce geste reste un moment fondateur dans l\u2019histoire culturelle qu\u00e9b\u00e9coise.<\/p>\n\n\n\n<p class=\"wp-block-paragraph\">Marcelle Ferron d\u00e9veloppe un langage artistique&nbsp;<strong>abstrait et gestuel<\/strong>, influenc\u00e9 par l\u2019automatisme et l\u2019expressionnisme abstrait. Ses \u0153uvres sont souvent pleines de mouvement, de lumi\u00e8re, de contraste, et marqu\u00e9es par une grande libert\u00e9 formelle.<\/p>\n\n\n\n<hr class=\"wp-block-separator\"\/>\n\n\n\n<h3 class=\"wp-block-heading\"><strong>Lumi\u00e8re et verre<\/strong><\/h3>\n\n\n\n<p class=\"wp-block-paragraph\">Dans les ann\u00e9es 1960, elle s&rsquo;int\u00e9resse au&nbsp;<strong>vitrail<\/strong>, un m\u00e9dium qui lui permet d&rsquo;explorer la lumi\u00e8re autrement. Elle devient une pionni\u00e8re dans ce domaine au Qu\u00e9bec. Son \u0153uvre la plus connue dans ce registre est sans doute le&nbsp;<strong>vitrail de la station de m\u00e9tro Champ-de-Mars \u00e0 Montr\u00e9al<\/strong>, r\u00e9alis\u00e9 en 1968. C\u2019est l\u2019une des premi\u00e8res \u0153uvres d\u2019art int\u00e9gr\u00e9es dans le m\u00e9tro de Montr\u00e9al, et une des premi\u00e8res \u00e0 \u00eatre sign\u00e9e par une femme. Elle a aussi r\u00e9alis\u00e9 des vitraux pour des b\u00e2timents publics, notamment \u00e0 l\u2019Universit\u00e9 Laval et \u00e0 l\u2019H\u00f4pital Sainte-Justine.<\/p>\n\n\n\n<hr class=\"wp-block-separator\"\/>\n\n\n\n<h3 class=\"wp-block-heading\"><strong>Reconnaissance<\/strong><\/h3>\n\n\n\n<ul class=\"wp-block-list\"><li>En 1983, elle re\u00e7oit le&nbsp;<strong>prix Paul-\u00c9mile-Borduas<\/strong>, la plus haute distinction en arts visuels au Qu\u00e9bec.<\/li><li>En 2000, elle est nomm\u00e9e&nbsp;<strong>Grand Officier de l\u2019Ordre national du Qu\u00e9bec<\/strong>.<\/li><li>Son \u0153uvre est expos\u00e9e dans de nombreuses collections publiques, notamment au&nbsp;<strong>Mus\u00e9e d\u2019art contemporain de Montr\u00e9al<\/strong>&nbsp;et au&nbsp;<strong>Mus\u00e9e national des beaux-arts du Qu\u00e9bec<\/strong>.<\/li><\/ul>\n\n\n\n<hr class=\"wp-block-separator\"\/>\n\n\n\n<p class=\"wp-block-paragraph\"><\/p>\n","protected":false},"excerpt":{"rendered":"<p>Le collectif Amalgame est compos\u00e9 des Artistes suivant : Pauline Bernatchez, Danielle Boulet, Margot Bujold, Jos\u00e9e Mainguy, Brigitte Michaud, Suzanne Parent, Francine Rivest, Suzanne Royer, Brigitte Vachon Marcelle Ferron est&hellip; <\/p>\n","protected":false},"author":1,"featured_media":0,"comment_status":"open","ping_status":"open","sticky":false,"template":"","format":"standard","meta":{"_exactmetrics_skip_tracking":false,"_exactmetrics_sitenote_active":false,"_exactmetrics_sitenote_note":"","_exactmetrics_sitenote_category":0,"footnotes":""},"categories":[27,18,19],"tags":[34,735,4914,4918,6,66,4912,4916,4913,58,2768,4911,37,4915,4917,40],"class_list":["post-20802","post","type-post","status-publish","format-standard","hentry","category-artistes","category-evenement","category-vernissage","tag-andre-becot","tag-artistes","tag-brigitte-michaud","tag-brigitte-vachon","tag-club-des-collectionneurs-en-arts-visuels-de-quebec","tag-club-des-collectionneurs-en-arts-visuels-de-quebec-studio-becot","tag-danielle-boulet","tag-francine-rivest","tag-josee-mainguy","tag-marc-bellemare-collectionneur","tag-margot-bujold","tag-pauline-bernatchez","tag-studio-becot","tag-suzanne-parent","tag-suzanne-royer","tag-visuals-arts"],"_links":{"self":[{"href":"https:\/\/galeriebecot.com\/index.php?rest_route=\/wp\/v2\/posts\/20802","targetHints":{"allow":["GET"]}}],"collection":[{"href":"https:\/\/galeriebecot.com\/index.php?rest_route=\/wp\/v2\/posts"}],"about":[{"href":"https:\/\/galeriebecot.com\/index.php?rest_route=\/wp\/v2\/types\/post"}],"author":[{"embeddable":true,"href":"https:\/\/galeriebecot.com\/index.php?rest_route=\/wp\/v2\/users\/1"}],"replies":[{"embeddable":true,"href":"https:\/\/galeriebecot.com\/index.php?rest_route=%2Fwp%2Fv2%2Fcomments&post=20802"}],"version-history":[{"count":5,"href":"https:\/\/galeriebecot.com\/index.php?rest_route=\/wp\/v2\/posts\/20802\/revisions"}],"predecessor-version":[{"id":20809,"href":"https:\/\/galeriebecot.com\/index.php?rest_route=\/wp\/v2\/posts\/20802\/revisions\/20809"}],"wp:attachment":[{"href":"https:\/\/galeriebecot.com\/index.php?rest_route=%2Fwp%2Fv2%2Fmedia&parent=20802"}],"wp:term":[{"taxonomy":"category","embeddable":true,"href":"https:\/\/galeriebecot.com\/index.php?rest_route=%2Fwp%2Fv2%2Fcategories&post=20802"},{"taxonomy":"post_tag","embeddable":true,"href":"https:\/\/galeriebecot.com\/index.php?rest_route=%2Fwp%2Fv2%2Ftags&post=20802"}],"curies":[{"name":"wp","href":"https:\/\/api.w.org\/{rel}","templated":true}]}}