{"id":20721,"date":"2025-11-15T10:00:00","date_gmt":"2025-11-15T15:00:00","guid":{"rendered":"https:\/\/www.clubdescollectionneursenartsvisuelsdequebec.com\/?p=20721"},"modified":"2025-12-17T23:44:58","modified_gmt":"2025-12-18T04:44:58","slug":"20721","status":"publish","type":"post","link":"https:\/\/galeriebecot.com\/?p=20721","title":{"rendered":"Installations  artistique _  Po\u00e9sie C\u00e9leste au Caf\u00e9 Krieghoff _  &amp; D\u00e9jeuner des artistes"},"content":{"rendered":"\n<figure class=\"wp-block-image size-full is-resized\"><a href=\"https:\/\/galeriebecot.com\/wp-content\/uploads\/2025\/11\/Dejeuner-des-artistes.jpg\"><img loading=\"lazy\" decoding=\"async\" width=\"864\" height=\"636\" src=\"https:\/\/galeriebecot.com\/wp-content\/uploads\/2025\/11\/Dejeuner-des-artistes.jpg\" alt=\"\" class=\"wp-image-21522\" style=\"width:656px;height:auto\" srcset=\"https:\/\/galeriebecot.com\/wp-content\/uploads\/2025\/11\/Dejeuner-des-artistes.jpg 864w, https:\/\/galeriebecot.com\/wp-content\/uploads\/2025\/11\/Dejeuner-des-artistes-300x221.jpg 300w, https:\/\/galeriebecot.com\/wp-content\/uploads\/2025\/11\/Dejeuner-des-artistes-768x565.jpg 768w\" sizes=\"auto, (max-width: 864px) 100vw, 864px\" \/><\/a><\/figure>\n\n\n\n<figure class=\"wp-block-image size-large is-resized\"><a href=\"https:\/\/galeriebecot.com\/?p=21463\"><img loading=\"lazy\" decoding=\"async\" width=\"1004\" height=\"1024\" src=\"https:\/\/galeriebecot.com\/wp-content\/uploads\/2025\/11\/Vernissage-Clarte-dhiver1-1004x1024.jpg\" alt=\"\" class=\"wp-image-21529\" style=\"width:655px;height:auto\" srcset=\"https:\/\/galeriebecot.com\/wp-content\/uploads\/2025\/11\/Vernissage-Clarte-dhiver1-1004x1024.jpg 1004w, https:\/\/galeriebecot.com\/wp-content\/uploads\/2025\/11\/Vernissage-Clarte-dhiver1-294x300.jpg 294w, https:\/\/galeriebecot.com\/wp-content\/uploads\/2025\/11\/Vernissage-Clarte-dhiver1-768x783.jpg 768w, https:\/\/galeriebecot.com\/wp-content\/uploads\/2025\/11\/Vernissage-Clarte-dhiver1.jpg 1012w\" sizes=\"auto, (max-width: 1004px) 100vw, 1004px\" \/><\/a><figcaption class=\"wp-element-caption\"><strong>Galerie B\u00e9cot<\/strong> _ Vernissage du 7 d\u00e9cembre 2025_ Clart\u00e9 D&rsquo;Hiver _ en formule 5@7<\/figcaption><\/figure>\n\n\n\n<figure class=\"wp-block-image size-large is-resized\"><a href=\"https:\/\/galeriebecot.com\/wp-content\/uploads\/2025\/11\/IMG_0322-1-scaled.jpeg\"><img loading=\"lazy\" decoding=\"async\" width=\"1024\" height=\"637\" src=\"https:\/\/galeriebecot.com\/wp-content\/uploads\/2025\/11\/IMG_0322-1-1024x637.jpeg\" alt=\"\" class=\"wp-image-21560\" style=\"width:656px;height:auto\" srcset=\"https:\/\/galeriebecot.com\/wp-content\/uploads\/2025\/11\/IMG_0322-1-1024x637.jpeg 1024w, https:\/\/galeriebecot.com\/wp-content\/uploads\/2025\/11\/IMG_0322-1-300x187.jpeg 300w, https:\/\/galeriebecot.com\/wp-content\/uploads\/2025\/11\/IMG_0322-1-768x478.jpeg 768w, https:\/\/galeriebecot.com\/wp-content\/uploads\/2025\/11\/IMG_0322-1-1536x955.jpeg 1536w, https:\/\/galeriebecot.com\/wp-content\/uploads\/2025\/11\/IMG_0322-1-2048x1274.jpeg 2048w\" sizes=\"auto, (max-width: 1024px) 100vw, 1024px\" \/><\/a><\/figure>\n\n\n\n<p class=\"wp-block-paragraph\">Don<strong> Darby <\/strong>( Sculpture) Peter <strong>Gnass<\/strong> ( Dessin ) Francine <strong>No\u00ebl <\/strong>( Relief M\u00e9tal )<\/p>\n\n\n\n<figure class=\"wp-block-image size-large is-resized\"><a href=\"https:\/\/galeriebecot.com\/wp-content\/uploads\/2025\/11\/IMG_0320-1-scaled.jpeg\"><img loading=\"lazy\" decoding=\"async\" width=\"1024\" height=\"552\" src=\"https:\/\/galeriebecot.com\/wp-content\/uploads\/2025\/11\/IMG_0320-1-1024x552.jpeg\" alt=\"\" class=\"wp-image-21553\" style=\"width:655px;height:auto\" srcset=\"https:\/\/galeriebecot.com\/wp-content\/uploads\/2025\/11\/IMG_0320-1-1024x552.jpeg 1024w, https:\/\/galeriebecot.com\/wp-content\/uploads\/2025\/11\/IMG_0320-1-300x162.jpeg 300w, https:\/\/galeriebecot.com\/wp-content\/uploads\/2025\/11\/IMG_0320-1-768x414.jpeg 768w, https:\/\/galeriebecot.com\/wp-content\/uploads\/2025\/11\/IMG_0320-1-1536x828.jpeg 1536w, https:\/\/galeriebecot.com\/wp-content\/uploads\/2025\/11\/IMG_0320-1-2048x1104.jpeg 2048w\" sizes=\"auto, (max-width: 1024px) 100vw, 1024px\" \/><\/a><\/figure>\n\n\n\n<p class=\"wp-block-paragraph\">Jean <strong>Gauthier<\/strong> ( techniques mixtes )<\/p>\n\n\n\n<figure class=\"wp-block-image size-large\"><a href=\"https:\/\/www.facebook.com\/reel\/1566117374530149\"><img loading=\"lazy\" decoding=\"async\" width=\"660\" height=\"1024\" src=\"https:\/\/galeriebecot.com\/wp-content\/uploads\/2025\/11\/Radio-Canada-25-Novembre-2025-660x1024.jpg\" alt=\"\" class=\"wp-image-21449\" srcset=\"https:\/\/galeriebecot.com\/wp-content\/uploads\/2025\/11\/Radio-Canada-25-Novembre-2025-660x1024.jpg 660w, https:\/\/galeriebecot.com\/wp-content\/uploads\/2025\/11\/Radio-Canada-25-Novembre-2025-193x300.jpg 193w, https:\/\/galeriebecot.com\/wp-content\/uploads\/2025\/11\/Radio-Canada-25-Novembre-2025-768x1192.jpg 768w, https:\/\/galeriebecot.com\/wp-content\/uploads\/2025\/11\/Radio-Canada-25-Novembre-2025-990x1536.jpg 990w, https:\/\/galeriebecot.com\/wp-content\/uploads\/2025\/11\/Radio-Canada-25-Novembre-2025.jpg 1224w\" sizes=\"auto, (max-width: 660px) 100vw, 660px\" \/><\/a><\/figure>\n\n\n\n<figure class=\"wp-block-image size-full is-resized\"><a href=\"https:\/\/www.facebook.com\/reel\/1566117374530149\"><img loading=\"lazy\" decoding=\"async\" width=\"864\" height=\"588\" src=\"https:\/\/galeriebecot.com\/wp-content\/uploads\/2025\/11\/Becot-25-nov-2025.jpg\" alt=\"\" class=\"wp-image-21456\" style=\"width:396px;height:auto\" srcset=\"https:\/\/galeriebecot.com\/wp-content\/uploads\/2025\/11\/Becot-25-nov-2025.jpg 864w, https:\/\/galeriebecot.com\/wp-content\/uploads\/2025\/11\/Becot-25-nov-2025-300x204.jpg 300w, https:\/\/galeriebecot.com\/wp-content\/uploads\/2025\/11\/Becot-25-nov-2025-768x523.jpg 768w\" sizes=\"auto, (max-width: 864px) 100vw, 864px\" \/><\/a><figcaption class=\"wp-element-caption\"><em>Images<\/em> : Guillaume <strong>Croteau Langevin<\/strong>,<em> Montage<\/em> : R\u00e9gis <strong>Peugnet<\/strong><\/figcaption><\/figure>\n\n\n\n<p class=\"wp-block-paragraph\">Un click sur l&rsquo;image ci-dessus pour voir le reportage de Radio-Canada.<\/p>\n\n\n\n<figure class=\"wp-block-image size-large is-resized\"><a href=\"https:\/\/galeriebecot.com\/?p=5132\"><img loading=\"lazy\" decoding=\"async\" width=\"1024\" height=\"837\" src=\"https:\/\/galeriebecot.com\/wp-content\/uploads\/2025\/11\/2017-1024x837.jpg\" alt=\"\" class=\"wp-image-21476\" style=\"width:405px;height:auto\" srcset=\"https:\/\/galeriebecot.com\/wp-content\/uploads\/2025\/11\/2017-1024x837.jpg 1024w, https:\/\/galeriebecot.com\/wp-content\/uploads\/2025\/11\/2017-300x245.jpg 300w, https:\/\/galeriebecot.com\/wp-content\/uploads\/2025\/11\/2017-768x628.jpg 768w, https:\/\/galeriebecot.com\/wp-content\/uploads\/2025\/11\/2017.jpg 1183w\" sizes=\"auto, (max-width: 1024px) 100vw, 1024px\" \/><\/a><\/figure>\n\n\n\n<p class=\"wp-block-paragraph\">_ <strong>Atelier\u2013Galerie Andr\u00e9 B\u00e9cot <\/strong><\/p>\n\n\n\n<p class=\"wp-block-paragraph\"><strong>Lieu de cr\u00e9ation, d\u2019exposition et de partage artistique<\/strong><\/p>\n\n\n\n<p class=\"wp-block-paragraph\"><strong>Note de presse<\/strong><\/p>\n\n\n\n<p class=\"wp-block-paragraph\"><strong>Pour diffusion imm\u00e9diate<\/strong><\/p>\n\n\n\n<p class=\"wp-block-paragraph\">Depuis 2017, <strong>l\u2019\u0153uvre-installation&nbsp;<em>Biblioth\u00e8que Po\u00e9tique<\/em>,<\/strong> con\u00e7ue par <strong>Andr\u00e9 B\u00e9cot<\/strong>, offre un espace unique de rencontre entre mots, formes et silences. Cette initiative <strong>s\u2019enrichit aujourd\u2019hui d\u2019un nouvel ensemble intitul\u00e9&nbsp;<em>Po\u00e9sie C\u00e9leste<\/em>,<\/strong> qui s\u2019int\u00e8gre de fa\u00e7on harmonieuse \u00e0 l\u2019installation existante. Pr\u00e8s d\u2019une cinquantaine d\u2019artistes de Qu\u00e9bec et d\u2019ailleurs collaborent \u00e0 cet important d\u00e9ploiement artistique.<\/p>\n\n\n\n<p class=\"wp-block-paragraph\">Depuis le 18 juin 2025, <strong>le Caf\u00e9 Krieghoff,<\/strong> situ\u00e9 au 1089, avenue Cartier, pr\u00e9sente <strong>au plafond de sa&nbsp;<em>Biblioth\u00e8que Po\u00e9tique<\/em><\/strong>&nbsp;une installation permanente nomm\u00e9e&nbsp;<strong><em>Po\u00e9sie C\u00e9leste \u2013 Le Tableau des 44 Constellations<\/em><\/strong>. Issue d\u2019une id\u00e9e originale d\u2019<strong>Andr\u00e9 B\u00e9cot<\/strong>, cette \u0153uvre collective rassemble 44 artistes contemporains autour d\u2019un dispositif lumineux \u00e9voquant un mandala astral. Chaque \u0153uvre-po\u00e8me y est con\u00e7ue comme une \u00e9toile, formant un ensemble visuel, po\u00e9tique et symbolique qui s\u2019inscrit d\u00e9sormais au c\u0153ur de l\u2019\u00e9tablissement.<\/p>\n\n\n\n<p class=\"wp-block-paragraph\">La r\u00e9alisation de cette installation in situ a \u00e9t\u00e9 assur\u00e9e par l\u2019Atelier\u2013Galerie Andr\u00e9 <strong>B\u00e9cot<\/strong>, en collaboration avec les ma\u00eetres d\u2019\u0153uvre et artistes Jean <strong>Gauthier<\/strong>, Alain <strong>LeBlond<\/strong> et Denis <strong>Faucher<\/strong>. Cette cr\u00e9ation est offerte gratuitement au public gr\u00e2ce au soutien de <strong>Madame Kathy Rioux<\/strong>, propri\u00e9taire du Caf\u00e9 Krieghoff.<\/p>\n\n\n\n<p class=\"wp-block-paragraph\"><strong>L\u2019\u0153uvre&nbsp;<em>Po\u00e9sie C\u00e9leste \u2013 Le Tableau des 44 Constellations<\/em>&nbsp;a \u00e9t\u00e9 rendue possible gr\u00e2ce \u00e0 la participation des artistes suivants :<\/strong><\/p>\n\n\n\n<p class=\"wp-block-paragraph\"><strong>Auger <\/strong>H\u00e9l\u00e8ne, <strong>B\u00e9cot<\/strong> Andr\u00e9, <strong>B\u00e9rub\u00e9<\/strong> Gilles, <strong>Bernier <\/strong>Yolande, <strong>Bujold<\/strong> Margot, <strong>Casavant<\/strong> Th\u00e9r\u00e8se, <strong>Comeau<\/strong> Pierrette, <strong>Darby<\/strong> Don, <strong>Delisle <\/strong>Robert, <strong>Denis <\/strong>Jacqueline, <strong>Faber<\/strong>, <strong>Fournier<\/strong> Roger, <strong>Gagnon<\/strong> Aristide, <strong>Gagnon<\/strong> Mageline, <strong>Gauthier<\/strong> Jean, <strong>Grondin<\/strong> Sylvie, <strong>Gruais<\/strong> Viviane, <strong>L\u2019Allier<\/strong> Hubert, <strong>Labb\u00e9<\/strong> Jeanne, <strong>Lamothe<\/strong> R\u00e9jeanne, <strong>LeBlond<\/strong> Alain,<strong> Magnan<\/strong> Jacques, <strong>Malouin<\/strong> Lise, <strong>Marsan<\/strong> Lise, <strong>Matte <\/strong>Colette, <strong>McNeil<\/strong> France, <strong>Morissette<\/strong> J\u00e9r\u00f4me,<strong> No\u00ebl<\/strong> Francine, <strong>Oliver<\/strong> Vicky, <strong>Patry <\/strong>Suzette, <strong>Pigeon<\/strong> Michel, <strong>Plante<\/strong> Marie, <strong>PIBO<\/strong>, <strong>Poulin <\/strong>Carol, <strong>Richard<\/strong> Jean Yves, <strong>Richard <\/strong>Gervais, <strong>Saillant<\/strong> Francine, <strong>S\u00e9vigny <\/strong>Gilbert, <strong>Thiboutot<\/strong> Marthe, <strong>Tremblay<\/strong> Kl\u00f6dy, <strong>Tremblay<\/strong> Serge Philippe, <strong>Turgeon<\/strong> Carole, <strong>Vachon<\/strong> Brigitte, <strong>Valli\u00e8res<\/strong> Michel.<\/p>\n\n\n\n\n\n<p class=\"wp-block-paragraph\"><strong>Mission&nbsp;<\/strong><\/p>\n\n\n\n<p class=\"wp-block-paragraph\">La Galerie \/ Atelier B\u00e9cot est un lieu consacr\u00e9 \u00e0 la production et \u00e0 la diffusion des arts visuels. Acteur incontournable du milieu artistique qu\u00e9b\u00e9cois depuis plus de cinquante ans, Andr\u00e9 B\u00e9cot a enseign\u00e9 les arts visuels au C\u00e9gep de Sainte-Foy durant 32 ans, en plus d\u2019avoir \u00e9t\u00e9 professeur \u00e0 la le\u00e7on \u00e0 l\u2019Universit\u00e9 du Qu\u00e9bec \u00e0 Chicoutimi et \u00e0 Trois-Rivi\u00e8res. Parall\u00e8lement \u00e0 son parcours d\u2019enseignant, il participe r\u00e9guli\u00e8rement \u00e0 divers \u00e9v\u00e9nements en tant qu\u2019artiste professionnel.<\/p>\n\n\n\n<p class=\"wp-block-paragraph\">En 1989, il est invit\u00e9 aux premiers Jeux de la Francophonie \u00e0 Rabat, au Maroc, o\u00f9 il remporte la m\u00e9daille d\u2019argent pour une \u0153uvre r\u00e9alis\u00e9e in situ. De 1976 \u00e0 2001, il dirige la Galerie Andr\u00e9 B\u00e9cot, situ\u00e9e sur la rue Saint-Jean \u00e0 Qu\u00e9bec. Il a \u00e9galement si\u00e9g\u00e9 au conseil d\u2019administration du RAAV (2005\u20132009) ainsi qu\u2019au Conseil de la sculpture du Qu\u00e9bec pendant dix ans. Membre actif du Conseil de la culture, il contribue aussi, comme organisateur et programmeur, au Club des collectionneurs en arts visuels de Qu\u00e9bec.<\/p>\n\n\n\n<p class=\"wp-block-paragraph\">Aujourd\u2019hui, les Ateliers B\u00e9cot et la Galerie B\u00e9cot partagent un m\u00eame espace. Cette organisation hybride conf\u00e8re \u00e0 la Galerie une grande libert\u00e9 dans ses engagements culturels et permet \u00e0 des artistes de profiter, de mani\u00e8re ponctuelle, d\u2019un lieu de diffusion.<\/p>\n\n\n\n<p class=\"wp-block-paragraph\">La Galerie B\u00e9cot pr\u00e9sente chaque ann\u00e9e quatre \u00e0 cinq \u00e9v\u00e9nements \u2014 expositions, visionnements de documents visuels, conf\u00e9rences \u2014 et organise des collectifs d\u2019artistes dans d\u2019autres lieux de diffusion, affirmant ainsi son r\u00f4le dynamique au sein du milieu artistique de Qu\u00e9bec.<\/p>\n\n\n\n\n\n<p class=\"wp-block-paragraph\"><strong>Contacts \u2013 Andr\u00e9 B\u00e9cot, artiste en arts visuels<\/strong><br>Site web :&nbsp;www.galeriebecot.com<br>Courriel :&nbsp;<a href=\"mailto:becotatelier@videotron.ca\"><strong><em>becotatelier@videotron.ca<\/em><\/strong><\/a><br>Adresse : 344, rue Sainte-H\u00e9l\u00e8ne, Qu\u00e9bec (QC) G1K 3L _ 418 559-6816<\/p>\n\n\n\n<p class=\"wp-block-paragraph\"><strong>Kathy Rioux<\/strong><\/p>\n\n\n\n<p class=\"wp-block-paragraph\"><a href=\"mailto:info@cafekrieghoff.qc.ca\"><strong><em>info@cafekrieghoff.qc.ca<\/em><\/strong><\/a><\/p>\n\n\n\n<p class=\"wp-block-paragraph\"><strong>R\u00e9jeanne Lamothe<\/strong><\/p>\n\n\n\n<p class=\"wp-block-paragraph\"><a href=\"mailto:Rejeanne.lamothe@me.com\"><strong><em>Rejeanne.lamothe@me.com<\/em><\/strong><\/a><\/p>\n\n\n\n<p class=\"wp-block-paragraph\"><strong>Alain Brodeur<\/strong><\/p>\n\n\n\n<figure class=\"wp-block-image size-large is-resized\"><a href=\"https:\/\/galeriebecot.com\/wp-content\/uploads\/2025\/07\/Claudel-Tables.jpg\"><img loading=\"lazy\" decoding=\"async\" width=\"732\" height=\"1024\" src=\"https:\/\/galeriebecot.com\/wp-content\/uploads\/2025\/07\/Claudel-Tables-732x1024.jpg\" alt=\"\" class=\"wp-image-21443\" style=\"width:788px;height:auto\" srcset=\"https:\/\/galeriebecot.com\/wp-content\/uploads\/2025\/07\/Claudel-Tables-732x1024.jpg 732w, https:\/\/galeriebecot.com\/wp-content\/uploads\/2025\/07\/Claudel-Tables-214x300.jpg 214w, https:\/\/galeriebecot.com\/wp-content\/uploads\/2025\/07\/Claudel-Tables-768x1074.jpg 768w, https:\/\/galeriebecot.com\/wp-content\/uploads\/2025\/07\/Claudel-Tables.jpg 1080w\" sizes=\"auto, (max-width: 732px) 100vw, 732px\" \/><\/a><\/figure>\n\n\n\n<p class=\"wp-block-paragraph\"><strong>Biblioth\u00e8que Po\u00e9tique<\/strong>_<em> Installation permanente _ <\/em><strong>Po\u00e9sie C\u00e9leste<\/strong> &#8211;<strong>Le tableau des 44 Constellations<\/strong>.<\/p>\n\n\n\n<figure class=\"wp-block-image size-large\"><a href=\"https:\/\/www.be-video.info\/copie-de-po\"><img loading=\"lazy\" decoding=\"async\" width=\"792\" height=\"1024\" src=\"https:\/\/www.galeriebecot.com\/wp-content\/uploads\/2025\/07\/Celeste-affiche-400-1-2-792x1024.jpg\" alt=\"\" class=\"wp-image-20892\" srcset=\"https:\/\/galeriebecot.com\/wp-content\/uploads\/2025\/07\/Celeste-affiche-400-1-2-792x1024.jpg 792w, https:\/\/galeriebecot.com\/wp-content\/uploads\/2025\/07\/Celeste-affiche-400-1-2-232x300.jpg 232w, https:\/\/galeriebecot.com\/wp-content\/uploads\/2025\/07\/Celeste-affiche-400-1-2-768x993.jpg 768w, https:\/\/galeriebecot.com\/wp-content\/uploads\/2025\/07\/Celeste-affiche-400-1-2-1188x1536.jpg 1188w, https:\/\/galeriebecot.com\/wp-content\/uploads\/2025\/07\/Celeste-affiche-400-1-2.jpg 1230w\" sizes=\"auto, (max-width: 792px) 100vw, 792px\" \/><\/a><\/figure>\n\n\n\n<figure class=\"wp-block-image size-large\"><a href=\"https:\/\/www.be-video.info\/copie-de-po?pgid=mah39gq6-97b6dc83-472b-4d0b-bc52-4250205732a8\"><img loading=\"lazy\" decoding=\"async\" width=\"1024\" height=\"871\" src=\"https:\/\/www.galeriebecot.com\/wp-content\/uploads\/2025\/07\/Delisles-Robert-1024x871.jpg\" alt=\"\" class=\"wp-image-20886\" srcset=\"https:\/\/galeriebecot.com\/wp-content\/uploads\/2025\/07\/Delisles-Robert-1024x871.jpg 1024w, https:\/\/galeriebecot.com\/wp-content\/uploads\/2025\/07\/Delisles-Robert-300x255.jpg 300w, https:\/\/galeriebecot.com\/wp-content\/uploads\/2025\/07\/Delisles-Robert-768x653.jpg 768w, https:\/\/galeriebecot.com\/wp-content\/uploads\/2025\/07\/Delisles-Robert.jpg 1152w\" sizes=\"auto, (max-width: 1024px) 100vw, 1024px\" \/><\/a><figcaption class=\"wp-element-caption\">Dans le cadre de la <strong>Po\u00e9sie C\u00e9leste<\/strong> <strong>\u00e0 ne pas manquer lors de votre passage au Caf\u00e9 Krieghoff :<\/strong><br>D\u00e9couvrez l\u2019\u0153uvre en trois dimensions de l\u2019artiste&nbsp;<strong>Robert Delisle<\/strong>, suspendue au plafond \u00e0 l\u2019entr\u00e9e de la&nbsp;<strong>Biblioth\u00e8que Po\u00e9tique<\/strong>.<br>Intitul\u00e9e_ &nbsp;<em><strong>Le premier envol<\/strong><\/em> _ cette installation invite \u00e0 la contemplation et \u00e0 la r\u00e9flexion.<br>Pour en savoir plus, cliquez simplement sur l\u2019image ci-dessus.<\/figcaption><\/figure>\n\n\n\n<p class=\"wp-block-paragraph\">\u00ab La m\u00e9moire de mon ciel 2025 \u00bb<\/p>\n\n\n\n<figure class=\"wp-block-image size-large\"><a href=\"https:\/\/www.galeriebecot.com\/wp-content\/uploads\/2025\/07\/Cafe-CielPresentation.jpg\"><img loading=\"lazy\" decoding=\"async\" width=\"1024\" height=\"500\" src=\"https:\/\/www.galeriebecot.com\/wp-content\/uploads\/2025\/07\/Cafe-CielPresentation-1024x500.jpg\" alt=\"\" class=\"wp-image-20872\" srcset=\"https:\/\/galeriebecot.com\/wp-content\/uploads\/2025\/07\/Cafe-CielPresentation-1024x500.jpg 1024w, https:\/\/galeriebecot.com\/wp-content\/uploads\/2025\/07\/Cafe-CielPresentation-300x147.jpg 300w, https:\/\/galeriebecot.com\/wp-content\/uploads\/2025\/07\/Cafe-CielPresentation-768x375.jpg 768w, https:\/\/galeriebecot.com\/wp-content\/uploads\/2025\/07\/Cafe-CielPresentation-1536x750.jpg 1536w, https:\/\/galeriebecot.com\/wp-content\/uploads\/2025\/07\/Cafe-CielPresentation.jpg 1728w\" sizes=\"auto, (max-width: 1024px) 100vw, 1024px\" \/><\/a><\/figure>\n\n\n\n<p class=\"wp-block-paragraph\">\u00ab Pour passer commande, merci de me contacter \u00e0 l&rsquo;adresse suivante : [becotatelier@videotron.ca]. Le prix est de 35,00 $ et le d\u00e9lai de livraison est de 15 jours. \u00bb<\/p>\n\n\n\n<p class=\"wp-block-paragraph\"><em>Publi\u00e9 par : Andr\u00e9 <strong>B\u00e9cot<\/strong> Juin 22, 2025<\/em>.<\/p>\n\n\n\n<p class=\"wp-block-paragraph\"><strong>Une constellation d\u2019art et de jeu illumine le quartier Montcalm<\/strong><\/p>\n\n\n\n<figure class=\"wp-block-image size-large\"><a href=\"https:\/\/www.be-video.info\/copie-de-po\"><img loading=\"lazy\" decoding=\"async\" width=\"725\" height=\"1024\" src=\"https:\/\/www.galeriebecot.com\/wp-content\/uploads\/2025\/07\/Vernissage-18-1-725x1024.jpg\" alt=\"\" class=\"wp-image-20824\" srcset=\"https:\/\/galeriebecot.com\/wp-content\/uploads\/2025\/07\/Vernissage-18-1-725x1024.jpg 725w, https:\/\/galeriebecot.com\/wp-content\/uploads\/2025\/07\/Vernissage-18-1-212x300.jpg 212w, https:\/\/galeriebecot.com\/wp-content\/uploads\/2025\/07\/Vernissage-18-1-768x1085.jpg 768w, https:\/\/galeriebecot.com\/wp-content\/uploads\/2025\/07\/Vernissage-18-1-1088x1536.jpg 1088w, https:\/\/galeriebecot.com\/wp-content\/uploads\/2025\/07\/Vernissage-18-1.jpg 1293w\" sizes=\"auto, (max-width: 725px) 100vw, 725px\" \/><\/a><figcaption class=\"wp-element-caption\"><strong>Biblioth\u00e8que Po\u00e9tique<\/strong>_<em> Installation permanente _ <\/em><strong>Po\u00e9sie C\u00e9leste<\/strong> &#8211;<strong>Le tableau des 44 Constellations<\/strong>.<\/figcaption><\/figure>\n\n\n\n<p class=\"wp-block-paragraph\">Vernissage du mercredi  18 juin 2025 _ 5@7 _ au Caf\u00e9 Krieghoff au 1089 avenue Cartier, Qu\u00e9bec<\/p>\n\n\n\n<figure class=\"wp-block-image size-large is-resized\"><a href=\"https:\/\/www.galeriebecot.com\/wp-content\/uploads\/2025\/07\/Celeste-affiche-400-1.jpg\"><img loading=\"lazy\" decoding=\"async\" width=\"792\" height=\"1024\" src=\"https:\/\/www.galeriebecot.com\/wp-content\/uploads\/2025\/07\/Celeste-affiche-400-1-792x1024.jpg\" alt=\"\" class=\"wp-image-20841\" style=\"width:736px;height:952px\" srcset=\"https:\/\/galeriebecot.com\/wp-content\/uploads\/2025\/07\/Celeste-affiche-400-1-792x1024.jpg 792w, https:\/\/galeriebecot.com\/wp-content\/uploads\/2025\/07\/Celeste-affiche-400-1-232x300.jpg 232w, https:\/\/galeriebecot.com\/wp-content\/uploads\/2025\/07\/Celeste-affiche-400-1-768x993.jpg 768w, https:\/\/galeriebecot.com\/wp-content\/uploads\/2025\/07\/Celeste-affiche-400-1-1188x1536.jpg 1188w, https:\/\/galeriebecot.com\/wp-content\/uploads\/2025\/07\/Celeste-affiche-400-1.jpg 1230w\" sizes=\"auto, (max-width: 792px) 100vw, 792px\" \/><\/a><\/figure>\n\n\n\n<p class=\"wp-block-paragraph\"><strong>(Qu\u00e9bec, quartier Montcalm)<\/strong> \u2014 Cet \u00e9t\u00e9, l\u2019art contemporain sort des cadres traditionnels pour s\u2019inviter dans deux lieux phares de la ville : un caf\u00e9 litt\u00e9raire et un terrain de minigolf transform\u00e9 en galerie \u00e0 ciel ouvert. <strong>Une invitation originale \u00e0 d\u00e9couvrir Montcalm autrement<\/strong>, entre po\u00e9sie suspendue et parcours ludique.<\/p>\n\n\n\n<p class=\"wp-block-paragraph\">Depuis le 18 juin, le <strong>Caf\u00e9 Krieghoff<\/strong>, situ\u00e9 au 1089 avenue Cartier, d\u00e9voile au plafond de sa <strong>Biblioth\u00e8que Po\u00e9tique<\/strong>, une installation permanente baptis\u00e9e <strong>Po\u00e9sie C\u00e9leste \u2013 Le Tableau des 44 Constellations<\/strong>. L\u2019id\u00e9e originale Initi\u00e9  par <strong>Andr\u00e9 B\u00e9cot<\/strong>, cette \u0153uvre collective r\u00e9unit 44 artistes contemporains autour d\u2019un plafond lumineux, v\u00e9ritable mandala astral. Chaque \u0153uvre-po\u00e8me est une \u00e9toile, un fragment de ciel devenu langage, tissant un cercle sacr\u00e9 de sens au c\u0153ur du caf\u00e9. R\u00e9alis\u00e9e par <strong>l\u2019Atelier Galerie Andr\u00e9 B\u00e9cot<\/strong> en \u00e9quipe avec Jean <strong>Gauthier<\/strong>, Alain <strong>LeBlond<\/strong> et Denis  <strong>Faucher<\/strong>, cette <strong><em>installation in situ est accessible gratuitement<\/em><\/strong> \u00e0 tous les visiteurs gr\u00e2ce \u00e0 l\u2019appui de <strong>Madame Kathy Rioux<\/strong>, propri\u00e9taire des lieux.<\/p>\n\n\n\n<p class=\"wp-block-paragraph\">Parmi les oeuvres phares de la <strong>po\u00e9sie C\u00e9leste<\/strong>.<\/p>\n\n\n\n<ul class=\"wp-block-list\">\n<li>Jean <strong>Gauthier<\/strong> , <em>constellation du Royer<\/em>, en hommage \u00e0 Guy. Pour qu&rsquo;il soit toujours pr\u00e9sent parmi nous, lui qui aurait ador\u00e9 participer&#8230; Les constellations du Royer veillent maintenant sur nous tous ces jeudis \u00e0 venir pour que l&rsquo;on ne l&rsquo;oublie jamais d&rsquo;ici le jour o\u00f9 chacun de nous ira le retrouver.<\/li>\n<\/ul>\n\n\n\n<ul class=\"wp-block-list\">\n<li>Alain <strong>LeBlond<\/strong>,<em> un souffle traverse mon esprit<\/em>. Vacuit\u00e9, logos, conscience\u2026 puis l\u2019\u00e9lan, la n\u00e9cessit\u00e9 d\u2019agir. Dans un espace virtuel tridimensionnel, sans rep\u00e8res ni mati\u00e8re, j\u2019improvise. Je sculpte l\u2019invisible. \u00c0 travers une application num\u00e9rique, je con\u00e7ois des formes sans support, des mati\u00e8res n\u00e9or\u00e9alistes, des lumi\u00e8res en suspension. Mon regard s\u2019incarne dans les cam\u00e9ras virtuelles, outils d\u2019une perception sensible et attentive.<\/li>\n<\/ul>\n\n\n\n<ul class=\"wp-block-list\">\n<li>Don <strong>Darby<\/strong>,<strong> <\/strong>a pris part \u00e0 nombreuses expositions et est repr\u00e9sent\u00e9 par la Galerie Lacerte depuis 1993. Ses sculptures participent \u00e0 des <em>collections priv\u00e9es et publiques, notamment celles du Conseil des arts du Canada, de Loto-Qu\u00e9bec et du Mus\u00e9e national des beaux-arts du Qu\u00e9bec.<\/em><\/li>\n<\/ul>\n\n\n\n<p class=\"wp-block-paragraph\">\u00c0 quelques pas de l\u00e0, le <strong>Minigolf Belleville Plaisirs<\/strong> transforme un terrain urbain en friche (ancien site d\u2019une station-service) en un <strong>parcours artistique de 18 trous<\/strong>, ouvert jusqu\u2019au 1er septembre au 115, boulevard Ren\u00e9-L\u00e9vesque Ouest. N\u00e9 d\u2019une premi\u00e8re collaboration entre <strong>Atelier Belleville (Montr\u00e9al)<\/strong> et <strong>EXMURO arts publics (Qu\u00e9bec)<\/strong>, le projet convie <strong>28 artistes qu\u00e9b\u00e9cois<\/strong> \u00e0 repenser le minigolf comme exp\u00e9rience immersive et artistique.<\/p>\n\n\n\n<p class=\"wp-block-paragraph\"><\/p>\n\n\n\n<p class=\"wp-block-paragraph\">Parmi les \u0153uvres phares du parcours du <strong>Minigolf.<\/strong><\/p>\n\n\n\n<ul class=\"wp-block-list\">\n<li><em>Sur le fil du rasoir<\/em> de <strong>Ludovic Boney<\/strong>, oscillant entre ma\u00eetrise et chaos,<\/li>\n\n\n\n<li><em>Abysses<\/em> de <strong>Sabrina Ratt\u00e9<\/strong>, une exploration contemplative dans une architecture utopique,<\/li>\n\n\n\n<li><em>Manger des pissenlits par la racine<\/em> du duo <strong>Cooke-Sasseville<\/strong>, qui m\u00eale humour noir et po\u00e9sie fun\u00e8bre.<\/li>\n<\/ul>\n\n\n\n<p class=\"wp-block-paragraph\">L\u2019id\u00e9e originale revient \u00e0 l\u2019artiste <strong>Dominique P\u00e9trin<\/strong>, qui r\u00eavait d\u2019un jour inviter ses amis artistes \u00e0 cr\u00e9er chacun un trou de golf. Une utopie devenue r\u00e9alit\u00e9 gr\u00e2ce \u00e0 <strong>Jonathan Villeneuve<\/strong> et <strong>Simon Laroche<\/strong>, cofondateurs d\u2019Atelier Belleville. Pour eux, le minigolf est un m\u00e9dium parfait : populaire, accessible, porteur de souvenirs \u2014 et maintenant d\u2019art.<\/p>\n\n\n\n<p class=\"wp-block-paragraph\">\u00ab Int\u00e9grer le jeu \u00e0 une exposition, c\u2019est une mani\u00e8re puissante de d\u00e9mocratiser l\u2019art visuel \u00bb, souligne Jonathan Villeneuve.<\/p>\n\n\n\n<p class=\"wp-block-paragraph\">Le <strong>Minigolf Belleville Plaisirs<\/strong> est ouvert \u00e0 tous, sans r\u00e9servation (formule premier arriv\u00e9, premier servi).<\/p>\n\n\n\n<ul class=\"wp-block-list\">\n<li><strong>Tarif r\u00e9gulier<\/strong> : 12 $<\/li>\n\n\n\n<li><strong>Tarifs r\u00e9duits<\/strong> : \u00e9tudiants, a\u00een\u00e9s et groupes<\/li>\n\n\n\n<li><strong>Gratuit<\/strong> pour les enfants de 5 ans et moins accompagn\u00e9s.<br>Consultez les horaires sur le site officiel d\u2019<strong>EXMURO<\/strong>.<\/li>\n<\/ul>\n\n\n\n<p class=\"wp-block-paragraph\">Depuis 1976, l\u2019<strong>Atelier Galerie Andr\u00e9 B\u00e9cot<\/strong> \u0153uvre \u00e0 la diffusion de l\u2019art contemporain en dehors des circuits institutionnels, notamment \u00e0 travers des projets satellites de la <strong>Manif d\u2019art de Qu\u00e9bec<\/strong> ou lors des <strong>Journ\u00e9es de la culture<\/strong>. Conf\u00e9rences, expositions et interventions publiques ont fait de cette galerie un acteur engag\u00e9 dans la d\u00e9mocratisation de l\u2019art.<\/p>\n\n\n\n<p class=\"wp-block-paragraph\">Entre ciel po\u00e9tique et cr\u00e9ativit\u00e9 ludique, Montcalm vous invite \u00e0 une promenade artistique hors du commun. Venez r\u00eaver, jouer, contempler\u2026 et red\u00e9couvrir l\u2019art dans la ville.<\/p>\n\n\n\n<p class=\"wp-block-paragraph\"><strong>Atelier Galerie Andr\u00e9 B\u00e9cot<\/strong> ,<em>344 rue Sainte-H\u00e9l\u00e8n<\/em>e Qu\u00e9bec G1K 3L7 418. 559-6816<\/p>\n","protected":false},"excerpt":{"rendered":"<p>Don Darby ( Sculpture) Peter Gnass ( Dessin ) Francine No\u00ebl ( Relief M\u00e9tal ) Jean Gauthier ( techniques mixtes ) Un click sur l&rsquo;image ci-dessus pour voir le reportage&hellip; <\/p>\n","protected":false},"author":1,"featured_media":0,"comment_status":"open","ping_status":"open","sticky":false,"template":"","format":"standard","meta":{"_exactmetrics_skip_tracking":false,"_exactmetrics_sitenote_active":false,"_exactmetrics_sitenote_note":"","_exactmetrics_sitenote_category":0,"footnotes":""},"categories":[27,18,336],"tags":[34,735,43,4909,1110,3944,2742,35,1145,1347,4906,4905,4908,4907,4910,37,40],"class_list":["post-20721","post","type-post","status-publish","format-standard","hentry","category-artistes","category-evenement","category-raav","tag-andre-becot","tag-artistes","tag-arts-visuels","tag-atelier-galerie-andre-becot","tag-cafe-krieghoff","tag-cooke-sasseville-2","tag-exmuro","tag-foire-en-arts-actuel","tag-kathy-rioux","tag-ludovic-boney","tag-mara-eagle","tag-minigolf-belleville","tag-poesie-celeste","tag-quartier-montcalm","tag-sabrina-ratte","tag-studio-becot","tag-visuals-arts"],"_links":{"self":[{"href":"https:\/\/galeriebecot.com\/index.php?rest_route=\/wp\/v2\/posts\/20721","targetHints":{"allow":["GET"]}}],"collection":[{"href":"https:\/\/galeriebecot.com\/index.php?rest_route=\/wp\/v2\/posts"}],"about":[{"href":"https:\/\/galeriebecot.com\/index.php?rest_route=\/wp\/v2\/types\/post"}],"author":[{"embeddable":true,"href":"https:\/\/galeriebecot.com\/index.php?rest_route=\/wp\/v2\/users\/1"}],"replies":[{"embeddable":true,"href":"https:\/\/galeriebecot.com\/index.php?rest_route=%2Fwp%2Fv2%2Fcomments&post=20721"}],"version-history":[{"count":97,"href":"https:\/\/galeriebecot.com\/index.php?rest_route=\/wp\/v2\/posts\/20721\/revisions"}],"predecessor-version":[{"id":21567,"href":"https:\/\/galeriebecot.com\/index.php?rest_route=\/wp\/v2\/posts\/20721\/revisions\/21567"}],"wp:attachment":[{"href":"https:\/\/galeriebecot.com\/index.php?rest_route=%2Fwp%2Fv2%2Fmedia&parent=20721"}],"wp:term":[{"taxonomy":"category","embeddable":true,"href":"https:\/\/galeriebecot.com\/index.php?rest_route=%2Fwp%2Fv2%2Fcategories&post=20721"},{"taxonomy":"post_tag","embeddable":true,"href":"https:\/\/galeriebecot.com\/index.php?rest_route=%2Fwp%2Fv2%2Ftags&post=20721"}],"curies":[{"name":"wp","href":"https:\/\/api.w.org\/{rel}","templated":true}]}}